{"id":149518,"date":"2022-06-16T22:02:53","date_gmt":"2022-06-17T01:02:53","guid":{"rendered":"https:\/\/www.hoymercedes.com.ar\/principal\/?p=149518"},"modified":"2022-06-16T22:12:33","modified_gmt":"2022-06-17T01:12:33","slug":"un-detenido-en-varios-allanamientos-por-robo","status":"publish","type":"post","link":"https:\/\/www.hoymercedes.com.ar\/principal\/2022\/06\/16\/un-detenido-en-varios-allanamientos-por-robo\/","title":{"rendered":"Un detenido en varios allanamientos por robo\u00a0"},"content":{"rendered":"\n<p><strong><em>Se ordenaron las detenciones de los tres sujetos que habr\u00edan participado en un hecho de robo ocurrido el pasado 24 de mayo y que tuvo como v\u00edctima a una familia en Suipacha<\/em><\/strong>\u00a0<\/p>\n\n\n\n<p>En la jornada de este mi\u00e9rcoles 15 de junio se llevaron a cabo dos allanamientos en la localidad de Quilmes y en Presidente Derqui, Pilar donde &#8211; finalmente &#8211; se logr\u00f3 la detenci\u00f3n de un sujeto vinculado a la comisi\u00f3n de un robo cometido el pasado 24 de mayo.\u00a0<\/p>\n\n\n\n<p>De acuerdo a lo que se supo, en dicha ocasi\u00f3n, el ahora detenido junto a &#8211; al menos &#8211; otros dos sujetos arribaron a la ciudad de Suipacha en horas de la ma\u00f1ana a bordo de una camioneta marca Ford Ecosport. Se dirigieron a una vivienda ubicada en la localidad de Suipacha y esperaron la llegada de uno de sus moradores para &#8211; mediante el uso de al menos un arma de fuego tipo rev\u00f3lver &#8211; reducirlo y obligarlo a ingresar para llevar a cabo el il\u00edcito. Una vez en el lugar, redujeron a todos los presentes y sustrajeron una importante suma de dinero (en pesos y d\u00f3lares) y algunos elementos de valor. Tras ello, maniataron a las v\u00edctimas y se dieron a la fuga nuevamente a bordo del veh\u00edculo en el que hab\u00edan llegado.&nbsp;<\/p>\n\n\n\n<p>Tras la correspondiente denuncia tom\u00f3 intervenci\u00f3n la Unidad Funcional de Instrucci\u00f3n N.\u00ba 2 del Departamento Judicial Mercedes que dispuso una serie de medidas tendientes a dar con la identidad de estos sujetos. As\u00ed, mediante la obtenci\u00f3n de im\u00e1genes de vigilancia p\u00fablicas y privadas de la ciudad, posicionamientos de antenas telef\u00f3nicas y tareas de inteligencia varias a cargo de agentes policiales de la localidad, se lograron determinar las identidades de quienes se entiende fueron los tres sujetos que participaron en este hecho delictivo. Adem\u00e1s, se pudo establecer que el rodado era lo que com\u00fanmente se denomina \u201cmellizo\u201d que fue el que hab\u00edan utilizado para evitar a las autoridades a sabiendas de que podr\u00eda llegar a ser reconocido en alguna c\u00e1mara de vigilancia. En tanto, la patente utilizada era robada y el veh\u00edculo ten\u00eda pedido de secuestro activo por robo.&nbsp;<\/p>\n\n\n\n<p>Una vez reunidos una serie de elementos probatorios y luego de un trabajo judicial llevado a cabo a partir de las bases otorgadas por las c\u00e1maras de seguridad de la ciudad, la Fiscal\u00eda solicit\u00f3 por ante el Juzgado de Garant\u00edas N\u00b01 la orden de detenci\u00f3n de los tres sujetos y el allanamiento en dos domicilios de la localidad de Pilar y Quilmes. La misma fue otorgada y ejecutada este mi\u00e9rcoles en horas de la madrugada con la colaboraci\u00f3n de personal de la Sud DDI Delegaci\u00f3n Chivilcoy y de Comisar\u00eda de Suipacha.&nbsp;<\/p>\n\n\n\n<p>En ese marco, en el domicilio en la localidad de Derqui se logr\u00f3 la detenci\u00f3n de uno de los integrantes de la banda que cometi\u00f3 el il\u00edcito y en el lugar se logr\u00f3 secuestrar la camioneta utilizada (la cual en el hecho \u00e9l habr\u00eda conducido), dinero en efectivo (en pesos y d\u00f3lares), tel\u00e9fonos celulares y prendas acordes a las descripciones dadas por las v\u00edctimas. El resto de los integrantes, pese a las \u00f3rdenes emitidas, a\u00fan no fueron localizados, aunque se trabaja arduamente en dar con su paradero para efectivizar sus detenciones.&nbsp;<\/p>\n\n\n\n<p>El imputado (un hombre de 34 a\u00f1os, oriundo de Paraguay, con domicilio en Pilar) compareci\u00f3 ante el agente fiscal en el marco de la audiencia de declaraci\u00f3n en los t\u00e9rminos del art. 308 del C\u00f3digo Procesal Penal en la jornada de este jueves 16 del corriente. Fue por el delito de \u201cRobo calificado por el uso de arma de fuego cuya aptitud para el disparo no ha podido ser acreditada y por su comisi\u00f3n en lugar poblado y en banda atribuible al imputado\u201d\u00a0 y \u201cEncubrimiento simple, encubrimiento de la supresi\u00f3n de la numeraci\u00f3n de un objeto registrable, encubrimiento agravado por el \u00e1nimo de lucro y uso de documento p\u00fablico falso\u201d e hizo uso de su derecho de negarse a declarar.\u00a0<\/p>\n\n\n\n<p>Fuente: Ministerio P\u00fablico Fiscal &#8211; Depto. Judicial Mercedes<\/p>\n","protected":false},"excerpt":{"rendered":"<p>Se ordenaron las detenciones de los tres sujetos que habr\u00edan participado en un hecho de robo ocurrido el pasado 24 &#8230; <a title=\"Un detenido en varios allanamientos por robo\u00a0\" class=\"read-more\" href=\"https:\/\/www.hoymercedes.com.ar\/principal\/2022\/06\/16\/un-detenido-en-varios-allanamientos-por-robo\/\" aria-label=\"Leer m\u00e1s sobre Un detenido en varios allanamientos por robo\u00a0\">Leer m\u00e1s<\/a><\/p>\n","protected":false},"author":1,"featured_media":99825,"comment_status":"closed","ping_status":"open","sticky":false,"template":"","format":"standard","meta":{"_monsterinsights_skip_tracking":false,"_monsterinsights_sitenote_active":false,"_monsterinsights_sitenote_note":"","_monsterinsights_sitenote_category":0,"jetpack_post_was_ever_published":false,"_jetpack_newsletter_access":"","_jetpack_dont_email_post_to_subs":false,"_jetpack_newsletter_tier_id":0,"_jetpack_memberships_contains_paywalled_content":false,"_jetpack_memberships_contains_paid_content":false,"footnotes":"","jetpack_publicize_message":"","jetpack_publicize_feature_enabled":true,"jetpack_social_post_already_shared":true,"jetpack_social_options":{"image_generator_settings":{"template":"highway","default_image_id":0,"font":"","enabled":false},"version":2},"_wpas_customize_per_network":false},"categories":[85],"tags":[],"class_list":["post-149518","post","type-post","status-publish","format-standard","has-post-thumbnail","hentry","category-policial","generate-columns","tablet-grid-50","mobile-grid-100","grid-parent","grid-50"],"jetpack_publicize_connections":[],"jetpack_featured_media_url":"https:\/\/www.hoymercedes.com.ar\/principal\/wp-content\/uploads\/2019\/09\/14-policial-lujan.jpg","wps_subtitle":"En Suipacha","jetpack_sharing_enabled":true,"_links":{"self":[{"href":"https:\/\/www.hoymercedes.com.ar\/principal\/wp-json\/wp\/v2\/posts\/149518","targetHints":{"allow":["GET"]}}],"collection":[{"href":"https:\/\/www.hoymercedes.com.ar\/principal\/wp-json\/wp\/v2\/posts"}],"about":[{"href":"https:\/\/www.hoymercedes.com.ar\/principal\/wp-json\/wp\/v2\/types\/post"}],"author":[{"embeddable":true,"href":"https:\/\/www.hoymercedes.com.ar\/principal\/wp-json\/wp\/v2\/users\/1"}],"replies":[{"embeddable":true,"href":"https:\/\/www.hoymercedes.com.ar\/principal\/wp-json\/wp\/v2\/comments?post=149518"}],"version-history":[{"count":0,"href":"https:\/\/www.hoymercedes.com.ar\/principal\/wp-json\/wp\/v2\/posts\/149518\/revisions"}],"wp:featuredmedia":[{"embeddable":true,"href":"https:\/\/www.hoymercedes.com.ar\/principal\/wp-json\/wp\/v2\/media\/99825"}],"wp:attachment":[{"href":"https:\/\/www.hoymercedes.com.ar\/principal\/wp-json\/wp\/v2\/media?parent=149518"}],"wp:term":[{"taxonomy":"category","embeddable":true,"href":"https:\/\/www.hoymercedes.com.ar\/principal\/wp-json\/wp\/v2\/categories?post=149518"},{"taxonomy":"post_tag","embeddable":true,"href":"https:\/\/www.hoymercedes.com.ar\/principal\/wp-json\/wp\/v2\/tags?post=149518"}],"curies":[{"name":"wp","href":"https:\/\/api.w.org\/{rel}","templated":true}]}}