{"id":149559,"date":"2022-06-18T13:52:00","date_gmt":"2022-06-18T16:52:00","guid":{"rendered":"https:\/\/www.hoymercedes.com.ar\/principal\/?p=149559"},"modified":"2022-06-18T10:59:55","modified_gmt":"2022-06-18T13:59:55","slug":"invitan-a-jornada-de-capacitacion-queremos-jugar-libres","status":"publish","type":"post","link":"https:\/\/www.hoymercedes.com.ar\/principal\/2022\/06\/18\/invitan-a-jornada-de-capacitacion-queremos-jugar-libres\/","title":{"rendered":"Invitan a jornada de capacitaci\u00f3n \u201cQueremos Jugar Libres\u201d \u00a0"},"content":{"rendered":"\n<p>Desde la Direcci\u00f3n de Pol\u00edticas de G\u00e9neros y Diversidades invitan a los interesados a sumarse a una jornada de capacitaci\u00f3n denominada \u201cQueremos Jugar Libres\u201d. Ser\u00e1 de formaci\u00f3n, informaci\u00f3n, reflexi\u00f3n y debate. \u00a0<\/p>\n\n\n\n<p>La jornada est\u00e1 vinculada al deporte y por lo tanto, se extiende la invitaci\u00f3n a clubes sociales y deportivos, instituciones educativas y al p\u00fablico general que quiera conocer m\u00e1s sobre el tema. <\/p>\n\n\n\n<p>Es una \u201ciniciativa fundamental para pensar entre todos y toda una sociedad mejor\u201d destacaron desde el \u00e1rea a cargo de Guadalupe Gonzalez. \u00a0<\/p>\n\n\n\n<p>El encuentro ser\u00e1 el pr\u00f3ximo viernes 24 de junio a las 18 hs. en el espacio cultural La Trocha. \u00a0<\/p>\n\n\n<div class=\"wp-block-image\">\n<figure class=\"aligncenter size-full\"><img loading=\"lazy\" decoding=\"async\" width=\"800\" height=\"800\" data-attachment-id=\"149560\" data-permalink=\"https:\/\/www.hoymercedes.com.ar\/principal\/2022\/06\/18\/invitan-a-jornada-de-capacitacion-queremos-jugar-libres\/capacitacion\/#main\" data-orig-file=\"https:\/\/www.hoymercedes.com.ar\/principal\/wp-content\/uploads\/2022\/06\/Capacitacion.jpg\" data-orig-size=\"800,800\" data-comments-opened=\"0\" data-image-meta=\"{&quot;aperture&quot;:&quot;0&quot;,&quot;credit&quot;:&quot;&quot;,&quot;camera&quot;:&quot;&quot;,&quot;caption&quot;:&quot;&quot;,&quot;created_timestamp&quot;:&quot;0&quot;,&quot;copyright&quot;:&quot;&quot;,&quot;focal_length&quot;:&quot;0&quot;,&quot;iso&quot;:&quot;0&quot;,&quot;shutter_speed&quot;:&quot;0&quot;,&quot;title&quot;:&quot;&quot;,&quot;orientation&quot;:&quot;0&quot;}\" data-image-title=\"Capacitacion\" data-image-description=\"\" data-image-caption=\"\" data-large-file=\"https:\/\/www.hoymercedes.com.ar\/principal\/wp-content\/uploads\/2022\/06\/Capacitacion.jpg\" src=\"https:\/\/www.hoymercedes.com.ar\/principal\/wp-content\/uploads\/2022\/06\/Capacitacion.jpg\" alt=\"\" class=\"wp-image-149560\" srcset=\"https:\/\/www.hoymercedes.com.ar\/principal\/wp-content\/uploads\/2022\/06\/Capacitacion.jpg 800w, https:\/\/www.hoymercedes.com.ar\/principal\/wp-content\/uploads\/2022\/06\/Capacitacion-620x620.jpg 620w, https:\/\/www.hoymercedes.com.ar\/principal\/wp-content\/uploads\/2022\/06\/Capacitacion-150x150.jpg 150w\" sizes=\"auto, (max-width: 800px) 100vw, 800px\" \/><\/figure>\n<\/div>","protected":false},"excerpt":{"rendered":"<p>Desde la Direcci\u00f3n de Pol\u00edticas de G\u00e9neros y Diversidades invitan a los interesados a sumarse a una jornada de capacitaci\u00f3n &#8230; <a title=\"Invitan a jornada de capacitaci\u00f3n \u201cQueremos Jugar Libres\u201d \u00a0\" class=\"read-more\" href=\"https:\/\/www.hoymercedes.com.ar\/principal\/2022\/06\/18\/invitan-a-jornada-de-capacitacion-queremos-jugar-libres\/\" aria-label=\"Leer m\u00e1s sobre Invitan a jornada de capacitaci\u00f3n \u201cQueremos Jugar Libres\u201d \u00a0\">Leer m\u00e1s<\/a><\/p>\n","protected":false},"author":1,"featured_media":149560,"comment_status":"closed","ping_status":"open","sticky":false,"template":"","format":"standard","meta":{"_monsterinsights_skip_tracking":false,"_monsterinsights_sitenote_active":false,"_monsterinsights_sitenote_note":"","_monsterinsights_sitenote_category":0,"jetpack_post_was_ever_published":false,"_jetpack_newsletter_access":"","_jetpack_dont_email_post_to_subs":false,"_jetpack_newsletter_tier_id":0,"_jetpack_memberships_contains_paywalled_content":false,"_jetpack_memberships_contains_paid_content":false,"footnotes":"","jetpack_publicize_message":"","jetpack_publicize_feature_enabled":true,"jetpack_social_post_already_shared":true,"jetpack_social_options":{"image_generator_settings":{"template":"highway","default_image_id":0,"font":"","enabled":false},"version":2},"_wpas_customize_per_network":false},"categories":[30],"tags":[244],"class_list":["post-149559","post","type-post","status-publish","format-standard","has-post-thumbnail","hentry","category-municipio","tag-municipio-2","generate-columns","tablet-grid-50","mobile-grid-100","grid-parent","grid-50"],"jetpack_publicize_connections":[],"jetpack_featured_media_url":"https:\/\/www.hoymercedes.com.ar\/principal\/wp-content\/uploads\/2022\/06\/Capacitacion.jpg","wps_subtitle":"","jetpack_sharing_enabled":true,"_links":{"self":[{"href":"https:\/\/www.hoymercedes.com.ar\/principal\/wp-json\/wp\/v2\/posts\/149559","targetHints":{"allow":["GET"]}}],"collection":[{"href":"https:\/\/www.hoymercedes.com.ar\/principal\/wp-json\/wp\/v2\/posts"}],"about":[{"href":"https:\/\/www.hoymercedes.com.ar\/principal\/wp-json\/wp\/v2\/types\/post"}],"author":[{"embeddable":true,"href":"https:\/\/www.hoymercedes.com.ar\/principal\/wp-json\/wp\/v2\/users\/1"}],"replies":[{"embeddable":true,"href":"https:\/\/www.hoymercedes.com.ar\/principal\/wp-json\/wp\/v2\/comments?post=149559"}],"version-history":[{"count":0,"href":"https:\/\/www.hoymercedes.com.ar\/principal\/wp-json\/wp\/v2\/posts\/149559\/revisions"}],"wp:featuredmedia":[{"embeddable":true,"href":"https:\/\/www.hoymercedes.com.ar\/principal\/wp-json\/wp\/v2\/media\/149560"}],"wp:attachment":[{"href":"https:\/\/www.hoymercedes.com.ar\/principal\/wp-json\/wp\/v2\/media?parent=149559"}],"wp:term":[{"taxonomy":"category","embeddable":true,"href":"https:\/\/www.hoymercedes.com.ar\/principal\/wp-json\/wp\/v2\/categories?post=149559"},{"taxonomy":"post_tag","embeddable":true,"href":"https:\/\/www.hoymercedes.com.ar\/principal\/wp-json\/wp\/v2\/tags?post=149559"}],"curies":[{"name":"wp","href":"https:\/\/api.w.org\/{rel}","templated":true}]}}