{"id":149606,"date":"2022-06-20T10:52:00","date_gmt":"2022-06-20T13:52:00","guid":{"rendered":"https:\/\/www.hoymercedes.com.ar\/principal\/?p=149606"},"modified":"2022-06-20T10:44:51","modified_gmt":"2022-06-20T13:44:51","slug":"haran-analisis-de-triquinosis-gratuitos","status":"publish","type":"post","link":"https:\/\/www.hoymercedes.com.ar\/principal\/2022\/06\/20\/haran-analisis-de-triquinosis-gratuitos\/","title":{"rendered":"Har\u00e1n an\u00e1lisis de triquinosis gratuitos"},"content":{"rendered":"\n<p>Desde la Secretar\u00eda de Salud del Municipio de Mercedes anunciaron que realizar\u00e1n junto a  la instituci\u00f3n educativa CEPT N\u00ba 4 trabajos conjuntos que permitir\u00e1n formar a los alumnos, as\u00ed como concretar estudios espec\u00edficos del \u00e1rea municipal. Es decir, que los alumnos, har\u00e1n los an\u00e1lisis de triquinosis a los chacinados de los productores de la zona de influencia del Centro Educativo de Alternancia.  <\/p>\n\n\n<div class=\"wp-block-image\">\n<figure class=\"aligncenter size-full\"><img loading=\"lazy\" decoding=\"async\" width=\"922\" height=\"615\" data-attachment-id=\"149607\" data-permalink=\"https:\/\/www.hoymercedes.com.ar\/principal\/2022\/06\/20\/haran-analisis-de-triquinosis-gratuitos\/dsc08198\/#main\" data-orig-file=\"https:\/\/www.hoymercedes.com.ar\/principal\/wp-content\/uploads\/2022\/06\/DSC08198.jpg\" data-orig-size=\"922,615\" data-comments-opened=\"0\" data-image-meta=\"{&quot;aperture&quot;:&quot;0&quot;,&quot;credit&quot;:&quot;&quot;,&quot;camera&quot;:&quot;&quot;,&quot;caption&quot;:&quot;&quot;,&quot;created_timestamp&quot;:&quot;0&quot;,&quot;copyright&quot;:&quot;&quot;,&quot;focal_length&quot;:&quot;0&quot;,&quot;iso&quot;:&quot;0&quot;,&quot;shutter_speed&quot;:&quot;0&quot;,&quot;title&quot;:&quot;&quot;,&quot;orientation&quot;:&quot;0&quot;}\" data-image-title=\"DSC08198\" data-image-description=\"\" data-image-caption=\"\" data-large-file=\"https:\/\/www.hoymercedes.com.ar\/principal\/wp-content\/uploads\/2022\/06\/DSC08198.jpg\" src=\"https:\/\/www.hoymercedes.com.ar\/principal\/wp-content\/uploads\/2022\/06\/DSC08198.jpg\" alt=\"\" class=\"wp-image-149607\" srcset=\"https:\/\/www.hoymercedes.com.ar\/principal\/wp-content\/uploads\/2022\/06\/DSC08198.jpg 922w, https:\/\/www.hoymercedes.com.ar\/principal\/wp-content\/uploads\/2022\/06\/DSC08198-630x420.jpg 630w, https:\/\/www.hoymercedes.com.ar\/principal\/wp-content\/uploads\/2022\/06\/DSC08198-150x100.jpg 150w\" sizes=\"auto, (max-width: 922px) 100vw, 922px\" \/><\/figure>\n<\/div>\n\n\n<p>Una de las profesoras del CEPT explic\u00f3 que los alumnos est\u00e1n, desde hace un tiempo, con un proyecto llamado \u201cAtriqui la Triqui\u201d- Un proyecto que incluy\u00f3 un convenio con el Municipio para su implementaci\u00f3n. \u00abEste proyecto pretende brindar un servicio a todos los productores de chacinados de nuestra comunidad, y por otro lado, permite con nuestros estudiantes del ciclo superior trabajar con competencias y habilidades propias del perfil en T\u00e9cnico Agropecuario, desarrollando las t\u00e9cnicas de laboratorio para realizar los an\u00e1lisis de digesti\u00f3n artificial\u201d, explica la docente.<\/p>\n\n\n\n<p>Asimismo, explicaron que las muestras de los porcinos las recibir\u00e1n la instituci\u00f3n educativa y ser\u00e1n los estudiantes los que realicen los an\u00e1lisis con l\u00bbla t\u00e9cnica de digesti\u00f3n artificial de la triquinosis\u201d. Es as\u00ed que invitaron a los productores cercanos al CEPT N\u00b0 4 que lleven las muestras los d\u00edas viernes de 8 a 10. \u00abHay que llevar una muestra de entra\u00f1a de aproximadamente 200 gramos, donde se procesan y tomamos una parte representativa de la muestra para realizar la t\u00e9cnica de digesti\u00f3n artificial para evaluar si hay triquinosis o no en el cerdo. Es importante que la muestra est\u00e9 refrigerada y no frizada, la misma la pueden tomar mi\u00e9rcoles o jueves y la traen refrigerada el viernes\u201d, explicaron desde el \u00e1rea de zoonosis del Municipio.\u00a0\u00a0\u00a0\u00a0\u00a0\u00a0\u00a0<\/p>\n\n\n\n<p>\u201cEs muy importante que despu\u00e9s de la faena de cada animal hagan el an\u00e1lisis de triquinosis antes de la elaboraci\u00f3n de los chacinados. El an\u00e1lisis y resultado se tiene en el d\u00eda, as\u00ed pueden seguir con el facturado y elaboraci\u00f3n de los chacinados durante el fin de semana o cuando se disponga\u201d agregaron desde la Veterinaria Municipal que funciona en la Secretar\u00eda de Salud. <\/p>\n\n\n\n<p><\/p>\n","protected":false},"excerpt":{"rendered":"<p>Desde la Secretar\u00eda de Salud del Municipio de Mercedes anunciaron que realizar\u00e1n junto a la instituci\u00f3n educativa CEPT N\u00ba 4 &#8230; <a title=\"Har\u00e1n an\u00e1lisis de triquinosis gratuitos\" class=\"read-more\" href=\"https:\/\/www.hoymercedes.com.ar\/principal\/2022\/06\/20\/haran-analisis-de-triquinosis-gratuitos\/\" aria-label=\"Leer m\u00e1s sobre Har\u00e1n an\u00e1lisis de triquinosis gratuitos\">Leer m\u00e1s<\/a><\/p>\n","protected":false},"author":1,"featured_media":149607,"comment_status":"closed","ping_status":"open","sticky":false,"template":"","format":"standard","meta":{"_monsterinsights_skip_tracking":false,"_monsterinsights_sitenote_active":false,"_monsterinsights_sitenote_note":"","_monsterinsights_sitenote_category":0,"jetpack_post_was_ever_published":false,"_jetpack_newsletter_access":"","_jetpack_dont_email_post_to_subs":false,"_jetpack_newsletter_tier_id":0,"_jetpack_memberships_contains_paywalled_content":false,"_jetpack_memberships_contains_paid_content":false,"footnotes":"","jetpack_publicize_message":"","jetpack_publicize_feature_enabled":true,"jetpack_social_post_already_shared":true,"jetpack_social_options":{"image_generator_settings":{"template":"highway","default_image_id":0,"font":"","enabled":false},"version":2},"_wpas_customize_per_network":false},"categories":[30],"tags":[244],"class_list":["post-149606","post","type-post","status-publish","format-standard","has-post-thumbnail","hentry","category-municipio","tag-municipio-2","generate-columns","tablet-grid-50","mobile-grid-100","grid-parent","grid-50"],"jetpack_publicize_connections":[],"jetpack_featured_media_url":"https:\/\/www.hoymercedes.com.ar\/principal\/wp-content\/uploads\/2022\/06\/DSC08198.jpg","wps_subtitle":"","jetpack_sharing_enabled":true,"_links":{"self":[{"href":"https:\/\/www.hoymercedes.com.ar\/principal\/wp-json\/wp\/v2\/posts\/149606","targetHints":{"allow":["GET"]}}],"collection":[{"href":"https:\/\/www.hoymercedes.com.ar\/principal\/wp-json\/wp\/v2\/posts"}],"about":[{"href":"https:\/\/www.hoymercedes.com.ar\/principal\/wp-json\/wp\/v2\/types\/post"}],"author":[{"embeddable":true,"href":"https:\/\/www.hoymercedes.com.ar\/principal\/wp-json\/wp\/v2\/users\/1"}],"replies":[{"embeddable":true,"href":"https:\/\/www.hoymercedes.com.ar\/principal\/wp-json\/wp\/v2\/comments?post=149606"}],"version-history":[{"count":0,"href":"https:\/\/www.hoymercedes.com.ar\/principal\/wp-json\/wp\/v2\/posts\/149606\/revisions"}],"wp:featuredmedia":[{"embeddable":true,"href":"https:\/\/www.hoymercedes.com.ar\/principal\/wp-json\/wp\/v2\/media\/149607"}],"wp:attachment":[{"href":"https:\/\/www.hoymercedes.com.ar\/principal\/wp-json\/wp\/v2\/media?parent=149606"}],"wp:term":[{"taxonomy":"category","embeddable":true,"href":"https:\/\/www.hoymercedes.com.ar\/principal\/wp-json\/wp\/v2\/categories?post=149606"},{"taxonomy":"post_tag","embeddable":true,"href":"https:\/\/www.hoymercedes.com.ar\/principal\/wp-json\/wp\/v2\/tags?post=149606"}],"curies":[{"name":"wp","href":"https:\/\/api.w.org\/{rel}","templated":true}]}}