{"id":149612,"date":"2022-06-20T11:59:00","date_gmt":"2022-06-20T14:59:00","guid":{"rendered":"https:\/\/www.hoymercedes.com.ar\/principal\/?p=149612"},"modified":"2022-06-25T23:48:29","modified_gmt":"2022-06-26T02:48:29","slug":"jurado-del-salon-de-pintura-eligio-entre-136-obras-presentadas","status":"publish","type":"post","link":"https:\/\/www.hoymercedes.com.ar\/principal\/2022\/06\/20\/jurado-del-salon-de-pintura-eligio-entre-136-obras-presentadas\/","title":{"rendered":"Jurado del Sal\u00f3n de Pintura eligi\u00f3 entre 136 obras presentadas"},"content":{"rendered":"\n<p>El viernes pasado, el jurado del Sal\u00f3n de Pintura Ciudad de Mercedes que integran Marcela Cueto, Jonatan Gonzalo Eric Lubo y Vladimir Merchensky, tuvo la dificil tarea de seleccionar las obras que integrar\u00e1n el sal\u00f3n a inaugurarse el pr\u00f3ximo viernes 24 y a su vez, determinar los premios de la muestra de pintura. <\/p>\n\n\n<div class=\"wp-block-image\">\n<figure class=\"aligncenter size-full\"><img loading=\"lazy\" decoding=\"async\" width=\"800\" height=\"534\" data-attachment-id=\"149613\" data-permalink=\"https:\/\/www.hoymercedes.com.ar\/principal\/2022\/06\/20\/jurado-del-salon-de-pintura-eligio-entre-136-obras-presentadas\/dsc06028\/#main\" data-orig-file=\"https:\/\/www.hoymercedes.com.ar\/principal\/wp-content\/uploads\/2022\/06\/DSC06028.jpg\" data-orig-size=\"800,534\" data-comments-opened=\"0\" data-image-meta=\"{&quot;aperture&quot;:&quot;0&quot;,&quot;credit&quot;:&quot;&quot;,&quot;camera&quot;:&quot;&quot;,&quot;caption&quot;:&quot;&quot;,&quot;created_timestamp&quot;:&quot;1655723216&quot;,&quot;copyright&quot;:&quot;&quot;,&quot;focal_length&quot;:&quot;0&quot;,&quot;iso&quot;:&quot;0&quot;,&quot;shutter_speed&quot;:&quot;0&quot;,&quot;title&quot;:&quot;&quot;,&quot;orientation&quot;:&quot;1&quot;}\" data-image-title=\"DSC06028\" data-image-description=\"\" data-image-caption=\"\" data-large-file=\"https:\/\/www.hoymercedes.com.ar\/principal\/wp-content\/uploads\/2022\/06\/DSC06028.jpg\" src=\"https:\/\/www.hoymercedes.com.ar\/principal\/wp-content\/uploads\/2022\/06\/DSC06028.jpg\" alt=\"\" class=\"wp-image-149613\" srcset=\"https:\/\/www.hoymercedes.com.ar\/principal\/wp-content\/uploads\/2022\/06\/DSC06028.jpg 800w, https:\/\/www.hoymercedes.com.ar\/principal\/wp-content\/uploads\/2022\/06\/DSC06028-630x421.jpg 630w, https:\/\/www.hoymercedes.com.ar\/principal\/wp-content\/uploads\/2022\/06\/DSC06028-150x100.jpg 150w\" sizes=\"auto, (max-width: 800px) 100vw, 800px\" \/><\/figure>\n<\/div>\n\n\n<p>Fueron 136 obras las recibidas, y a lo largo de la semana se comunicar\u00e1n con los artistas que fueron seleccionados para integrar el Sal\u00f3n. En tanto, los premiados se conocer\u00e1n el mismo d\u00eda de la inauguraci\u00f3n donde se entregar\u00e1n los premios correspondientes. <\/p>\n\n\n\n<p>El jurado est\u00e1 compuesto por:<\/p>\n\n\n\n<p>Marcela Cueto, Profesora Superior en Artes Visuales con Especializaci\u00f3n en Pintura, egresada de la Escuela de Arte de Luj\u00e1n. Desarrolla \u00a0paralelamente la actividad docente y la de Artista Pl\u00e1stica en la zona Oeste de la Provincia de Buenos Aires. Ganadora de Premio Local de XVI Sal\u00f3n Provincial Anual de Pintura \u201cCiudad de Mercedes\u201d<\/p>\n\n\n\n<p>Jonatan Gonzalo Eric Lubo, nacido en Quilmes y radicado en Luj\u00e1n.\u00a0\u00a0Es profesor de Artes Visuales con especialidad en Pintura y en Grabado, egresado de la Escuela de Arte Jos\u00e9 \u201cPipo\u201d Ferrari de la ciudad de Luj\u00e1n (BA). Curs\u00f3 la carrera de posgrado Especializaci\u00f3n en Lenguajes Art\u00edsticos con orientaci\u00f3n en Lenguaje Visual en la Facultad de Bellas Artes de la Universidad Nacional de La Plata y actualmente es maestrando en Est\u00e9ticas Contempor\u00e1neas Latinoamericanas de la Universidad Nacional de Avellaneda; <\/p>\n\n\n\n<p>Vladimir Merchensky, nacido en Venezuela, criado en Brasil y en la Patagonia Argentina, pinta acuarelas desde su infancia. En 1995 se muda a Buenos Aires donde estudia dise\u00f1o gr\u00e1fico en UBA y ORT, y arte en la tradicional Escuela Pueyrred\u00f3n y el IUNA siendo becado en el taller del maestro Carlos Gorriarena. Es ayudante de dibujo y morfolog\u00eda en las c\u00e1tedras Savanti y Rodr\u00edguez Carrera de la UBA, y en Sistemas de Representaci\u00f3n de la c\u00e1tedra \u00a0Echeverr\u00eda en IUNA. Es educador y exponente de la acuarela contempor\u00e1nea de Buenos Aires \u00a0<\/p>\n\n\n<div class=\"wp-block-image\">\n<figure class=\"aligncenter size-full\"><img loading=\"lazy\" decoding=\"async\" width=\"800\" height=\"534\" data-attachment-id=\"149614\" data-permalink=\"https:\/\/www.hoymercedes.com.ar\/principal\/2022\/06\/20\/jurado-del-salon-de-pintura-eligio-entre-136-obras-presentadas\/dsc05976\/#main\" data-orig-file=\"https:\/\/www.hoymercedes.com.ar\/principal\/wp-content\/uploads\/2022\/06\/DSC05976.jpg\" data-orig-size=\"800,534\" data-comments-opened=\"0\" data-image-meta=\"{&quot;aperture&quot;:&quot;0&quot;,&quot;credit&quot;:&quot;&quot;,&quot;camera&quot;:&quot;&quot;,&quot;caption&quot;:&quot;&quot;,&quot;created_timestamp&quot;:&quot;1655723204&quot;,&quot;copyright&quot;:&quot;&quot;,&quot;focal_length&quot;:&quot;0&quot;,&quot;iso&quot;:&quot;0&quot;,&quot;shutter_speed&quot;:&quot;0&quot;,&quot;title&quot;:&quot;&quot;,&quot;orientation&quot;:&quot;1&quot;}\" data-image-title=\"DSC05976\" data-image-description=\"\" data-image-caption=\"\" data-large-file=\"https:\/\/www.hoymercedes.com.ar\/principal\/wp-content\/uploads\/2022\/06\/DSC05976.jpg\" src=\"https:\/\/www.hoymercedes.com.ar\/principal\/wp-content\/uploads\/2022\/06\/DSC05976.jpg\" alt=\"\" class=\"wp-image-149614\" srcset=\"https:\/\/www.hoymercedes.com.ar\/principal\/wp-content\/uploads\/2022\/06\/DSC05976.jpg 800w, https:\/\/www.hoymercedes.com.ar\/principal\/wp-content\/uploads\/2022\/06\/DSC05976-630x421.jpg 630w, https:\/\/www.hoymercedes.com.ar\/principal\/wp-content\/uploads\/2022\/06\/DSC05976-150x100.jpg 150w\" sizes=\"auto, (max-width: 800px) 100vw, 800px\" \/><\/figure>\n<\/div>","protected":false},"excerpt":{"rendered":"<p>El viernes pasado, el jurado del Sal\u00f3n de Pintura Ciudad de Mercedes que integran Marcela Cueto, Jonatan Gonzalo Eric Lubo &#8230; <a title=\"Jurado del Sal\u00f3n de Pintura eligi\u00f3 entre 136 obras presentadas\" class=\"read-more\" href=\"https:\/\/www.hoymercedes.com.ar\/principal\/2022\/06\/20\/jurado-del-salon-de-pintura-eligio-entre-136-obras-presentadas\/\" aria-label=\"Leer m\u00e1s sobre Jurado del Sal\u00f3n de Pintura eligi\u00f3 entre 136 obras presentadas\">Leer m\u00e1s<\/a><\/p>\n","protected":false},"author":1,"featured_media":149614,"comment_status":"closed","ping_status":"open","sticky":false,"template":"","format":"standard","meta":{"_monsterinsights_skip_tracking":false,"_monsterinsights_sitenote_active":false,"_monsterinsights_sitenote_note":"","_monsterinsights_sitenote_category":0,"jetpack_post_was_ever_published":false,"_jetpack_newsletter_access":"","_jetpack_dont_email_post_to_subs":false,"_jetpack_newsletter_tier_id":0,"_jetpack_memberships_contains_paywalled_content":false,"_jetpack_memberships_contains_paid_content":false,"footnotes":"","jetpack_publicize_message":"","jetpack_publicize_feature_enabled":true,"jetpack_social_post_already_shared":true,"jetpack_social_options":{"image_generator_settings":{"template":"highway","default_image_id":0,"font":"","enabled":false},"version":2},"_wpas_customize_per_network":false},"categories":[104],"tags":[7805,970],"class_list":["post-149612","post","type-post","status-publish","format-standard","has-post-thumbnail","hentry","category-cultura","tag-cultura","tag-salon-de-pintura","generate-columns","tablet-grid-50","mobile-grid-100","grid-parent","grid-50"],"jetpack_publicize_connections":[],"jetpack_featured_media_url":"https:\/\/www.hoymercedes.com.ar\/principal\/wp-content\/uploads\/2022\/06\/DSC05976.jpg","wps_subtitle":"","jetpack_sharing_enabled":true,"_links":{"self":[{"href":"https:\/\/www.hoymercedes.com.ar\/principal\/wp-json\/wp\/v2\/posts\/149612","targetHints":{"allow":["GET"]}}],"collection":[{"href":"https:\/\/www.hoymercedes.com.ar\/principal\/wp-json\/wp\/v2\/posts"}],"about":[{"href":"https:\/\/www.hoymercedes.com.ar\/principal\/wp-json\/wp\/v2\/types\/post"}],"author":[{"embeddable":true,"href":"https:\/\/www.hoymercedes.com.ar\/principal\/wp-json\/wp\/v2\/users\/1"}],"replies":[{"embeddable":true,"href":"https:\/\/www.hoymercedes.com.ar\/principal\/wp-json\/wp\/v2\/comments?post=149612"}],"version-history":[{"count":0,"href":"https:\/\/www.hoymercedes.com.ar\/principal\/wp-json\/wp\/v2\/posts\/149612\/revisions"}],"wp:featuredmedia":[{"embeddable":true,"href":"https:\/\/www.hoymercedes.com.ar\/principal\/wp-json\/wp\/v2\/media\/149614"}],"wp:attachment":[{"href":"https:\/\/www.hoymercedes.com.ar\/principal\/wp-json\/wp\/v2\/media?parent=149612"}],"wp:term":[{"taxonomy":"category","embeddable":true,"href":"https:\/\/www.hoymercedes.com.ar\/principal\/wp-json\/wp\/v2\/categories?post=149612"},{"taxonomy":"post_tag","embeddable":true,"href":"https:\/\/www.hoymercedes.com.ar\/principal\/wp-json\/wp\/v2\/tags?post=149612"}],"curies":[{"name":"wp","href":"https:\/\/api.w.org\/{rel}","templated":true}]}}