{"id":149683,"date":"2022-06-22T09:19:33","date_gmt":"2022-06-22T12:19:33","guid":{"rendered":"https:\/\/www.hoymercedes.com.ar\/principal\/?p=149683"},"modified":"2022-06-22T09:19:37","modified_gmt":"2022-06-22T12:19:37","slug":"orquestas-en-concierto-este-jueves-23","status":"publish","type":"post","link":"https:\/\/www.hoymercedes.com.ar\/principal\/2022\/06\/22\/orquestas-en-concierto-este-jueves-23\/","title":{"rendered":"Orquestas en concierto este jueves 23"},"content":{"rendered":"\n<p>En el marco por los 270 a\u00f1os de los or\u00edgenes de Mercedes, habr\u00e1 un concierto de dos orquestas. La Orquesta Escuela de Mercedes y la Orquesta Sinf\u00f3nica Juvenil de la ciudad de San Mart\u00edn, actuar\u00e1n el jueves 23 de junio a partir de las 19:30, en el Teatro Argentino \u00abInt. Julio C. Gioscio\u00bb con entrada libre, gratuita y por orden de llegada.\u00a0<\/p>\n\n\n<div class=\"wp-block-image\">\n<figure class=\"aligncenter size-full\"><img loading=\"lazy\" decoding=\"async\" width=\"800\" height=\"534\" data-attachment-id=\"149684\" data-permalink=\"https:\/\/www.hoymercedes.com.ar\/principal\/2022\/06\/22\/orquestas-en-concierto-este-jueves-23\/img_9876\/#main\" data-orig-file=\"https:\/\/www.hoymercedes.com.ar\/principal\/wp-content\/uploads\/2022\/06\/IMG_9876.jpg\" data-orig-size=\"800,534\" data-comments-opened=\"0\" data-image-meta=\"{&quot;aperture&quot;:&quot;0&quot;,&quot;credit&quot;:&quot;&quot;,&quot;camera&quot;:&quot;&quot;,&quot;caption&quot;:&quot;&quot;,&quot;created_timestamp&quot;:&quot;0&quot;,&quot;copyright&quot;:&quot;&quot;,&quot;focal_length&quot;:&quot;0&quot;,&quot;iso&quot;:&quot;0&quot;,&quot;shutter_speed&quot;:&quot;0&quot;,&quot;title&quot;:&quot;&quot;,&quot;orientation&quot;:&quot;0&quot;}\" data-image-title=\"IMG_9876\" data-image-description=\"\" data-image-caption=\"\" data-large-file=\"https:\/\/www.hoymercedes.com.ar\/principal\/wp-content\/uploads\/2022\/06\/IMG_9876.jpg\" src=\"https:\/\/www.hoymercedes.com.ar\/principal\/wp-content\/uploads\/2022\/06\/IMG_9876.jpg\" alt=\"\" class=\"wp-image-149684\" srcset=\"https:\/\/www.hoymercedes.com.ar\/principal\/wp-content\/uploads\/2022\/06\/IMG_9876.jpg 800w, https:\/\/www.hoymercedes.com.ar\/principal\/wp-content\/uploads\/2022\/06\/IMG_9876-630x421.jpg 630w, https:\/\/www.hoymercedes.com.ar\/principal\/wp-content\/uploads\/2022\/06\/IMG_9876-150x100.jpg 150w\" sizes=\"auto, (max-width: 800px) 100vw, 800px\" \/><figcaption>Orquesta Escuela Mercedes (Fotograf\u00eda de Archivo)<\/figcaption><\/figure>\n<\/div>\n\n\n<p>El coordinador del teatro municipal, Francisco Dinova adelant\u00f3 que el espect\u00e1culo ser\u00e1 en la sala grande de la planta baja con capacidad para 400 personas. \u201cEntendemos que es una actividad muy interesante, donde no suele haber durante el a\u00f1o tantas fechas con conciertos de orquestas as\u00ed que esta es una linda ocasi\u00f3n. Donde de esta manera abrimos el ciclo en el Teatro con respecto a orquestas, donde estamos gestionando la posible llegada de otras sinf\u00f3nicas\u201d destac\u00f3 Dinova.<\/p>\n\n\n\n<p>Por otra parte, el funcionario record\u00f3 que recientemente lanzaron una \u00abcuponera de descuentos\u00bb para los espect\u00e1culos que se llevan adelante en la ciudad y que adem\u00e1s tiene beneficios para comercios gastron\u00f3micos. \u00abEs una manera de incentivar el consumo en estos comercios y a que m\u00e1s personas concurran a m\u00e1s espect\u00e1culos culturales\u201d, marc\u00f3.<\/p>\n\n\n\n<p>\u201cLa b\u00fasqueda es la de aunar dos sectores que se complementan, la industria cultural y lo gastron\u00f3mico, por lo que agradecemos a los comercios que forman parte de esta primera etapa, donde la idea es en unos meses sacar conclusiones de c\u00f3mo funcion\u00f3 y poder abrir el juego a m\u00e1s comercios que quieran sumarse en la \u00faltima etapa del a\u00f1o\u201d concluy\u00f3 Dinova.\u00a0 \u00a0<\/p>\n","protected":false},"excerpt":{"rendered":"<p>En el marco por los 270 a\u00f1os de los or\u00edgenes de Mercedes, habr\u00e1 un concierto de dos orquestas. La Orquesta &#8230; <a title=\"Orquestas en concierto este jueves 23\" class=\"read-more\" href=\"https:\/\/www.hoymercedes.com.ar\/principal\/2022\/06\/22\/orquestas-en-concierto-este-jueves-23\/\" aria-label=\"Leer m\u00e1s sobre Orquestas en concierto este jueves 23\">Leer m\u00e1s<\/a><\/p>\n","protected":false},"author":1,"featured_media":149684,"comment_status":"closed","ping_status":"open","sticky":false,"template":"","format":"standard","meta":{"_monsterinsights_skip_tracking":false,"_monsterinsights_sitenote_active":false,"_monsterinsights_sitenote_note":"","_monsterinsights_sitenote_category":0,"jetpack_post_was_ever_published":false,"_jetpack_newsletter_access":"","_jetpack_dont_email_post_to_subs":false,"_jetpack_newsletter_tier_id":0,"_jetpack_memberships_contains_paywalled_content":false,"_jetpack_memberships_contains_paid_content":false,"footnotes":"","jetpack_publicize_message":"","jetpack_publicize_feature_enabled":true,"jetpack_social_post_already_shared":true,"jetpack_social_options":{"image_generator_settings":{"template":"highway","default_image_id":0,"font":"","enabled":false},"version":2},"_wpas_customize_per_network":false},"categories":[104],"tags":[7805,244],"class_list":["post-149683","post","type-post","status-publish","format-standard","has-post-thumbnail","hentry","category-cultura","tag-cultura","tag-municipio-2","generate-columns","tablet-grid-50","mobile-grid-100","grid-parent","grid-50"],"jetpack_publicize_connections":[],"jetpack_featured_media_url":"https:\/\/www.hoymercedes.com.ar\/principal\/wp-content\/uploads\/2022\/06\/IMG_9876.jpg","wps_subtitle":"","jetpack_sharing_enabled":true,"_links":{"self":[{"href":"https:\/\/www.hoymercedes.com.ar\/principal\/wp-json\/wp\/v2\/posts\/149683","targetHints":{"allow":["GET"]}}],"collection":[{"href":"https:\/\/www.hoymercedes.com.ar\/principal\/wp-json\/wp\/v2\/posts"}],"about":[{"href":"https:\/\/www.hoymercedes.com.ar\/principal\/wp-json\/wp\/v2\/types\/post"}],"author":[{"embeddable":true,"href":"https:\/\/www.hoymercedes.com.ar\/principal\/wp-json\/wp\/v2\/users\/1"}],"replies":[{"embeddable":true,"href":"https:\/\/www.hoymercedes.com.ar\/principal\/wp-json\/wp\/v2\/comments?post=149683"}],"version-history":[{"count":0,"href":"https:\/\/www.hoymercedes.com.ar\/principal\/wp-json\/wp\/v2\/posts\/149683\/revisions"}],"wp:featuredmedia":[{"embeddable":true,"href":"https:\/\/www.hoymercedes.com.ar\/principal\/wp-json\/wp\/v2\/media\/149684"}],"wp:attachment":[{"href":"https:\/\/www.hoymercedes.com.ar\/principal\/wp-json\/wp\/v2\/media?parent=149683"}],"wp:term":[{"taxonomy":"category","embeddable":true,"href":"https:\/\/www.hoymercedes.com.ar\/principal\/wp-json\/wp\/v2\/categories?post=149683"},{"taxonomy":"post_tag","embeddable":true,"href":"https:\/\/www.hoymercedes.com.ar\/principal\/wp-json\/wp\/v2\/tags?post=149683"}],"curies":[{"name":"wp","href":"https:\/\/api.w.org\/{rel}","templated":true}]}}