{"id":149686,"date":"2022-06-22T15:12:11","date_gmt":"2022-06-22T18:12:11","guid":{"rendered":"https:\/\/www.hoymercedes.com.ar\/principal\/?p=149686"},"modified":"2022-06-22T15:12:15","modified_gmt":"2022-06-22T18:12:15","slug":"un-detenido-por-abuso-sexual-agravado","status":"publish","type":"post","link":"https:\/\/www.hoymercedes.com.ar\/principal\/2022\/06\/22\/un-detenido-por-abuso-sexual-agravado\/","title":{"rendered":"Un detenido por abuso sexual agravado\u00a0"},"content":{"rendered":"\n<p>En la jornada del pasado viernes 17 de junio se llev\u00f3&nbsp; a cabo la detenci\u00f3n de un sujeto sobre el que tramitaba una denuncia por abuso sexual agravado en la localidad de Mercedes.&nbsp;<\/p>\n\n\n\n<p>De acuerdo a lo que pudo conocerse, el 31 de marzo del corriente, una mujer denunci\u00f3 que su pareja conviviente hab\u00eda abusado de su hija menor de edad en momentos en que ella no se encontraba en la vivienda, y la hab\u00eda amenazado para que esta no contara lo sucedido.&nbsp;<\/p>\n\n\n\n<p>Tras la correspondiente denuncia tom\u00f3 intervenci\u00f3n la Unidad Funcional de Instrucci\u00f3n N\u00ba 6 del Departamento Judicial Mercedes. Es as\u00ed como se logr\u00f3 determinar que este sujeto hab\u00eda abusado en reiteradas oportunidades de la menor desde hac\u00eda varios a\u00f1os a la fecha de la denuncia.\u00a0<\/p>\n\n\n\n<p>Una vez reunidos una serie de elementos probatorios, la fiscal\u00eda solicit\u00f3 por ante el Juzgado de Garant\u00edas N\u00b03 la orden de detenci\u00f3n de este sujeto la cual fue otorgada y efectivizada el pasado viernes 17 por personal policial.&nbsp;<\/p>\n\n\n\n<p>El imputado (un hombre de 33 a\u00f1os) compareci\u00f3 ante el agente fiscal en el marco de la audiencia de declaraci\u00f3n en los t\u00e9rminos del art. 308 del C\u00f3digo Procesal Penal en la jornada del pasado s\u00e1bado 18 del corriente. Fue por el delito de \u201cAbuso sexual gravemente ultrajante por la duraci\u00f3n en el tiempo y por las circunstancias de su realizaci\u00f3n, doblemente agravado por haber sido cometido por el encargado de la guarda y contra una menor de dieciocho a\u00f1os de edad aprovechando la situaci\u00f3n de convivencia preexistente con la misma\u201d e hizo uso de su derecho de negarse a declarar.\u00a0<\/p>\n\n\n\n<p>Fuente: Ministerio P\u00fablico Fiscal &#8211; Depto Judicial Mercedes<\/p>\n","protected":false},"excerpt":{"rendered":"<p>En la jornada del pasado viernes 17 de junio se llev\u00f3&nbsp; a cabo la detenci\u00f3n de un sujeto sobre el &#8230; <a title=\"Un detenido por abuso sexual agravado\u00a0\" class=\"read-more\" href=\"https:\/\/www.hoymercedes.com.ar\/principal\/2022\/06\/22\/un-detenido-por-abuso-sexual-agravado\/\" aria-label=\"Leer m\u00e1s sobre Un detenido por abuso sexual agravado\u00a0\">Leer m\u00e1s<\/a><\/p>\n","protected":false},"author":1,"featured_media":125642,"comment_status":"closed","ping_status":"open","sticky":false,"template":"","format":"standard","meta":{"_monsterinsights_skip_tracking":false,"_monsterinsights_sitenote_active":false,"_monsterinsights_sitenote_note":"","_monsterinsights_sitenote_category":0,"jetpack_post_was_ever_published":false,"_jetpack_newsletter_access":"","_jetpack_dont_email_post_to_subs":false,"_jetpack_newsletter_tier_id":0,"_jetpack_memberships_contains_paywalled_content":false,"_jetpack_memberships_contains_paid_content":false,"footnotes":"","jetpack_publicize_message":"","jetpack_publicize_feature_enabled":true,"jetpack_social_post_already_shared":true,"jetpack_social_options":{"image_generator_settings":{"template":"highway","default_image_id":0,"font":"","enabled":false},"version":2},"_wpas_customize_per_network":false},"categories":[85],"tags":[],"class_list":["post-149686","post","type-post","status-publish","format-standard","has-post-thumbnail","hentry","category-policial","generate-columns","tablet-grid-50","mobile-grid-100","grid-parent","grid-50"],"jetpack_publicize_connections":[],"jetpack_featured_media_url":"https:\/\/www.hoymercedes.com.ar\/principal\/wp-content\/uploads\/2021\/03\/02-movil-policia.jpg","wps_subtitle":"","jetpack_sharing_enabled":true,"_links":{"self":[{"href":"https:\/\/www.hoymercedes.com.ar\/principal\/wp-json\/wp\/v2\/posts\/149686","targetHints":{"allow":["GET"]}}],"collection":[{"href":"https:\/\/www.hoymercedes.com.ar\/principal\/wp-json\/wp\/v2\/posts"}],"about":[{"href":"https:\/\/www.hoymercedes.com.ar\/principal\/wp-json\/wp\/v2\/types\/post"}],"author":[{"embeddable":true,"href":"https:\/\/www.hoymercedes.com.ar\/principal\/wp-json\/wp\/v2\/users\/1"}],"replies":[{"embeddable":true,"href":"https:\/\/www.hoymercedes.com.ar\/principal\/wp-json\/wp\/v2\/comments?post=149686"}],"version-history":[{"count":0,"href":"https:\/\/www.hoymercedes.com.ar\/principal\/wp-json\/wp\/v2\/posts\/149686\/revisions"}],"wp:featuredmedia":[{"embeddable":true,"href":"https:\/\/www.hoymercedes.com.ar\/principal\/wp-json\/wp\/v2\/media\/125642"}],"wp:attachment":[{"href":"https:\/\/www.hoymercedes.com.ar\/principal\/wp-json\/wp\/v2\/media?parent=149686"}],"wp:term":[{"taxonomy":"category","embeddable":true,"href":"https:\/\/www.hoymercedes.com.ar\/principal\/wp-json\/wp\/v2\/categories?post=149686"},{"taxonomy":"post_tag","embeddable":true,"href":"https:\/\/www.hoymercedes.com.ar\/principal\/wp-json\/wp\/v2\/tags?post=149686"}],"curies":[{"name":"wp","href":"https:\/\/api.w.org\/{rel}","templated":true}]}}