{"id":149711,"date":"2022-06-23T10:12:02","date_gmt":"2022-06-23T13:12:02","guid":{"rendered":"https:\/\/www.hoymercedes.com.ar\/principal\/?p=149711"},"modified":"2022-06-23T10:28:16","modified_gmt":"2022-06-23T13:28:16","slug":"mercedino-colisiona-en-ruta-5","status":"publish","type":"post","link":"https:\/\/www.hoymercedes.com.ar\/principal\/2022\/06\/23\/mercedino-colisiona-en-ruta-5\/","title":{"rendered":"Mercedino colisiona en Ruta 5"},"content":{"rendered":"\n<p>En la noche del mi\u00e9rcoles, se produjo una colisi\u00f3n entre un autom\u00f3vil y un cami\u00f3n sobre el trazado de la ruta 5 , en jurisdicci\u00f3n del partido de Chivilcoy. De acuerdo a la informaci\u00f3n que trascendi\u00f3, uno de los veh\u00edculos, un cami\u00f3n, estaba conducido por un mercedino. A pesar de los da\u00f1os que recibi\u00f3 el veh\u00edculo de menor porte, ninguno de los ocupantes result\u00f3 lesionado. <\/p>\n\n\n<div class=\"wp-block-image\">\n<figure class=\"aligncenter size-full\"><img loading=\"lazy\" decoding=\"async\" width=\"800\" height=\"533\" data-attachment-id=\"149715\" data-permalink=\"https:\/\/www.hoymercedes.com.ar\/principal\/2022\/06\/23\/mercedino-colisiona-en-ruta-5\/choque-ruta-5-2306-3\/#main\" data-orig-file=\"https:\/\/www.hoymercedes.com.ar\/principal\/wp-content\/uploads\/2022\/06\/choque-ruta-5-2306-3.jpg\" data-orig-size=\"800,533\" data-comments-opened=\"0\" data-image-meta=\"{&quot;aperture&quot;:&quot;0&quot;,&quot;credit&quot;:&quot;&quot;,&quot;camera&quot;:&quot;&quot;,&quot;caption&quot;:&quot;&quot;,&quot;created_timestamp&quot;:&quot;1655978519&quot;,&quot;copyright&quot;:&quot;&quot;,&quot;focal_length&quot;:&quot;0&quot;,&quot;iso&quot;:&quot;0&quot;,&quot;shutter_speed&quot;:&quot;0&quot;,&quot;title&quot;:&quot;&quot;,&quot;orientation&quot;:&quot;1&quot;}\" data-image-title=\"choque ruta 5 2306 3\" data-image-description=\"\" data-image-caption=\"\" data-large-file=\"https:\/\/www.hoymercedes.com.ar\/principal\/wp-content\/uploads\/2022\/06\/choque-ruta-5-2306-3.jpg\" src=\"https:\/\/www.hoymercedes.com.ar\/principal\/wp-content\/uploads\/2022\/06\/choque-ruta-5-2306-3.jpg\" alt=\"\" class=\"wp-image-149715\" srcset=\"https:\/\/www.hoymercedes.com.ar\/principal\/wp-content\/uploads\/2022\/06\/choque-ruta-5-2306-3.jpg 800w, https:\/\/www.hoymercedes.com.ar\/principal\/wp-content\/uploads\/2022\/06\/choque-ruta-5-2306-3-630x420.jpg 630w, https:\/\/www.hoymercedes.com.ar\/principal\/wp-content\/uploads\/2022\/06\/choque-ruta-5-2306-3-150x100.jpg 150w, https:\/\/www.hoymercedes.com.ar\/principal\/wp-content\/uploads\/2022\/06\/choque-ruta-5-2306-3-700x465.jpg 700w\" sizes=\"auto, (max-width: 800px) 100vw, 800px\" \/><\/figure>\n<\/div>\n\n\n<p>El siniestro ocurri\u00f3 a la altura del kil\u00f3metro 148,700 cuando a un cami\u00f3n Volkswagen 17-280, color blanco, dominio AB937UJ, remolcando un semirremolque tolva, que circulaba en sentido Chivilcoy-Gorostiaga, conducido por Claudio Scasso, domiciliado en Mercedes, por causas que se desconocen se le deprendieron las cubiertas duales del lado izquierdo del eje levadizo  las que impactaron contra el frente de un autom\u00f3vil Chevrolet Astra, color gris, dominio GMJ064, conducido por Jos\u00e9 Maria Barrios quien viajaba acompa\u00f1ado por Eva Echeverr\u00eda, ambos domiciliados en Suipacha y circulaban en sentido contrario, es decir desde Gorostiaga hacia Chivilcoy.<\/p>\n\n\n\n<p>Producto de la fuerte colisi\u00f3n el autom\u00f3vil se despista hacia la zona de pr\u00e9stamo de la mano contraria, en tanto el cami\u00f3n se detiene sobre su banquina. <\/p>\n\n\n<div class=\"wp-block-image\">\n<figure class=\"aligncenter size-full\"><img loading=\"lazy\" decoding=\"async\" width=\"800\" height=\"533\" data-attachment-id=\"149714\" data-permalink=\"https:\/\/www.hoymercedes.com.ar\/principal\/2022\/06\/23\/mercedino-colisiona-en-ruta-5\/choque-ruta-5-2306-2\/#main\" data-orig-file=\"https:\/\/www.hoymercedes.com.ar\/principal\/wp-content\/uploads\/2022\/06\/choque-ruta-5-2306-2.jpg\" data-orig-size=\"800,533\" data-comments-opened=\"0\" data-image-meta=\"{&quot;aperture&quot;:&quot;0&quot;,&quot;credit&quot;:&quot;&quot;,&quot;camera&quot;:&quot;&quot;,&quot;caption&quot;:&quot;&quot;,&quot;created_timestamp&quot;:&quot;1655978502&quot;,&quot;copyright&quot;:&quot;&quot;,&quot;focal_length&quot;:&quot;0&quot;,&quot;iso&quot;:&quot;0&quot;,&quot;shutter_speed&quot;:&quot;0&quot;,&quot;title&quot;:&quot;&quot;,&quot;orientation&quot;:&quot;1&quot;}\" data-image-title=\"choque ruta 5 2306 2\" data-image-description=\"\" data-image-caption=\"\" data-large-file=\"https:\/\/www.hoymercedes.com.ar\/principal\/wp-content\/uploads\/2022\/06\/choque-ruta-5-2306-2.jpg\" src=\"https:\/\/www.hoymercedes.com.ar\/principal\/wp-content\/uploads\/2022\/06\/choque-ruta-5-2306-2.jpg\" alt=\"\" class=\"wp-image-149714\" srcset=\"https:\/\/www.hoymercedes.com.ar\/principal\/wp-content\/uploads\/2022\/06\/choque-ruta-5-2306-2.jpg 800w, https:\/\/www.hoymercedes.com.ar\/principal\/wp-content\/uploads\/2022\/06\/choque-ruta-5-2306-2-630x420.jpg 630w, https:\/\/www.hoymercedes.com.ar\/principal\/wp-content\/uploads\/2022\/06\/choque-ruta-5-2306-2-150x100.jpg 150w, https:\/\/www.hoymercedes.com.ar\/principal\/wp-content\/uploads\/2022\/06\/choque-ruta-5-2306-2-700x465.jpg 700w\" sizes=\"auto, (max-width: 800px) 100vw, 800px\" \/><\/figure>\n<\/div>\n\n\n<p>Afortunadamente y a pesar de los da\u00f1os que recibi\u00f3 el veh\u00edculo de menor porte, ninguno de los ocupantes result\u00f3 lesionado.<br>El autom\u00f3vil se dirig\u00eda de Suipacha hacia Chivilcoy, en tanto el cami\u00f3n, con cargamento de harina lo hac\u00eda desde Chacabuco hacia Capital Federal.<\/p>\n\n\n\n<p>Intervino Sub Estaci\u00f3n de Polic\u00eda Comunal O.I. Dardo Garelli, Policia Vial , Ambulancia del Same de Chivilcoy y personal del concesionario vial Corredores Viales. <\/p>\n\n\n\n<p>Colaboraci\u00f3n: Jorge Lasala de Suipacha. <\/p>\n\n\n<div class=\"wp-block-image\">\n<figure class=\"aligncenter size-full\"><img loading=\"lazy\" decoding=\"async\" width=\"800\" height=\"533\" data-attachment-id=\"149716\" data-permalink=\"https:\/\/www.hoymercedes.com.ar\/principal\/2022\/06\/23\/mercedino-colisiona-en-ruta-5\/choque-ruta-5-2306-1\/#main\" data-orig-file=\"https:\/\/www.hoymercedes.com.ar\/principal\/wp-content\/uploads\/2022\/06\/choque-ruta-5-2306-1.jpg\" data-orig-size=\"800,533\" data-comments-opened=\"0\" data-image-meta=\"{&quot;aperture&quot;:&quot;0&quot;,&quot;credit&quot;:&quot;&quot;,&quot;camera&quot;:&quot;&quot;,&quot;caption&quot;:&quot;&quot;,&quot;created_timestamp&quot;:&quot;1655978412&quot;,&quot;copyright&quot;:&quot;&quot;,&quot;focal_length&quot;:&quot;0&quot;,&quot;iso&quot;:&quot;0&quot;,&quot;shutter_speed&quot;:&quot;0&quot;,&quot;title&quot;:&quot;&quot;,&quot;orientation&quot;:&quot;1&quot;}\" data-image-title=\"choque ruta 5 2306 1\" data-image-description=\"\" data-image-caption=\"\" data-large-file=\"https:\/\/www.hoymercedes.com.ar\/principal\/wp-content\/uploads\/2022\/06\/choque-ruta-5-2306-1.jpg\" src=\"https:\/\/www.hoymercedes.com.ar\/principal\/wp-content\/uploads\/2022\/06\/choque-ruta-5-2306-1.jpg\" alt=\"\" class=\"wp-image-149716\" srcset=\"https:\/\/www.hoymercedes.com.ar\/principal\/wp-content\/uploads\/2022\/06\/choque-ruta-5-2306-1.jpg 800w, https:\/\/www.hoymercedes.com.ar\/principal\/wp-content\/uploads\/2022\/06\/choque-ruta-5-2306-1-630x420.jpg 630w, https:\/\/www.hoymercedes.com.ar\/principal\/wp-content\/uploads\/2022\/06\/choque-ruta-5-2306-1-150x100.jpg 150w, https:\/\/www.hoymercedes.com.ar\/principal\/wp-content\/uploads\/2022\/06\/choque-ruta-5-2306-1-700x465.jpg 700w\" sizes=\"auto, (max-width: 800px) 100vw, 800px\" \/><\/figure>\n<\/div>","protected":false},"excerpt":{"rendered":"<p>En la noche del mi\u00e9rcoles, se produjo una colisi\u00f3n entre un autom\u00f3vil y un cami\u00f3n sobre el trazado de la &#8230; <a title=\"Mercedino colisiona en Ruta 5\" class=\"read-more\" href=\"https:\/\/www.hoymercedes.com.ar\/principal\/2022\/06\/23\/mercedino-colisiona-en-ruta-5\/\" aria-label=\"Leer m\u00e1s sobre Mercedino colisiona en Ruta 5\">Leer m\u00e1s<\/a><\/p>\n","protected":false},"author":1,"featured_media":149716,"comment_status":"closed","ping_status":"open","sticky":false,"template":"","format":"standard","meta":{"_monsterinsights_skip_tracking":false,"_monsterinsights_sitenote_active":false,"_monsterinsights_sitenote_note":"","_monsterinsights_sitenote_category":0,"jetpack_post_was_ever_published":false,"_jetpack_newsletter_access":"","_jetpack_dont_email_post_to_subs":false,"_jetpack_newsletter_tier_id":0,"_jetpack_memberships_contains_paywalled_content":false,"_jetpack_memberships_contains_paid_content":false,"footnotes":"","jetpack_publicize_message":"","jetpack_publicize_feature_enabled":true,"jetpack_social_post_already_shared":true,"jetpack_social_options":{"image_generator_settings":{"template":"highway","default_image_id":0,"font":"","enabled":false},"version":2},"_wpas_customize_per_network":false},"categories":[85],"tags":[],"class_list":["post-149711","post","type-post","status-publish","format-standard","has-post-thumbnail","hentry","category-policial","generate-columns","tablet-grid-50","mobile-grid-100","grid-parent","grid-50"],"jetpack_publicize_connections":[],"jetpack_featured_media_url":"https:\/\/www.hoymercedes.com.ar\/principal\/wp-content\/uploads\/2022\/06\/choque-ruta-5-2306-1.jpg","wps_subtitle":"","jetpack_sharing_enabled":true,"_links":{"self":[{"href":"https:\/\/www.hoymercedes.com.ar\/principal\/wp-json\/wp\/v2\/posts\/149711","targetHints":{"allow":["GET"]}}],"collection":[{"href":"https:\/\/www.hoymercedes.com.ar\/principal\/wp-json\/wp\/v2\/posts"}],"about":[{"href":"https:\/\/www.hoymercedes.com.ar\/principal\/wp-json\/wp\/v2\/types\/post"}],"author":[{"embeddable":true,"href":"https:\/\/www.hoymercedes.com.ar\/principal\/wp-json\/wp\/v2\/users\/1"}],"replies":[{"embeddable":true,"href":"https:\/\/www.hoymercedes.com.ar\/principal\/wp-json\/wp\/v2\/comments?post=149711"}],"version-history":[{"count":0,"href":"https:\/\/www.hoymercedes.com.ar\/principal\/wp-json\/wp\/v2\/posts\/149711\/revisions"}],"wp:featuredmedia":[{"embeddable":true,"href":"https:\/\/www.hoymercedes.com.ar\/principal\/wp-json\/wp\/v2\/media\/149716"}],"wp:attachment":[{"href":"https:\/\/www.hoymercedes.com.ar\/principal\/wp-json\/wp\/v2\/media?parent=149711"}],"wp:term":[{"taxonomy":"category","embeddable":true,"href":"https:\/\/www.hoymercedes.com.ar\/principal\/wp-json\/wp\/v2\/categories?post=149711"},{"taxonomy":"post_tag","embeddable":true,"href":"https:\/\/www.hoymercedes.com.ar\/principal\/wp-json\/wp\/v2\/tags?post=149711"}],"curies":[{"name":"wp","href":"https:\/\/api.w.org\/{rel}","templated":true}]}}