{"id":149761,"date":"2022-06-24T15:37:21","date_gmt":"2022-06-24T18:37:21","guid":{"rendered":"https:\/\/www.hoymercedes.com.ar\/principal\/?p=149761"},"modified":"2022-06-24T15:37:25","modified_gmt":"2022-06-24T18:37:25","slug":"detienen-a-un-hombre-de-39-anos-por-abusar-de-menores","status":"publish","type":"post","link":"https:\/\/www.hoymercedes.com.ar\/principal\/2022\/06\/24\/detienen-a-un-hombre-de-39-anos-por-abusar-de-menores\/","title":{"rendered":"Detienen a un hombre de 39 a\u00f1os por abusar de menores"},"content":{"rendered":"\n<p>En la jornada del pasado jueves 23 de junio se llev\u00f3\u00a0 a cabo la detenci\u00f3n de un sujeto sobre el que tramitaba una denuncia por abuso sexual agravado en la localidad de Mercedes.\u00a0<\/p>\n\n\n\n<p>De acuerdo a lo que pudo conocerse, en el a\u00f1o 2018, un familiar del imputado realiz\u00f3 la denuncia al tomar conocimiento que dos de sus sobrinos le hab\u00edan manifestado lo que ocurr\u00eda. Siendo adem\u00e1s, que esta persona hab\u00eda denunciado tambi\u00e9n al mismo sujeto por haber sido tambi\u00e9n v\u00edctima del mismo en su infancia.&nbsp;<\/p>\n\n\n\n<p>Tras la correspondiente denuncia tom\u00f3 intervenci\u00f3n la Unidad Funcional de Instrucci\u00f3n N\u00ba 6 del Departamento Judicial Mercedes y se debieron llevar adelante una serie de pericias y medidas probatorias para poder sustentar la acusaci\u00f3n. Es as\u00ed como se logr\u00f3 determinar que los hechos fueron cometidos entre 2018 y 2021, siendo que el imputado &#8211; aprovechando la convivencia preexistente y la guarda que detentaba respecto de dos familiares &#8211; quienes en aquel entonces eran ni\u00f1os menores de edad los abus\u00f3 de forma gravemente ultrajante.\u00a0<\/p>\n\n\n\n<p>Una vez reunidos una serie de elementos probatorios, la fiscal\u00eda solicit\u00f3 por ante el Juzgado de Garant\u00edas N\u00b0 1 la orden de detenci\u00f3n de este sujeto la cual fue otorgada y efectivizada el pasado jueves 23 por personal policial de la Comisar\u00eda Mercedes Primera.&nbsp;<\/p>\n\n\n\n<p>El imputado (un hombre de 39 a\u00f1os) compareci\u00f3 ante el agente fiscal en el marco de la audiencia de declaraci\u00f3n en los t\u00e9rminos del art. 308 del C\u00f3digo Procesal Penal en la jornada de este viernes 24 del corriente. Fue por el delito de \u201cAbuso sexual gravemente ultrajante por su duraci\u00f3n y circunstancias de realizaci\u00f3n, agravado por ser cometido por el encargado de la guarda y contra un menor de 18 a\u00f1os aprovechando la situaci\u00f3n de convivencia preexistente con el mismo\u201d e hizo uso de su derecho de negarse a declarar.\u00a0<\/p>\n\n\n\n<p>Fuente: Ministerio P\u00fablico Fiscal &#8211; Depto Judicial Mercedes<\/p>\n","protected":false},"excerpt":{"rendered":"<p>En la jornada del pasado jueves 23 de junio se llev\u00f3\u00a0 a cabo la detenci\u00f3n de un sujeto sobre el &#8230; <a title=\"Detienen a un hombre de 39 a\u00f1os por abusar de menores\" class=\"read-more\" href=\"https:\/\/www.hoymercedes.com.ar\/principal\/2022\/06\/24\/detienen-a-un-hombre-de-39-anos-por-abusar-de-menores\/\" aria-label=\"Leer m\u00e1s sobre Detienen a un hombre de 39 a\u00f1os por abusar de menores\">Leer m\u00e1s<\/a><\/p>\n","protected":false},"author":1,"featured_media":127982,"comment_status":"closed","ping_status":"open","sticky":false,"template":"","format":"standard","meta":{"_monsterinsights_skip_tracking":false,"_monsterinsights_sitenote_active":false,"_monsterinsights_sitenote_note":"","_monsterinsights_sitenote_category":0,"jetpack_post_was_ever_published":false,"_jetpack_newsletter_access":"","_jetpack_dont_email_post_to_subs":false,"_jetpack_newsletter_tier_id":0,"_jetpack_memberships_contains_paywalled_content":false,"_jetpack_memberships_contains_paid_content":false,"footnotes":"","jetpack_publicize_message":"","jetpack_publicize_feature_enabled":true,"jetpack_social_post_already_shared":true,"jetpack_social_options":{"image_generator_settings":{"template":"highway","default_image_id":0,"font":"","enabled":false},"version":2},"_wpas_customize_per_network":false},"categories":[85],"tags":[],"class_list":["post-149761","post","type-post","status-publish","format-standard","has-post-thumbnail","hentry","category-policial","generate-columns","tablet-grid-50","mobile-grid-100","grid-parent","grid-50"],"jetpack_publicize_connections":[],"jetpack_featured_media_url":"https:\/\/www.hoymercedes.com.ar\/principal\/wp-content\/uploads\/2021\/04\/PoliciaComual.jpg","wps_subtitle":"","jetpack_sharing_enabled":true,"_links":{"self":[{"href":"https:\/\/www.hoymercedes.com.ar\/principal\/wp-json\/wp\/v2\/posts\/149761","targetHints":{"allow":["GET"]}}],"collection":[{"href":"https:\/\/www.hoymercedes.com.ar\/principal\/wp-json\/wp\/v2\/posts"}],"about":[{"href":"https:\/\/www.hoymercedes.com.ar\/principal\/wp-json\/wp\/v2\/types\/post"}],"author":[{"embeddable":true,"href":"https:\/\/www.hoymercedes.com.ar\/principal\/wp-json\/wp\/v2\/users\/1"}],"replies":[{"embeddable":true,"href":"https:\/\/www.hoymercedes.com.ar\/principal\/wp-json\/wp\/v2\/comments?post=149761"}],"version-history":[{"count":0,"href":"https:\/\/www.hoymercedes.com.ar\/principal\/wp-json\/wp\/v2\/posts\/149761\/revisions"}],"wp:featuredmedia":[{"embeddable":true,"href":"https:\/\/www.hoymercedes.com.ar\/principal\/wp-json\/wp\/v2\/media\/127982"}],"wp:attachment":[{"href":"https:\/\/www.hoymercedes.com.ar\/principal\/wp-json\/wp\/v2\/media?parent=149761"}],"wp:term":[{"taxonomy":"category","embeddable":true,"href":"https:\/\/www.hoymercedes.com.ar\/principal\/wp-json\/wp\/v2\/categories?post=149761"},{"taxonomy":"post_tag","embeddable":true,"href":"https:\/\/www.hoymercedes.com.ar\/principal\/wp-json\/wp\/v2\/tags?post=149761"}],"curies":[{"name":"wp","href":"https:\/\/api.w.org\/{rel}","templated":true}]}}