{"id":149763,"date":"2022-06-24T16:11:07","date_gmt":"2022-06-24T19:11:07","guid":{"rendered":"https:\/\/www.hoymercedes.com.ar\/principal\/?p=149763"},"modified":"2022-06-24T16:11:11","modified_gmt":"2022-06-24T19:11:11","slug":"mercedinos-pro-en-acto-de-iguacel-como-precandidato-a-la-gobernacion","status":"publish","type":"post","link":"https:\/\/www.hoymercedes.com.ar\/principal\/2022\/06\/24\/mercedinos-pro-en-acto-de-iguacel-como-precandidato-a-la-gobernacion\/","title":{"rendered":"Mercedinos PRO en acto de Iguacel como precandidato a la Gobernaci\u00f3n"},"content":{"rendered":"\n<p>En la jornada del jueves, integrantes del PRO Mercedes asistieron a un acto junto al Pre Candidato a Gobernador de la provincia de Buenos Aires, Javier Iguacel. Desde Mercedes fue el actual concejal de la ciudad Carlos Mosso y quien fuera candidata legislativa local en las \u00faltimas elecciones, Cristina Gottifredi. En el acto, tambi\u00e9n referentes pol\u00edticos de distinas localidades y autoridades partidarias, entre ellos el Concejal de Tigre Nicolas Masot, Precandidato a Intendente de dicha localidad. <\/p>\n\n\n\n<p>El Concejal Mosso cont\u00f3 que en el encuentro \u00abse habl\u00f3 de actualidad, planificaci\u00f3n, proyectos, metas, vivencias, siempre pensando y aceptando que existieron errores, que de ninguna manera volver\u00e1 a repetirse, que tenemos una gran oportunidad, que hay grandes equipos trabajando exclusivamente en elaborar proyectos y estrategias de todas las \u00e1reas, laborales, econ\u00f3micas, seguridad, salud y tanto m\u00e1s, de esta manera se llegar\u00e1 al 2023 con una s\u00f3lida estructura para implementar desde el d\u00eda uno\u00bb.<\/p>\n\n\n\n<p>\u00abSin dudas, estos encuentros sirven para cargar energ\u00edas, llenarnos de ilusiones y poder transmitir y contagiar a los Ciudadanos que est\u00e1n perdiendo las esperanzas, con un Gobierno actual que perdi\u00f3 el rumbo, que no llega a fin de mes, con un crecimiento enorme de pobreza e indigencia, Pymes cerrando permanentemente y tanto m\u00e1s, hay un Pa\u00eds que tiene todo para salir adelante, solo falta orden, restructuracion, honestidad, trabajo, seguridad, m\u00e1s y mejor educaci\u00f3n, brindar oportunidades a los j\u00f3venes, sostener a los trabajadores formales, formalizar a los que est\u00e1n fuera del sistema, todo es posible, solo hay que confiar\u00bb, agrega Mosso tras su participaci\u00f3n del encuentro partidario del PRO.<\/p>\n\n\n<div class=\"wp-block-image\">\n<figure class=\"aligncenter size-full\"><img loading=\"lazy\" decoding=\"async\" width=\"800\" height=\"600\" data-attachment-id=\"149766\" data-permalink=\"https:\/\/www.hoymercedes.com.ar\/principal\/2022\/06\/24\/mercedinos-pro-en-acto-de-iguacel-como-precandidato-a-la-gobernacion\/whatsapp-image-2022-06-24-at-7-49-02-am\/#main\" data-orig-file=\"https:\/\/www.hoymercedes.com.ar\/principal\/wp-content\/uploads\/2022\/06\/WhatsApp-Image-2022-06-24-at-7.49.02-AM.jpeg\" data-orig-size=\"800,600\" data-comments-opened=\"0\" data-image-meta=\"{&quot;aperture&quot;:&quot;0&quot;,&quot;credit&quot;:&quot;&quot;,&quot;camera&quot;:&quot;&quot;,&quot;caption&quot;:&quot;&quot;,&quot;created_timestamp&quot;:&quot;0&quot;,&quot;copyright&quot;:&quot;&quot;,&quot;focal_length&quot;:&quot;0&quot;,&quot;iso&quot;:&quot;0&quot;,&quot;shutter_speed&quot;:&quot;0&quot;,&quot;title&quot;:&quot;&quot;,&quot;orientation&quot;:&quot;0&quot;}\" data-image-title=\"WhatsApp Image 2022-06-24 at 7.49.02 AM\" data-image-description=\"\" data-image-caption=\"\" data-large-file=\"https:\/\/www.hoymercedes.com.ar\/principal\/wp-content\/uploads\/2022\/06\/WhatsApp-Image-2022-06-24-at-7.49.02-AM.jpeg\" src=\"https:\/\/www.hoymercedes.com.ar\/principal\/wp-content\/uploads\/2022\/06\/WhatsApp-Image-2022-06-24-at-7.49.02-AM.jpeg\" alt=\"\" class=\"wp-image-149766\" srcset=\"https:\/\/www.hoymercedes.com.ar\/principal\/wp-content\/uploads\/2022\/06\/WhatsApp-Image-2022-06-24-at-7.49.02-AM.jpeg 800w, https:\/\/www.hoymercedes.com.ar\/principal\/wp-content\/uploads\/2022\/06\/WhatsApp-Image-2022-06-24-at-7.49.02-AM-630x473.jpeg 630w, https:\/\/www.hoymercedes.com.ar\/principal\/wp-content\/uploads\/2022\/06\/WhatsApp-Image-2022-06-24-at-7.49.02-AM-150x113.jpeg 150w\" sizes=\"auto, (max-width: 800px) 100vw, 800px\" \/><\/figure>\n<\/div>\n\n<div class=\"wp-block-image\">\n<figure class=\"aligncenter size-full\"><img loading=\"lazy\" decoding=\"async\" width=\"800\" height=\"534\" data-attachment-id=\"149764\" data-permalink=\"https:\/\/www.hoymercedes.com.ar\/principal\/2022\/06\/24\/mercedinos-pro-en-acto-de-iguacel-como-precandidato-a-la-gobernacion\/whatsapp-image-2022-06-24-at-7-49-01-am-1\/#main\" data-orig-file=\"https:\/\/www.hoymercedes.com.ar\/principal\/wp-content\/uploads\/2022\/06\/WhatsApp-Image-2022-06-24-at-7.49.01-AM-1.jpeg\" data-orig-size=\"800,534\" data-comments-opened=\"0\" data-image-meta=\"{&quot;aperture&quot;:&quot;0&quot;,&quot;credit&quot;:&quot;&quot;,&quot;camera&quot;:&quot;&quot;,&quot;caption&quot;:&quot;&quot;,&quot;created_timestamp&quot;:&quot;1656085920&quot;,&quot;copyright&quot;:&quot;&quot;,&quot;focal_length&quot;:&quot;0&quot;,&quot;iso&quot;:&quot;0&quot;,&quot;shutter_speed&quot;:&quot;0&quot;,&quot;title&quot;:&quot;&quot;,&quot;orientation&quot;:&quot;1&quot;}\" data-image-title=\"WhatsApp Image 2022-06-24 at 7.49.01 AM (1)\" data-image-description=\"\" data-image-caption=\"\" data-large-file=\"https:\/\/www.hoymercedes.com.ar\/principal\/wp-content\/uploads\/2022\/06\/WhatsApp-Image-2022-06-24-at-7.49.01-AM-1.jpeg\" src=\"https:\/\/www.hoymercedes.com.ar\/principal\/wp-content\/uploads\/2022\/06\/WhatsApp-Image-2022-06-24-at-7.49.01-AM-1.jpeg\" alt=\"\" class=\"wp-image-149764\" srcset=\"https:\/\/www.hoymercedes.com.ar\/principal\/wp-content\/uploads\/2022\/06\/WhatsApp-Image-2022-06-24-at-7.49.01-AM-1.jpeg 800w, https:\/\/www.hoymercedes.com.ar\/principal\/wp-content\/uploads\/2022\/06\/WhatsApp-Image-2022-06-24-at-7.49.01-AM-1-630x421.jpeg 630w, https:\/\/www.hoymercedes.com.ar\/principal\/wp-content\/uploads\/2022\/06\/WhatsApp-Image-2022-06-24-at-7.49.01-AM-1-150x100.jpeg 150w\" sizes=\"auto, (max-width: 800px) 100vw, 800px\" \/><\/figure>\n<\/div>","protected":false},"excerpt":{"rendered":"<p>En la jornada del jueves, integrantes del PRO Mercedes asistieron a un acto junto al Pre Candidato a Gobernador de &#8230; <a title=\"Mercedinos PRO en acto de Iguacel como precandidato a la Gobernaci\u00f3n\" class=\"read-more\" href=\"https:\/\/www.hoymercedes.com.ar\/principal\/2022\/06\/24\/mercedinos-pro-en-acto-de-iguacel-como-precandidato-a-la-gobernacion\/\" aria-label=\"Leer m\u00e1s sobre Mercedinos PRO en acto de Iguacel como precandidato a la Gobernaci\u00f3n\">Leer m\u00e1s<\/a><\/p>\n","protected":false},"author":1,"featured_media":149765,"comment_status":"closed","ping_status":"open","sticky":false,"template":"","format":"standard","meta":{"_monsterinsights_skip_tracking":false,"_monsterinsights_sitenote_active":false,"_monsterinsights_sitenote_note":"","_monsterinsights_sitenote_category":0,"jetpack_post_was_ever_published":false,"_jetpack_newsletter_access":"","_jetpack_dont_email_post_to_subs":false,"_jetpack_newsletter_tier_id":0,"_jetpack_memberships_contains_paywalled_content":false,"_jetpack_memberships_contains_paid_content":false,"footnotes":"","jetpack_publicize_message":"","jetpack_publicize_feature_enabled":true,"jetpack_social_post_already_shared":true,"jetpack_social_options":{"image_generator_settings":{"template":"highway","default_image_id":0,"font":"","enabled":false},"version":2},"_wpas_customize_per_network":false},"categories":[5],"tags":[5319],"class_list":["post-149763","post","type-post","status-publish","format-standard","has-post-thumbnail","hentry","category-politica","tag-politica-2","generate-columns","tablet-grid-50","mobile-grid-100","grid-parent","grid-50"],"jetpack_publicize_connections":[],"jetpack_featured_media_url":"https:\/\/www.hoymercedes.com.ar\/principal\/wp-content\/uploads\/2022\/06\/WhatsApp-Image-2022-06-24-at-7.49.01-AM.jpeg","wps_subtitle":"","jetpack_sharing_enabled":true,"_links":{"self":[{"href":"https:\/\/www.hoymercedes.com.ar\/principal\/wp-json\/wp\/v2\/posts\/149763","targetHints":{"allow":["GET"]}}],"collection":[{"href":"https:\/\/www.hoymercedes.com.ar\/principal\/wp-json\/wp\/v2\/posts"}],"about":[{"href":"https:\/\/www.hoymercedes.com.ar\/principal\/wp-json\/wp\/v2\/types\/post"}],"author":[{"embeddable":true,"href":"https:\/\/www.hoymercedes.com.ar\/principal\/wp-json\/wp\/v2\/users\/1"}],"replies":[{"embeddable":true,"href":"https:\/\/www.hoymercedes.com.ar\/principal\/wp-json\/wp\/v2\/comments?post=149763"}],"version-history":[{"count":0,"href":"https:\/\/www.hoymercedes.com.ar\/principal\/wp-json\/wp\/v2\/posts\/149763\/revisions"}],"wp:featuredmedia":[{"embeddable":true,"href":"https:\/\/www.hoymercedes.com.ar\/principal\/wp-json\/wp\/v2\/media\/149765"}],"wp:attachment":[{"href":"https:\/\/www.hoymercedes.com.ar\/principal\/wp-json\/wp\/v2\/media?parent=149763"}],"wp:term":[{"taxonomy":"category","embeddable":true,"href":"https:\/\/www.hoymercedes.com.ar\/principal\/wp-json\/wp\/v2\/categories?post=149763"},{"taxonomy":"post_tag","embeddable":true,"href":"https:\/\/www.hoymercedes.com.ar\/principal\/wp-json\/wp\/v2\/tags?post=149763"}],"curies":[{"name":"wp","href":"https:\/\/api.w.org\/{rel}","templated":true}]}}