{"id":149780,"date":"2022-06-24T19:00:00","date_gmt":"2022-06-24T22:00:00","guid":{"rendered":"https:\/\/www.hoymercedes.com.ar\/principal\/?p=149780"},"modified":"2022-06-24T17:44:33","modified_gmt":"2022-06-24T20:44:33","slug":"condenan-a-18-y-19-anos-de-prision-a-tres-integrantes-de-la-banda-del-millon","status":"publish","type":"post","link":"https:\/\/www.hoymercedes.com.ar\/principal\/2022\/06\/24\/condenan-a-18-y-19-anos-de-prision-a-tres-integrantes-de-la-banda-del-millon\/","title":{"rendered":"Condenan a 18 y 19 a\u00f1os de prisi\u00f3n a tres integrantes de la \u201cBanda del mill\u00f3n\u201d\u00a0"},"content":{"rendered":"\n<p>En la jornada del pasado mi\u00e9rcoles 22 se dio a conocer la sentencia sobre tres sujetos que llegaron a debate oral y p\u00fablico por tratarse de integrantes de la denominada popularmente \u00abBanda del mill\u00f3n\u00bb. Se trata de Mat\u00edas Maximiliano Milantich Cejas, alias \u00abRubio\u00bb,\u00a0Oscar Leonardo Mercado Impa, apodado \u00abChueco\u00bb, y Rolando Agust\u00edn Sandoval Burgo, alias \u201cMono\u201d, quienes ya hab\u00edan recibido un adelanto de veredicto condenatorio el pasado 3 de junio en el Tribunal Oral en lo Criminal N\u00b0 1 de la ciudad de Mercedes por ser considerados autores penalmente responsables del delito ocurrido el 19 de septiembre de 2016 frente al banco Provincia de General Rodr\u00edguez.\u00a0<\/p>\n\n\n\n<p>Cabe recordar, que se trata de un hecho que trascendi\u00f3 p\u00fablicamente, en el cual los integrantes de esta banda le arrebataron al gerente de la firma productora de pollos \u00abQue Rico\u00bb una mochila que conten\u00eda esa suma de un mill\u00f3n de pesos frente al Banco Provincia de General Rodr\u00edguez, donde hab\u00eda ido a hacer un dep\u00f3sito. Tras ello, los sujetos se tirotearon con un polic\u00eda y dos transe\u00fantes terminaron heridos de bala.&nbsp;<\/p>\n\n\n\n<p>En el fallo, los doctores Daniel Eugenio Machain, Jorge Pablo Vieiro y Eduardo Losada se refirieron tanto a este, como a otros seis hechos en los cuales se discuti\u00f3 la participaci\u00f3n de los imputados. Finalmente, esta semana se conoci\u00f3 el fallo completo y las penas que recibieron los ahora condenados.&nbsp;<\/p>\n\n\n\n<p>As\u00ed, seg\u00fan consta en la resoluci\u00f3n de los magistrados, Mat\u00edas Maximiliano Milantich Cejas fue encontrado culpable de los delitos de \u201cHomicidio agravado criminis causae para consumar el despojo y procurar su impunidad y con el uso de arma de fuego en grado de tentativa, en concurso real con robo doblemente calificado por la utilizaci\u00f3n de arma de fuego apta para el disparo y por su comisi\u00f3n en poblado y en banda, y portaci\u00f3n de arma de uso civil sin la debida autorizaci\u00f3n legal\u201d (hecho frente al Banco Provincia en General Rodr\u00edguez); \u201cRobo calificado por cometerse en lugar poblado y en banda\u201d (hecho ocurrido el 31 de agosto de 2010);&nbsp; y \u201cPortaci\u00f3n de arma de guerra sin la debida autorizaci\u00f3n legal &#8211; reiterado en tres oportunidades -, disparo de arma de fuego agravado por haber sido cometido para procurar la impunidad y contra un miembro de las fuerzas policiales y encubrimiento agravado por el \u00e1nimo de lucro\u201d (hecho ocurrido el 28 de octubre de 2016 y tras el cual fuera detenido) a la pena de 19 a\u00f1os de prisi\u00f3n&nbsp;<\/p>\n\n\n\n<p>Fue condenado tambi\u00e9n Oscar Leonardo Mercado Impa por los delitos de \u201cHomicidio agravado criminis causae para consumar el despojo y procurar su impunidad y con el uso de arma de fuego en grado de tentativa, en concurso real con robo doblemente calificado por la utilizaci\u00f3n de arma de fuego apta para el disparo y por su comisi\u00f3n en poblado y en banda, y portaci\u00f3n de arma de uso civil sin la debida autorizaci\u00f3n legal\u201d (hecho frente al Banco Provincia en General Rodr\u00edguez) y \u201cPortaci\u00f3n de arma de guerra sin la debida autorizaci\u00f3n legal &#8211; reiterado en tres oportunidades -, disparo de arma de fuego agravado por haber sido cometido para procurar la impunidad y contra un miembro de las fuerzas policiales y encubrimiento agravado por el \u00e1nimo de lucro\u201d (hecho ocurrido el 28 de octubre de 2016 y tras el cual fuera detenido) a la pena de 18 a\u00f1os de prisi\u00f3n&nbsp;<\/p>\n\n\n\n<p>En tanto, tambi\u00e9n recibi\u00f3 una pena de 18 a\u00f1os de prisi\u00f3n, Rolando Agust\u00edn Sandoval Burgo por los delitos de \u201cHomicidio agravado criminis causae para consumar el despojo y procurar su impunidad y con el uso de arma de fuego en grado de tentativa, en concurso real con robo doblemente calificado por la utilizaci\u00f3n de arma de fuego apta para el disparo y por su comisi\u00f3n en poblado y en banda, y portaci\u00f3n de arma de uso civil sin la debida autorizaci\u00f3n legal\u201d (hecho frente al Banco Provincia en General Rodr\u00edguez); y por \u201cHomicidio en ocasi\u00f3n de robo\u201d (ocurrido el 10 de septiembre de 2016).&nbsp;<\/p>\n\n\n\n<p>Vale destacar que un cuarto integrante de esta banda ya hab\u00eda sido condenado a instancias de un juicio abreviado.&nbsp;<\/p>\n\n\n\n<p>En tanto, otras cuatro personas llegaron al debate oral junto a los ahora condenados, dos de ellos resultaron absueltos al no poder acreditarse su participaci\u00f3n en ninguno de los hechos que se ventilaron durante las jornadas. Mientras que los dos restantes fueron condenados a 6 a\u00f1os de prisi\u00f3n como coautores de un solo hecho (\u201cHomicidio en ocasi\u00f3n de robo\u201d- hecho por el que fue condenado Sandoval), en calidad de part\u00edcipes necesarios.\u00a0<\/p>\n\n\n\n<p>Fuente: Ministerio P\u00fablico Fiscal &#8211; Departamento Judicial Mercedes<\/p>\n","protected":false},"excerpt":{"rendered":"<p>En la jornada del pasado mi\u00e9rcoles 22 se dio a conocer la sentencia sobre tres sujetos que llegaron a debate &#8230; <a title=\"Condenan a 18 y 19 a\u00f1os de prisi\u00f3n a tres integrantes de la \u201cBanda del mill\u00f3n\u201d\u00a0\" class=\"read-more\" href=\"https:\/\/www.hoymercedes.com.ar\/principal\/2022\/06\/24\/condenan-a-18-y-19-anos-de-prision-a-tres-integrantes-de-la-banda-del-millon\/\" aria-label=\"Leer m\u00e1s sobre Condenan a 18 y 19 a\u00f1os de prisi\u00f3n a tres integrantes de la \u201cBanda del mill\u00f3n\u201d\u00a0\">Leer m\u00e1s<\/a><\/p>\n","protected":false},"author":1,"featured_media":64433,"comment_status":"closed","ping_status":"open","sticky":false,"template":"","format":"standard","meta":{"_monsterinsights_skip_tracking":false,"_monsterinsights_sitenote_active":false,"_monsterinsights_sitenote_note":"","_monsterinsights_sitenote_category":0,"jetpack_post_was_ever_published":false,"_jetpack_newsletter_access":"","_jetpack_dont_email_post_to_subs":false,"_jetpack_newsletter_tier_id":0,"_jetpack_memberships_contains_paywalled_content":false,"_jetpack_memberships_contains_paid_content":false,"footnotes":"","jetpack_publicize_message":"","jetpack_publicize_feature_enabled":true,"jetpack_social_post_already_shared":true,"jetpack_social_options":{"image_generator_settings":{"template":"highway","default_image_id":0,"font":"","enabled":false},"version":2},"_wpas_customize_per_network":false},"categories":[85],"tags":[],"class_list":["post-149780","post","type-post","status-publish","format-standard","has-post-thumbnail","hentry","category-policial","generate-columns","tablet-grid-50","mobile-grid-100","grid-parent","grid-50"],"jetpack_publicize_connections":[],"jetpack_featured_media_url":"https:\/\/www.hoymercedes.com.ar\/principal\/wp-content\/uploads\/2017\/07\/tribunales.jpg","wps_subtitle":"","jetpack_sharing_enabled":true,"_links":{"self":[{"href":"https:\/\/www.hoymercedes.com.ar\/principal\/wp-json\/wp\/v2\/posts\/149780","targetHints":{"allow":["GET"]}}],"collection":[{"href":"https:\/\/www.hoymercedes.com.ar\/principal\/wp-json\/wp\/v2\/posts"}],"about":[{"href":"https:\/\/www.hoymercedes.com.ar\/principal\/wp-json\/wp\/v2\/types\/post"}],"author":[{"embeddable":true,"href":"https:\/\/www.hoymercedes.com.ar\/principal\/wp-json\/wp\/v2\/users\/1"}],"replies":[{"embeddable":true,"href":"https:\/\/www.hoymercedes.com.ar\/principal\/wp-json\/wp\/v2\/comments?post=149780"}],"version-history":[{"count":0,"href":"https:\/\/www.hoymercedes.com.ar\/principal\/wp-json\/wp\/v2\/posts\/149780\/revisions"}],"wp:featuredmedia":[{"embeddable":true,"href":"https:\/\/www.hoymercedes.com.ar\/principal\/wp-json\/wp\/v2\/media\/64433"}],"wp:attachment":[{"href":"https:\/\/www.hoymercedes.com.ar\/principal\/wp-json\/wp\/v2\/media?parent=149780"}],"wp:term":[{"taxonomy":"category","embeddable":true,"href":"https:\/\/www.hoymercedes.com.ar\/principal\/wp-json\/wp\/v2\/categories?post=149780"},{"taxonomy":"post_tag","embeddable":true,"href":"https:\/\/www.hoymercedes.com.ar\/principal\/wp-json\/wp\/v2\/tags?post=149780"}],"curies":[{"name":"wp","href":"https:\/\/api.w.org\/{rel}","templated":true}]}}