{"id":149895,"date":"2022-06-26T18:30:00","date_gmt":"2022-06-26T21:30:00","guid":{"rendered":"https:\/\/www.hoymercedes.com.ar\/principal\/?p=149895"},"modified":"2022-06-26T18:17:22","modified_gmt":"2022-06-26T21:17:22","slug":"sabado-de-festejo-por-los-270-anos-de-los-origenes-de-mercedes","status":"publish","type":"post","link":"https:\/\/www.hoymercedes.com.ar\/principal\/2022\/06\/26\/sabado-de-festejo-por-los-270-anos-de-los-origenes-de-mercedes\/","title":{"rendered":"S\u00e1bado de festejo por los 270 a\u00f1os de los or\u00edgenes de Mercedes"},"content":{"rendered":"\n<p>El s\u00e1bado a lo largo de todo el d\u00eda hubo diferentes actividades en la Plaza San Mart\u00edn y sus inmediaciones con el objetivo de celebrar los 270 a\u00f1os de la llegada de La Valerosa con los Blandengues, hecho que se reconoce como los or\u00edgenes de Mercedes. En el escenario principal sobre avenida 29 hubo m\u00fasica en vivo, mientras que alrededor de la plaza hubo juegos, puestos de ventas de artesan\u00edas y alimentos varios, un paseo gastron\u00f3mico con alimentos sustentables y cervezas artasanales y un espacio recreativo para los m\u00e1s peque\u00f1os. <\/p>\n\n\n\n<p>La Estaci\u00f3n Juego con inflables, y mundialito con la participaci\u00f3n de 13 clubes promovieron el juego no competitivo desde la ma\u00f1ana. Por el escenario principal pasaron Oscar Rosello, Arde Roma, Escuelas de Danza, Arde Roma, Botija Mujica, Dj Marful, Menta y Lim\u00f3n y el cierre de El Polaco con un gran marco de p\u00fablico. <\/p>\n\n\n\n<p>Ante los presentes, el Intendente Municipal Juan Ignacio Ustarroz tom\u00f3 la palabra: \u201cSolo tenemos palabras de agradecimiento para cada familia, cada visitante, porque ha sido una fiesta hermosa, llena de alegr\u00eda y en una plaza San Mart\u00edn engalanada para la ocasi\u00f3n. Es un aniversario que nos encuentro como comunidad muy unidos. As\u00ed que nuevamente gracias\u201d.\u00a0<\/p>\n\n\n\n<p>La fiesta fue transmitida por las redes sociales del Municipio, por lo tanto, cualquier persona puede revivirla a trav\u00e9s de estos medios. <\/p>\n\n\n\n<div class=\"wp-block-jetpack-slideshow aligncenter\" data-effect=\"slide\"><div class=\"wp-block-jetpack-slideshow_container swiper-container\"><ul class=\"wp-block-jetpack-slideshow_swiper-wrapper swiper-wrapper\"><li class=\"wp-block-jetpack-slideshow_slide swiper-slide\"><figure><img loading=\"lazy\" decoding=\"async\" width=\"929\" height=\"615\" alt=\"\" class=\"wp-block-jetpack-slideshow_image wp-image-149899\" data-id=\"149899\" src=\"https:\/\/www.hoymercedes.com.ar\/principal\/wp-content\/uploads\/2022\/06\/DSC_3736.jpg\" srcset=\"https:\/\/www.hoymercedes.com.ar\/principal\/wp-content\/uploads\/2022\/06\/DSC_3736.jpg 929w, https:\/\/www.hoymercedes.com.ar\/principal\/wp-content\/uploads\/2022\/06\/DSC_3736-630x417.jpg 630w, https:\/\/www.hoymercedes.com.ar\/principal\/wp-content\/uploads\/2022\/06\/DSC_3736-150x99.jpg 150w\" sizes=\"(max-width: 929px) 100vw, 929px\" \/><\/figure><\/li><li class=\"wp-block-jetpack-slideshow_slide swiper-slide\"><figure><img loading=\"lazy\" decoding=\"async\" width=\"929\" height=\"615\" alt=\"\" class=\"wp-block-jetpack-slideshow_image wp-image-149900\" data-id=\"149900\" src=\"https:\/\/www.hoymercedes.com.ar\/principal\/wp-content\/uploads\/2022\/06\/DSC_3301.NEF_.jpg\" srcset=\"https:\/\/www.hoymercedes.com.ar\/principal\/wp-content\/uploads\/2022\/06\/DSC_3301.NEF_.jpg 929w, https:\/\/www.hoymercedes.com.ar\/principal\/wp-content\/uploads\/2022\/06\/DSC_3301.NEF_-630x417.jpg 630w, https:\/\/www.hoymercedes.com.ar\/principal\/wp-content\/uploads\/2022\/06\/DSC_3301.NEF_-150x99.jpg 150w\" sizes=\"(max-width: 929px) 100vw, 929px\" \/><\/figure><\/li><li class=\"wp-block-jetpack-slideshow_slide swiper-slide\"><figure><img loading=\"lazy\" decoding=\"async\" width=\"929\" height=\"615\" alt=\"\" class=\"wp-block-jetpack-slideshow_image wp-image-149901\" data-id=\"149901\" src=\"https:\/\/www.hoymercedes.com.ar\/principal\/wp-content\/uploads\/2022\/06\/DSC_3451.NEF_.jpg\" srcset=\"https:\/\/www.hoymercedes.com.ar\/principal\/wp-content\/uploads\/2022\/06\/DSC_3451.NEF_.jpg 929w, https:\/\/www.hoymercedes.com.ar\/principal\/wp-content\/uploads\/2022\/06\/DSC_3451.NEF_-630x417.jpg 630w, https:\/\/www.hoymercedes.com.ar\/principal\/wp-content\/uploads\/2022\/06\/DSC_3451.NEF_-150x99.jpg 150w\" sizes=\"(max-width: 929px) 100vw, 929px\" \/><\/figure><\/li><li class=\"wp-block-jetpack-slideshow_slide swiper-slide\"><figure><img loading=\"lazy\" decoding=\"async\" width=\"929\" height=\"615\" alt=\"\" class=\"wp-block-jetpack-slideshow_image wp-image-149902\" data-id=\"149902\" src=\"https:\/\/www.hoymercedes.com.ar\/principal\/wp-content\/uploads\/2022\/06\/DSC_3588.NEF_.jpg\" srcset=\"https:\/\/www.hoymercedes.com.ar\/principal\/wp-content\/uploads\/2022\/06\/DSC_3588.NEF_.jpg 929w, https:\/\/www.hoymercedes.com.ar\/principal\/wp-content\/uploads\/2022\/06\/DSC_3588.NEF_-630x417.jpg 630w, https:\/\/www.hoymercedes.com.ar\/principal\/wp-content\/uploads\/2022\/06\/DSC_3588.NEF_-150x99.jpg 150w\" sizes=\"(max-width: 929px) 100vw, 929px\" \/><\/figure><\/li><li class=\"wp-block-jetpack-slideshow_slide swiper-slide\"><figure><img loading=\"lazy\" decoding=\"async\" width=\"929\" height=\"615\" alt=\"\" class=\"wp-block-jetpack-slideshow_image wp-image-149903\" data-id=\"149903\" src=\"https:\/\/www.hoymercedes.com.ar\/principal\/wp-content\/uploads\/2022\/06\/DSC_3662.NEF_.jpg\" srcset=\"https:\/\/www.hoymercedes.com.ar\/principal\/wp-content\/uploads\/2022\/06\/DSC_3662.NEF_.jpg 929w, https:\/\/www.hoymercedes.com.ar\/principal\/wp-content\/uploads\/2022\/06\/DSC_3662.NEF_-630x417.jpg 630w, https:\/\/www.hoymercedes.com.ar\/principal\/wp-content\/uploads\/2022\/06\/DSC_3662.NEF_-150x99.jpg 150w\" sizes=\"(max-width: 929px) 100vw, 929px\" \/><\/figure><\/li><li class=\"wp-block-jetpack-slideshow_slide swiper-slide\"><figure><img loading=\"lazy\" decoding=\"async\" width=\"929\" height=\"615\" alt=\"\" class=\"wp-block-jetpack-slideshow_image wp-image-149904\" data-id=\"149904\" src=\"https:\/\/www.hoymercedes.com.ar\/principal\/wp-content\/uploads\/2022\/06\/DSC_3300.jpg\" srcset=\"https:\/\/www.hoymercedes.com.ar\/principal\/wp-content\/uploads\/2022\/06\/DSC_3300.jpg 929w, https:\/\/www.hoymercedes.com.ar\/principal\/wp-content\/uploads\/2022\/06\/DSC_3300-630x417.jpg 630w, https:\/\/www.hoymercedes.com.ar\/principal\/wp-content\/uploads\/2022\/06\/DSC_3300-150x99.jpg 150w\" sizes=\"(max-width: 929px) 100vw, 929px\" \/><\/figure><\/li><li class=\"wp-block-jetpack-slideshow_slide swiper-slide\"><figure><img loading=\"lazy\" decoding=\"async\" width=\"929\" height=\"615\" alt=\"\" class=\"wp-block-jetpack-slideshow_image wp-image-149905\" data-id=\"149905\" src=\"https:\/\/www.hoymercedes.com.ar\/principal\/wp-content\/uploads\/2022\/06\/DSC_3295.NEF_.jpg\" srcset=\"https:\/\/www.hoymercedes.com.ar\/principal\/wp-content\/uploads\/2022\/06\/DSC_3295.NEF_.jpg 929w, https:\/\/www.hoymercedes.com.ar\/principal\/wp-content\/uploads\/2022\/06\/DSC_3295.NEF_-630x417.jpg 630w, https:\/\/www.hoymercedes.com.ar\/principal\/wp-content\/uploads\/2022\/06\/DSC_3295.NEF_-150x99.jpg 150w\" sizes=\"(max-width: 929px) 100vw, 929px\" \/><\/figure><\/li><li class=\"wp-block-jetpack-slideshow_slide swiper-slide\"><figure><img loading=\"lazy\" decoding=\"async\" width=\"1094\" height=\"615\" alt=\"\" class=\"wp-block-jetpack-slideshow_image wp-image-149906\" data-id=\"149906\" src=\"https:\/\/www.hoymercedes.com.ar\/principal\/wp-content\/uploads\/2022\/06\/DJI_0113.jpg\" srcset=\"https:\/\/www.hoymercedes.com.ar\/principal\/wp-content\/uploads\/2022\/06\/DJI_0113.jpg 1094w, https:\/\/www.hoymercedes.com.ar\/principal\/wp-content\/uploads\/2022\/06\/DJI_0113-630x354.jpg 630w, https:\/\/www.hoymercedes.com.ar\/principal\/wp-content\/uploads\/2022\/06\/DJI_0113-1024x576.jpg 1024w, https:\/\/www.hoymercedes.com.ar\/principal\/wp-content\/uploads\/2022\/06\/DJI_0113-150x84.jpg 150w\" sizes=\"(max-width: 1094px) 100vw, 1094px\" \/><\/figure><\/li><li class=\"wp-block-jetpack-slideshow_slide swiper-slide\"><figure><img loading=\"lazy\" decoding=\"async\" width=\"1094\" height=\"615\" alt=\"\" class=\"wp-block-jetpack-slideshow_image wp-image-149907\" data-id=\"149907\" src=\"https:\/\/www.hoymercedes.com.ar\/principal\/wp-content\/uploads\/2022\/06\/DJI_0091.jpg\" srcset=\"https:\/\/www.hoymercedes.com.ar\/principal\/wp-content\/uploads\/2022\/06\/DJI_0091.jpg 1094w, https:\/\/www.hoymercedes.com.ar\/principal\/wp-content\/uploads\/2022\/06\/DJI_0091-630x354.jpg 630w, https:\/\/www.hoymercedes.com.ar\/principal\/wp-content\/uploads\/2022\/06\/DJI_0091-1024x576.jpg 1024w, https:\/\/www.hoymercedes.com.ar\/principal\/wp-content\/uploads\/2022\/06\/DJI_0091-150x84.jpg 150w\" sizes=\"(max-width: 1094px) 100vw, 1094px\" \/><\/figure><\/li><\/ul><a class=\"wp-block-jetpack-slideshow_button-prev swiper-button-prev swiper-button-white\" role=\"button\"><\/a><a class=\"wp-block-jetpack-slideshow_button-next swiper-button-next swiper-button-white\" role=\"button\"><\/a><a aria-label=\"Pause Slideshow\" class=\"wp-block-jetpack-slideshow_button-pause\" role=\"button\"><\/a><div class=\"wp-block-jetpack-slideshow_pagination swiper-pagination swiper-pagination-white\"><\/div><\/div><\/div>\n\n\n\n<p><\/p>\n","protected":false},"excerpt":{"rendered":"<p>S\u00e1bado de festejo por los 270 a\u00f1os de los or\u00edgenes de Mercedes. Con fotos<\/p>\n","protected":false},"author":1,"featured_media":149907,"comment_status":"closed","ping_status":"open","sticky":false,"template":"","format":"standard","meta":{"_monsterinsights_skip_tracking":false,"_monsterinsights_sitenote_active":false,"_monsterinsights_sitenote_note":"","_monsterinsights_sitenote_category":0,"jetpack_post_was_ever_published":false,"_jetpack_newsletter_access":"","_jetpack_dont_email_post_to_subs":false,"_jetpack_newsletter_tier_id":0,"_jetpack_memberships_contains_paywalled_content":false,"_jetpack_memberships_contains_paid_content":false,"footnotes":"","jetpack_publicize_message":"","jetpack_publicize_feature_enabled":true,"jetpack_social_post_already_shared":true,"jetpack_social_options":{"image_generator_settings":{"template":"highway","default_image_id":0,"font":"","enabled":false},"version":2},"_wpas_customize_per_network":false},"categories":[30],"tags":[244],"class_list":["post-149895","post","type-post","status-publish","format-standard","has-post-thumbnail","hentry","category-municipio","tag-municipio-2","generate-columns","tablet-grid-50","mobile-grid-100","grid-parent","grid-50"],"jetpack_publicize_connections":[],"jetpack_featured_media_url":"https:\/\/www.hoymercedes.com.ar\/principal\/wp-content\/uploads\/2022\/06\/DJI_0091.jpg","wps_subtitle":"","jetpack_sharing_enabled":true,"_links":{"self":[{"href":"https:\/\/www.hoymercedes.com.ar\/principal\/wp-json\/wp\/v2\/posts\/149895","targetHints":{"allow":["GET"]}}],"collection":[{"href":"https:\/\/www.hoymercedes.com.ar\/principal\/wp-json\/wp\/v2\/posts"}],"about":[{"href":"https:\/\/www.hoymercedes.com.ar\/principal\/wp-json\/wp\/v2\/types\/post"}],"author":[{"embeddable":true,"href":"https:\/\/www.hoymercedes.com.ar\/principal\/wp-json\/wp\/v2\/users\/1"}],"replies":[{"embeddable":true,"href":"https:\/\/www.hoymercedes.com.ar\/principal\/wp-json\/wp\/v2\/comments?post=149895"}],"version-history":[{"count":0,"href":"https:\/\/www.hoymercedes.com.ar\/principal\/wp-json\/wp\/v2\/posts\/149895\/revisions"}],"wp:featuredmedia":[{"embeddable":true,"href":"https:\/\/www.hoymercedes.com.ar\/principal\/wp-json\/wp\/v2\/media\/149907"}],"wp:attachment":[{"href":"https:\/\/www.hoymercedes.com.ar\/principal\/wp-json\/wp\/v2\/media?parent=149895"}],"wp:term":[{"taxonomy":"category","embeddable":true,"href":"https:\/\/www.hoymercedes.com.ar\/principal\/wp-json\/wp\/v2\/categories?post=149895"},{"taxonomy":"post_tag","embeddable":true,"href":"https:\/\/www.hoymercedes.com.ar\/principal\/wp-json\/wp\/v2\/tags?post=149895"}],"curies":[{"name":"wp","href":"https:\/\/api.w.org\/{rel}","templated":true}]}}