{"id":149910,"date":"2022-06-26T20:03:13","date_gmt":"2022-06-26T23:03:13","guid":{"rendered":"https:\/\/www.hoymercedes.com.ar\/principal\/?p=149910"},"modified":"2022-06-26T20:03:16","modified_gmt":"2022-06-26T23:03:16","slug":"presentaron-el-tren-turistico-que-une-trocha-con-tomas-jofre","status":"publish","type":"post","link":"https:\/\/www.hoymercedes.com.ar\/principal\/2022\/06\/26\/presentaron-el-tren-turistico-que-une-trocha-con-tomas-jofre\/","title":{"rendered":"Presentaron el Tren Tur\u00edstico que une Trocha con Tom\u00e1s Jofr\u00e9"},"content":{"rendered":"\n<p>En el marco de los festejos por el aniversario de los or\u00edgenes de Mercedes, se presenta\u00f3 la formaci\u00f3n del tren tur\u00edstico que circular\u00e1 por Mercedes (Estaci\u00f3n La Trocha), Altamira y Tom\u00e1s Jofr\u00e9. El acto protocolar cont\u00f3 con la presencia de las autoridades municipales, nacionales y el responsable de Trenes Argentino. <\/p>\n\n\n<div class=\"wp-block-image\">\n<figure class=\"aligncenter size-full\"><img loading=\"lazy\" decoding=\"async\" width=\"800\" height=\"533\" data-attachment-id=\"149913\" data-permalink=\"https:\/\/www.hoymercedes.com.ar\/principal\/2022\/06\/26\/presentaron-el-tren-turistico-que-une-trocha-con-tomas-jofre\/24-5\/#main\" data-orig-file=\"https:\/\/www.hoymercedes.com.ar\/principal\/wp-content\/uploads\/2022\/06\/24.jpeg\" data-orig-size=\"800,533\" data-comments-opened=\"0\" data-image-meta=\"{&quot;aperture&quot;:&quot;0&quot;,&quot;credit&quot;:&quot;&quot;,&quot;camera&quot;:&quot;&quot;,&quot;caption&quot;:&quot;&quot;,&quot;created_timestamp&quot;:&quot;0&quot;,&quot;copyright&quot;:&quot;&quot;,&quot;focal_length&quot;:&quot;0&quot;,&quot;iso&quot;:&quot;0&quot;,&quot;shutter_speed&quot;:&quot;0&quot;,&quot;title&quot;:&quot;&quot;,&quot;orientation&quot;:&quot;0&quot;}\" data-image-title=\"24\" data-image-description=\"\" data-image-caption=\"\" data-large-file=\"https:\/\/www.hoymercedes.com.ar\/principal\/wp-content\/uploads\/2022\/06\/24.jpeg\" src=\"https:\/\/www.hoymercedes.com.ar\/principal\/wp-content\/uploads\/2022\/06\/24.jpeg\" alt=\"\" class=\"wp-image-149913\" srcset=\"https:\/\/www.hoymercedes.com.ar\/principal\/wp-content\/uploads\/2022\/06\/24.jpeg 800w, https:\/\/www.hoymercedes.com.ar\/principal\/wp-content\/uploads\/2022\/06\/24-630x420.jpeg 630w, https:\/\/www.hoymercedes.com.ar\/principal\/wp-content\/uploads\/2022\/06\/24-150x100.jpeg 150w, https:\/\/www.hoymercedes.com.ar\/principal\/wp-content\/uploads\/2022\/06\/24-700x465.jpeg 700w\" sizes=\"auto, (max-width: 800px) 100vw, 800px\" \/><\/figure>\n<\/div>\n\n\n<p>La formaci\u00f3n tra\u00edda desde C\u00f3rdoba tiene capacidad para m\u00e1s de 100 pasajeros. El recorrido unir\u00e1 La Trocha con dos pueblos rurales por donde supo funcionar el ferrocarril Belgrano Sur. Desde Trenes Argentinos Capital Humano majoraron el sistema de v\u00edas, la construcci\u00f3n de una estaci\u00f3n en Tom\u00e1s Jofr\u00e9, y se puso en valor la de Altamira. Asimismo, se acondicion\u00f3 la formaci\u00f3n para llevar adelante el recorrido propuesto. <\/p>\n\n\n\n<p>En el acto de presentaci\u00f3n del tren tur\u00edstico, estuvieron el presidente de Trenes Argentino C.H Dami\u00e1n Contreras, el intendente de Mercedes Juan Ignacio Ustarroz, invitados como el Diputado Nacional y ex Intendente Carlos Selva y los vecinos de la ciudad que obtuvieron su boleto para hacer el recorrido tur\u00edstico ferroviario.<\/p>\n\n\n\n<p>En el acto oficial, el primero en tomar la palabra fue Daniel Serra, de Amigos del Belgrano e hist\u00f3rico defensor del tren y La Trocha. Coment\u00f3 que \u201ctenemos la dicha y la satisfacci\u00f3n que gracias a Trenes Argentinos tenemos la \u00faltima pieza para armar este tan dif\u00edcil rompecabezas que es el trencito, hoy presente en la estaci\u00f3n de la trocha\u201d. Seguidamente, habl\u00f3 Marcelo Marlino, quien efectu\u00f3 un amplio y sesudo recorrido por la historia de los ferrocarriles argentinos en general y de La Trocha en particular. <\/p>\n\n\n\n<p>Dami\u00e1n Contreras, presidente de Trenes Argentinos Capital Humano, manifest\u00f3 que \u201crealmente es una alegr\u00eda, una emoci\u00f3n muy grande poder hoy compartir junto a los vecinos de Mercedes\u201d esta jornada y remarc\u00f3 \u201cel esfuerzo de este municipio, del sue\u00f1o de la vuelta de este tren tur\u00edstico que en medio de una pandemia, en medio de un aislamiento, durante todo el a\u00f1o pasado pudimos igualmente reinventarnos para seguir adelante con este proyecto\u201d y mencion\u00f3 que primero se pudo en valor las estaciones de Jofr\u00e9, Altamira, las v\u00edas y ahora arrib\u00f3 \u201ceste tren con capacidad para 112 personas y que muy pronto cuando junto con Juani podamos definir y diagramar la frecuencia\u00a0\u00a0estar\u00e1 comunicando estas localidades de Mercedes\u201d dijo y remarc\u00f3 que \u201cesto es para que lo disfruten cada uno de los vecinos, para que los turistas de nuestro pa\u00eds y del extranjero puedan conocer esta tan hermosa ciudad, as\u00ed que prontamente estaremos inaugurando y haciendo que este tren corra y como comunidad lo podamos disfrutar\u201d \u00a0<\/p>\n\n\n<div class=\"wp-block-image\">\n<figure class=\"aligncenter size-full\"><img loading=\"lazy\" decoding=\"async\" width=\"800\" height=\"533\" data-attachment-id=\"149911\" data-permalink=\"https:\/\/www.hoymercedes.com.ar\/principal\/2022\/06\/26\/presentaron-el-tren-turistico-que-une-trocha-con-tomas-jofre\/whatsapp-image-2022-06-25-at-8-17-16-pm-1-1\/#main\" data-orig-file=\"https:\/\/www.hoymercedes.com.ar\/principal\/wp-content\/uploads\/2022\/06\/WhatsApp-Image-2022-06-25-at-8.17.16-PM-1-1.jpeg\" data-orig-size=\"800,533\" data-comments-opened=\"0\" data-image-meta=\"{&quot;aperture&quot;:&quot;0&quot;,&quot;credit&quot;:&quot;&quot;,&quot;camera&quot;:&quot;&quot;,&quot;caption&quot;:&quot;&quot;,&quot;created_timestamp&quot;:&quot;0&quot;,&quot;copyright&quot;:&quot;&quot;,&quot;focal_length&quot;:&quot;0&quot;,&quot;iso&quot;:&quot;0&quot;,&quot;shutter_speed&quot;:&quot;0&quot;,&quot;title&quot;:&quot;&quot;,&quot;orientation&quot;:&quot;0&quot;}\" data-image-title=\"WhatsApp Image 2022-06-25 at 8.17.16 PM (1) (1)\" data-image-description=\"\" data-image-caption=\"\" data-large-file=\"https:\/\/www.hoymercedes.com.ar\/principal\/wp-content\/uploads\/2022\/06\/WhatsApp-Image-2022-06-25-at-8.17.16-PM-1-1.jpeg\" src=\"https:\/\/www.hoymercedes.com.ar\/principal\/wp-content\/uploads\/2022\/06\/WhatsApp-Image-2022-06-25-at-8.17.16-PM-1-1.jpeg\" alt=\"\" class=\"wp-image-149911\" srcset=\"https:\/\/www.hoymercedes.com.ar\/principal\/wp-content\/uploads\/2022\/06\/WhatsApp-Image-2022-06-25-at-8.17.16-PM-1-1.jpeg 800w, https:\/\/www.hoymercedes.com.ar\/principal\/wp-content\/uploads\/2022\/06\/WhatsApp-Image-2022-06-25-at-8.17.16-PM-1-1-630x420.jpeg 630w, https:\/\/www.hoymercedes.com.ar\/principal\/wp-content\/uploads\/2022\/06\/WhatsApp-Image-2022-06-25-at-8.17.16-PM-1-1-150x100.jpeg 150w, https:\/\/www.hoymercedes.com.ar\/principal\/wp-content\/uploads\/2022\/06\/WhatsApp-Image-2022-06-25-at-8.17.16-PM-1-1-700x465.jpeg 700w\" sizes=\"auto, (max-width: 800px) 100vw, 800px\" \/><\/figure>\n<\/div>\n\n\n<p><strong>Palabras de los presentes<\/strong><\/p>\n\n\n\n<p>Por su parte, el diputado nacional Carlos Selva, expres\u00f3 que \u201chay cosas que nos tienen que marcar claramente, la unidad de conceptos, la unidad de objetivos, que esta sociedad y que este pa\u00eds tiene que recorrer y que ese camino es positivo\u201d y que tras un gran esfuerzo desde el gobierno nacional se decidi\u00f3 que \u201cdesde el primer d\u00eda de nuestro gobierno si hubo algo que estuvo claramente definido era que el ferrocarril\u00a0\u00a0ten\u00eda que ser el punto de partida para la reconstrucci\u00f3n de la Argentina que hab\u00eda sufrido el industricidio m\u00e1s\u00a0\u00a0importante de los \u00faltimos a\u00f1os y para empezar a construir ese est\u00edmulo en la sociedad\u00a0\u00a0los ferrocarriles jugaban un rol fundamental\u201d manifest\u00f3. \u00a0<\/p>\n\n\n\n<p>Tambi\u00e9n dijo que \u201cva a ser el \u00fanico servicio tur\u00edstico de la provincia de Buenos Aires. De eso nos tenemos que sentir orgullosos y felicitar al intendente y al equipo por ser el \u00fanico tren circunscripto a una ciudad y esto tiene que ver por c\u00f3mo se fue articulando las decisiones y las acciones desde el municipio, la provincia y la Naci\u00f3n\u201d mencion\u00f3 \u00a0<\/p>\n\n\n\n<p>\u201cEstamos cumpliendo 270 a\u00f1os y es un regalo enorme a toda la comunidad de Mercedes que lo reconoce en este gran aplauso\u201d dijo el intendente Ustarroz reconociendo a Amigos del Belgrano, a los protectores del ferrocarril y a \u201cFernando Luna, quien fue un verdadero defensor de este lugar, La Trocha\u201d. &nbsp;<\/p>\n\n\n\n<p>M\u00e1s adelante coment\u00f3 que \u201cparticiparon para este logro los trabajadores, funcionarios, sindicatos, vecinos, defensores del ferrocarril, nunca aflojaron e hicieron posible que hoy un tren vuelva a estas v\u00edas\u201d solicitando un aplauso para los trabajadores presentes. &nbsp;<\/p>\n\n\n\n<p>\u201cHoy nos toca este \u00faltimo gran paso, ya se recuperaron las estaciones, Tomas Jofr\u00e9, Altamira, antes la Trocha, ya se recuper\u00f3 el tema de la v\u00eda, este tren que lo arreglaron en tiempo r\u00e9cord porque cada trabajador puso alma y vida para que quede hermoso el tren sino para que lleguemos en fecha\u201d mencion\u00f3 respecto a que \u00e9ste 25 de junio se pudo presentar la nueva formaci\u00f3n. &nbsp;<\/p>\n\n\n\n<p>Hubo presencia de funcionarios, vecinos, vecinas, amigos del tren, medios de comunicaci\u00f3n locales y de distintos puntos de la provincia, tambi\u00e9n presentaciones art\u00edsticas, con un guarda vestido de \u00e9poca, torteras y la entrega de boletos con sentido hist\u00f3rico para pronto vivirlo en realidad ya que ahora inicia el proceso de generaci\u00f3n de los mecanismos legales y administrativos para que, contando con una formaci\u00f3n en \u00f3ptimas condiciones, puede pronto hacer el recorrido. \u00a0<\/p>\n\n\n\n<p>Fuente: Prensa Municipal<\/p>\n\n\n\n<figure class=\"wp-block-gallery has-nested-images columns-default is-cropped wp-block-gallery-1 is-layout-flex wp-block-gallery-is-layout-flex\">\n<figure class=\"wp-block-image size-large\"><img loading=\"lazy\" decoding=\"async\" width=\"800\" height=\"533\" data-attachment-id=\"149915\" data-permalink=\"https:\/\/www.hoymercedes.com.ar\/principal\/2022\/06\/26\/presentaron-el-tren-turistico-que-une-trocha-con-tomas-jofre\/whatsapp-image-2022-06-25-at-8-17-16-pm\/#main\" data-orig-file=\"https:\/\/www.hoymercedes.com.ar\/principal\/wp-content\/uploads\/2022\/06\/WhatsApp-Image-2022-06-25-at-8.17.16-PM.jpeg\" data-orig-size=\"800,533\" data-comments-opened=\"0\" data-image-meta=\"{&quot;aperture&quot;:&quot;0&quot;,&quot;credit&quot;:&quot;&quot;,&quot;camera&quot;:&quot;&quot;,&quot;caption&quot;:&quot;&quot;,&quot;created_timestamp&quot;:&quot;0&quot;,&quot;copyright&quot;:&quot;&quot;,&quot;focal_length&quot;:&quot;0&quot;,&quot;iso&quot;:&quot;0&quot;,&quot;shutter_speed&quot;:&quot;0&quot;,&quot;title&quot;:&quot;&quot;,&quot;orientation&quot;:&quot;0&quot;}\" data-image-title=\"WhatsApp Image 2022-06-25 at 8.17.16 PM\" data-image-description=\"\" data-image-caption=\"\" data-large-file=\"https:\/\/www.hoymercedes.com.ar\/principal\/wp-content\/uploads\/2022\/06\/WhatsApp-Image-2022-06-25-at-8.17.16-PM.jpeg\" data-id=\"149915\" src=\"https:\/\/www.hoymercedes.com.ar\/principal\/wp-content\/uploads\/2022\/06\/WhatsApp-Image-2022-06-25-at-8.17.16-PM.jpeg\" alt=\"\" class=\"wp-image-149915\" srcset=\"https:\/\/www.hoymercedes.com.ar\/principal\/wp-content\/uploads\/2022\/06\/WhatsApp-Image-2022-06-25-at-8.17.16-PM.jpeg 800w, https:\/\/www.hoymercedes.com.ar\/principal\/wp-content\/uploads\/2022\/06\/WhatsApp-Image-2022-06-25-at-8.17.16-PM-630x420.jpeg 630w, https:\/\/www.hoymercedes.com.ar\/principal\/wp-content\/uploads\/2022\/06\/WhatsApp-Image-2022-06-25-at-8.17.16-PM-150x100.jpeg 150w, https:\/\/www.hoymercedes.com.ar\/principal\/wp-content\/uploads\/2022\/06\/WhatsApp-Image-2022-06-25-at-8.17.16-PM-700x465.jpeg 700w\" sizes=\"auto, (max-width: 800px) 100vw, 800px\" \/><\/figure>\n\n\n\n<figure class=\"wp-block-image size-large\"><img loading=\"lazy\" decoding=\"async\" width=\"800\" height=\"533\" data-attachment-id=\"149914\" data-permalink=\"https:\/\/www.hoymercedes.com.ar\/principal\/2022\/06\/26\/presentaron-el-tren-turistico-que-une-trocha-con-tomas-jofre\/23-3\/#main\" data-orig-file=\"https:\/\/www.hoymercedes.com.ar\/principal\/wp-content\/uploads\/2022\/06\/23.jpeg\" data-orig-size=\"800,533\" data-comments-opened=\"0\" data-image-meta=\"{&quot;aperture&quot;:&quot;0&quot;,&quot;credit&quot;:&quot;&quot;,&quot;camera&quot;:&quot;&quot;,&quot;caption&quot;:&quot;&quot;,&quot;created_timestamp&quot;:&quot;0&quot;,&quot;copyright&quot;:&quot;&quot;,&quot;focal_length&quot;:&quot;0&quot;,&quot;iso&quot;:&quot;0&quot;,&quot;shutter_speed&quot;:&quot;0&quot;,&quot;title&quot;:&quot;&quot;,&quot;orientation&quot;:&quot;0&quot;}\" data-image-title=\"23\" data-image-description=\"\" data-image-caption=\"\" data-large-file=\"https:\/\/www.hoymercedes.com.ar\/principal\/wp-content\/uploads\/2022\/06\/23.jpeg\" data-id=\"149914\" src=\"https:\/\/www.hoymercedes.com.ar\/principal\/wp-content\/uploads\/2022\/06\/23.jpeg\" alt=\"\" class=\"wp-image-149914\" srcset=\"https:\/\/www.hoymercedes.com.ar\/principal\/wp-content\/uploads\/2022\/06\/23.jpeg 800w, https:\/\/www.hoymercedes.com.ar\/principal\/wp-content\/uploads\/2022\/06\/23-630x420.jpeg 630w, https:\/\/www.hoymercedes.com.ar\/principal\/wp-content\/uploads\/2022\/06\/23-150x100.jpeg 150w, https:\/\/www.hoymercedes.com.ar\/principal\/wp-content\/uploads\/2022\/06\/23-700x465.jpeg 700w\" sizes=\"auto, (max-width: 800px) 100vw, 800px\" \/><\/figure>\n<\/figure>\n","protected":false},"excerpt":{"rendered":"<p>Presentaron el Tren Tur\u00edstico que une Trocha con Tom\u00e1s Jofr\u00e9<\/p>\n","protected":false},"author":1,"featured_media":149912,"comment_status":"closed","ping_status":"open","sticky":false,"template":"","format":"standard","meta":{"_monsterinsights_skip_tracking":false,"_monsterinsights_sitenote_active":false,"_monsterinsights_sitenote_note":"","_monsterinsights_sitenote_category":0,"jetpack_post_was_ever_published":false,"_jetpack_newsletter_access":"","_jetpack_dont_email_post_to_subs":false,"_jetpack_newsletter_tier_id":0,"_jetpack_memberships_contains_paywalled_content":false,"_jetpack_memberships_contains_paid_content":false,"footnotes":"","jetpack_publicize_message":"","jetpack_publicize_feature_enabled":true,"jetpack_social_post_already_shared":true,"jetpack_social_options":{"image_generator_settings":{"template":"highway","default_image_id":0,"font":"","enabled":false},"version":2},"_wpas_customize_per_network":false},"categories":[30],"tags":[244],"class_list":["post-149910","post","type-post","status-publish","format-standard","has-post-thumbnail","hentry","category-municipio","tag-municipio-2","generate-columns","tablet-grid-50","mobile-grid-100","grid-parent","grid-50"],"jetpack_publicize_connections":[],"jetpack_featured_media_url":"https:\/\/www.hoymercedes.com.ar\/principal\/wp-content\/uploads\/2022\/06\/25.jpeg","wps_subtitle":"","jetpack_sharing_enabled":true,"_links":{"self":[{"href":"https:\/\/www.hoymercedes.com.ar\/principal\/wp-json\/wp\/v2\/posts\/149910","targetHints":{"allow":["GET"]}}],"collection":[{"href":"https:\/\/www.hoymercedes.com.ar\/principal\/wp-json\/wp\/v2\/posts"}],"about":[{"href":"https:\/\/www.hoymercedes.com.ar\/principal\/wp-json\/wp\/v2\/types\/post"}],"author":[{"embeddable":true,"href":"https:\/\/www.hoymercedes.com.ar\/principal\/wp-json\/wp\/v2\/users\/1"}],"replies":[{"embeddable":true,"href":"https:\/\/www.hoymercedes.com.ar\/principal\/wp-json\/wp\/v2\/comments?post=149910"}],"version-history":[{"count":0,"href":"https:\/\/www.hoymercedes.com.ar\/principal\/wp-json\/wp\/v2\/posts\/149910\/revisions"}],"wp:featuredmedia":[{"embeddable":true,"href":"https:\/\/www.hoymercedes.com.ar\/principal\/wp-json\/wp\/v2\/media\/149912"}],"wp:attachment":[{"href":"https:\/\/www.hoymercedes.com.ar\/principal\/wp-json\/wp\/v2\/media?parent=149910"}],"wp:term":[{"taxonomy":"category","embeddable":true,"href":"https:\/\/www.hoymercedes.com.ar\/principal\/wp-json\/wp\/v2\/categories?post=149910"},{"taxonomy":"post_tag","embeddable":true,"href":"https:\/\/www.hoymercedes.com.ar\/principal\/wp-json\/wp\/v2\/tags?post=149910"}],"curies":[{"name":"wp","href":"https:\/\/api.w.org\/{rel}","templated":true}]}}