{"id":149945,"date":"2022-06-27T12:53:20","date_gmt":"2022-06-27T15:53:20","guid":{"rendered":"https:\/\/www.hoymercedes.com.ar\/principal\/?p=149945"},"modified":"2022-06-27T20:29:32","modified_gmt":"2022-06-27T23:29:32","slug":"allanan-comercio-de-venta-de-indumentaria-de-avenida-29","status":"publish","type":"post","link":"https:\/\/www.hoymercedes.com.ar\/principal\/2022\/06\/27\/allanan-comercio-de-venta-de-indumentaria-de-avenida-29\/","title":{"rendered":"Allanan comercio de venta de indumentaria de Avenida 29"},"content":{"rendered":"\n<p>Se tom\u00f3 conocimiento que minutos antes del mediod\u00eda de este lunes 27, la Polic\u00eda Federal allan\u00f3 un comercio de avenida 29, entre 14 y 12. El comercio de venta de indumentaria ser\u00eda de la comunidad boliviana. En primer momento, trascendi\u00f3 que el allanamiento lo realiz\u00f3 la divisi\u00f3n de Migraciones  por aparente delito de \u00abtrata y explotaci\u00f3n de personas\u00bb. <\/p>\n\n\n\n<p>Sin embargo, luego se inform\u00f3 que estaban buscando a un hombre con comercio en la Villa 1-11-14 y que un familiar suyo est\u00e1 al frente del comercio de indumentaria de calle 29. La persona buscada estar\u00eda pr\u00f3fuga de la justicia. Es as\u00ed que solicitaban informaci\u00f3n sobre esta persona y tratar de dar con \u00e9l.<\/p>\n\n\n\n<p>Fotos: Carlos Brea<br>Actualizaci\u00f3n 14:30 horas. <\/p>\n\n\n\n<figure class=\"wp-block-image size-full\"><img loading=\"lazy\" decoding=\"async\" width=\"777\" height=\"518\" data-attachment-id=\"149947\" data-permalink=\"https:\/\/www.hoymercedes.com.ar\/principal\/2022\/06\/27\/allanan-comercio-de-venta-de-indumentaria-de-avenida-29\/whatsapp-image-2022-06-27-at-12-22-56-pm\/#main\" data-orig-file=\"https:\/\/www.hoymercedes.com.ar\/principal\/wp-content\/uploads\/2022\/06\/WhatsApp-Image-2022-06-27-at-12.22.56-PM.jpeg\" data-orig-size=\"777,518\" data-comments-opened=\"0\" data-image-meta=\"{&quot;aperture&quot;:&quot;0&quot;,&quot;credit&quot;:&quot;&quot;,&quot;camera&quot;:&quot;&quot;,&quot;caption&quot;:&quot;&quot;,&quot;created_timestamp&quot;:&quot;1656333602&quot;,&quot;copyright&quot;:&quot;&quot;,&quot;focal_length&quot;:&quot;0&quot;,&quot;iso&quot;:&quot;0&quot;,&quot;shutter_speed&quot;:&quot;0&quot;,&quot;title&quot;:&quot;&quot;,&quot;orientation&quot;:&quot;1&quot;}\" data-image-title=\"WhatsApp Image 2022-06-27 at 12.22.56 PM\" data-image-description=\"\" data-image-caption=\"\" data-large-file=\"https:\/\/www.hoymercedes.com.ar\/principal\/wp-content\/uploads\/2022\/06\/WhatsApp-Image-2022-06-27-at-12.22.56-PM.jpeg\" src=\"https:\/\/www.hoymercedes.com.ar\/principal\/wp-content\/uploads\/2022\/06\/WhatsApp-Image-2022-06-27-at-12.22.56-PM.jpeg\" alt=\"\" class=\"wp-image-149947\" srcset=\"https:\/\/www.hoymercedes.com.ar\/principal\/wp-content\/uploads\/2022\/06\/WhatsApp-Image-2022-06-27-at-12.22.56-PM.jpeg 777w, https:\/\/www.hoymercedes.com.ar\/principal\/wp-content\/uploads\/2022\/06\/WhatsApp-Image-2022-06-27-at-12.22.56-PM-630x420.jpeg 630w, https:\/\/www.hoymercedes.com.ar\/principal\/wp-content\/uploads\/2022\/06\/WhatsApp-Image-2022-06-27-at-12.22.56-PM-150x100.jpeg 150w\" sizes=\"auto, (max-width: 777px) 100vw, 777px\" \/><\/figure>\n","protected":false},"excerpt":{"rendered":"<p>Allanan comercio sobre Avenida 29<\/p>\n","protected":false},"author":1,"featured_media":149947,"comment_status":"closed","ping_status":"open","sticky":false,"template":"","format":"standard","meta":{"_monsterinsights_skip_tracking":false,"_monsterinsights_sitenote_active":false,"_monsterinsights_sitenote_note":"","_monsterinsights_sitenote_category":0,"jetpack_post_was_ever_published":false,"_jetpack_newsletter_access":"","_jetpack_dont_email_post_to_subs":false,"_jetpack_newsletter_tier_id":0,"_jetpack_memberships_contains_paywalled_content":false,"_jetpack_memberships_contains_paid_content":false,"footnotes":"","jetpack_publicize_message":"","jetpack_publicize_feature_enabled":true,"jetpack_social_post_already_shared":true,"jetpack_social_options":{"image_generator_settings":{"template":"highway","default_image_id":0,"font":"","enabled":false},"version":2},"_wpas_customize_per_network":false},"categories":[85],"tags":[],"class_list":["post-149945","post","type-post","status-publish","format-standard","has-post-thumbnail","hentry","category-policial","generate-columns","tablet-grid-50","mobile-grid-100","grid-parent","grid-50"],"jetpack_publicize_connections":[],"jetpack_featured_media_url":"https:\/\/www.hoymercedes.com.ar\/principal\/wp-content\/uploads\/2022\/06\/WhatsApp-Image-2022-06-27-at-12.22.56-PM.jpeg","wps_subtitle":"","jetpack_sharing_enabled":true,"_links":{"self":[{"href":"https:\/\/www.hoymercedes.com.ar\/principal\/wp-json\/wp\/v2\/posts\/149945","targetHints":{"allow":["GET"]}}],"collection":[{"href":"https:\/\/www.hoymercedes.com.ar\/principal\/wp-json\/wp\/v2\/posts"}],"about":[{"href":"https:\/\/www.hoymercedes.com.ar\/principal\/wp-json\/wp\/v2\/types\/post"}],"author":[{"embeddable":true,"href":"https:\/\/www.hoymercedes.com.ar\/principal\/wp-json\/wp\/v2\/users\/1"}],"replies":[{"embeddable":true,"href":"https:\/\/www.hoymercedes.com.ar\/principal\/wp-json\/wp\/v2\/comments?post=149945"}],"version-history":[{"count":0,"href":"https:\/\/www.hoymercedes.com.ar\/principal\/wp-json\/wp\/v2\/posts\/149945\/revisions"}],"wp:featuredmedia":[{"embeddable":true,"href":"https:\/\/www.hoymercedes.com.ar\/principal\/wp-json\/wp\/v2\/media\/149947"}],"wp:attachment":[{"href":"https:\/\/www.hoymercedes.com.ar\/principal\/wp-json\/wp\/v2\/media?parent=149945"}],"wp:term":[{"taxonomy":"category","embeddable":true,"href":"https:\/\/www.hoymercedes.com.ar\/principal\/wp-json\/wp\/v2\/categories?post=149945"},{"taxonomy":"post_tag","embeddable":true,"href":"https:\/\/www.hoymercedes.com.ar\/principal\/wp-json\/wp\/v2\/tags?post=149945"}],"curies":[{"name":"wp","href":"https:\/\/api.w.org\/{rel}","templated":true}]}}