{"id":149952,"date":"2022-06-27T14:15:00","date_gmt":"2022-06-27T17:15:00","guid":{"rendered":"https:\/\/www.hoymercedes.com.ar\/principal\/?p=149952"},"modified":"2022-06-27T13:51:59","modified_gmt":"2022-06-27T16:51:59","slug":"nueva-exposicion-sobre-la-america-colonial-en-el-complejo-udaondo","status":"publish","type":"post","link":"https:\/\/www.hoymercedes.com.ar\/principal\/2022\/06\/27\/nueva-exposicion-sobre-la-america-colonial-en-el-complejo-udaondo\/","title":{"rendered":"Nueva exposici\u00f3n sobre la Am\u00e9rica colonial en el Complejo Udaondo\u00a0"},"content":{"rendered":"\n<p><strong><em>Con el impulso del Instituto Cultural de la Provincia de Buenos Aires, el jueves 30 de junio se inaugurar\u00e1 \u201cLa construcci\u00f3n de un Nuevo Mundo. Im\u00e1genes, objetos y palabras\u201d, muestra que aborda una perspectiva novedosa y cr\u00edtica sobre diversas manifestaciones del arte hispanoamericano.<\/em>\u00a0<\/strong><\/p>\n\n\n<div class=\"wp-block-image\">\n<figure class=\"aligncenter size-full\"><img loading=\"lazy\" decoding=\"async\" width=\"800\" height=\"533\" data-attachment-id=\"149953\" data-permalink=\"https:\/\/www.hoymercedes.com.ar\/principal\/2022\/06\/27\/nueva-exposicion-sobre-la-america-colonial-en-el-complejo-udaondo\/_dsc3225\/#main\" data-orig-file=\"https:\/\/www.hoymercedes.com.ar\/principal\/wp-content\/uploads\/2022\/06\/DSC3225.jpg\" data-orig-size=\"800,533\" data-comments-opened=\"0\" data-image-meta=\"{&quot;aperture&quot;:&quot;0&quot;,&quot;credit&quot;:&quot;&quot;,&quot;camera&quot;:&quot;&quot;,&quot;caption&quot;:&quot;&quot;,&quot;created_timestamp&quot;:&quot;1655369186&quot;,&quot;copyright&quot;:&quot;&quot;,&quot;focal_length&quot;:&quot;0&quot;,&quot;iso&quot;:&quot;0&quot;,&quot;shutter_speed&quot;:&quot;0&quot;,&quot;title&quot;:&quot;&quot;,&quot;orientation&quot;:&quot;1&quot;}\" data-image-title=\"_DSC3225\" data-image-description=\"\" data-image-caption=\"\" data-large-file=\"https:\/\/www.hoymercedes.com.ar\/principal\/wp-content\/uploads\/2022\/06\/DSC3225.jpg\" src=\"https:\/\/www.hoymercedes.com.ar\/principal\/wp-content\/uploads\/2022\/06\/DSC3225.jpg\" alt=\"\" class=\"wp-image-149953\" srcset=\"https:\/\/www.hoymercedes.com.ar\/principal\/wp-content\/uploads\/2022\/06\/DSC3225.jpg 800w, https:\/\/www.hoymercedes.com.ar\/principal\/wp-content\/uploads\/2022\/06\/DSC3225-630x420.jpg 630w, https:\/\/www.hoymercedes.com.ar\/principal\/wp-content\/uploads\/2022\/06\/DSC3225-150x100.jpg 150w, https:\/\/www.hoymercedes.com.ar\/principal\/wp-content\/uploads\/2022\/06\/DSC3225-700x465.jpg 700w\" sizes=\"auto, (max-width: 800px) 100vw, 800px\" \/><\/figure>\n<\/div>\n\n\n<p>El Complejo Museogr\u00e1fico Provincial Enrique Udaondo de la ciudad de Luj\u00e1n presenta su nueva exposici\u00f3n, <strong><em>\u201cLa construcci\u00f3n de un Nuevo Mundo. Im\u00e1genes, objetos y palabras<\/em>\u201d<\/strong>. La misma, que se inaugurar\u00e1 el jueves 30 de junio a las 14:00, recoge una perspectiva novedosa y cr\u00edtica respecto de las pinturas, esculturas y otros objetos culturales creados en la Am\u00e9rica colonial por artistas locales, que supieron apropiarse de los modelos provenientes de Europa con gran ingenio y creatividad.\u00a0\u00a0<\/p>\n\n\n\n<p>Como parte de la agenda cultural del Instituto Cultural de la Provincia de Buenos Aires, y en el marco del <em>Programa Centenario del Complejo Museogr\u00e1fico Provincial Enrique Udaondo<\/em>, la propuesta cuenta con curadur\u00eda a cargo de Gabriela Siracusano y un equipo de profesionales del Centro Materia de la UNTREF.&nbsp;<\/p>\n\n\n\n<p><strong><em>\u201c<\/em><\/strong><strong><em>La construcci\u00f3n de un Nuevo Mundo<\/em><\/strong><strong><em>.<\/em><\/strong><strong><em> Im\u00e1genes, objetos y palabras\u201d<\/em><\/strong> presenta diferentes matices, tales como la dominaci\u00f3n pol\u00edtica, cultural y religiosa del territorio americano, los usos de la palabra y la imagen por parte de los diferentes actores sociales, la explotaci\u00f3n de los recursos naturales y su impacto en la cultura global, y la funci\u00f3n de los objetos religiosos en el marco de las estrategias evangelizadoras y las pr\u00e1cticas devocionales.&nbsp;<\/p>\n\n\n\n<p>La exhibici\u00f3n, que podr\u00e1 visitarse de jueves a domingos de 11:00 a 18:00, est\u00e1 compuesta por diversas manifestaciones art\u00edsticas del arte hispanoamericano, como pinturas de origen cuzque\u00f1o y altoperuano, esculturas creadas por tallistas ind\u00edgenas en las misiones jesu\u00edticas, piezas de plata labradas, mobiliario de \u00e9poca y libros impresos en Am\u00e9rica, as\u00ed como objetos de tradici\u00f3n prehisp\u00e1nica. En una sociedad heterog\u00e9nea conformada por ind\u00edgenas, europeos, mestizos, criollos, africanos y mulatos, estas manifestaciones representan un aporte fundamental para la comprensi\u00f3n de nuestra identidad americana.\u00a0\u00a0<\/p>\n\n\n\n<p>Fuente: Prensa Museo Udaondo<\/p>\n","protected":false},"excerpt":{"rendered":"<p>Nueva exposici\u00f3n sobre la Am\u00e9rica colonial en el Complejo Udaondo <\/p>\n","protected":false},"author":1,"featured_media":149953,"comment_status":"closed","ping_status":"open","sticky":false,"template":"","format":"standard","meta":{"_monsterinsights_skip_tracking":false,"_monsterinsights_sitenote_active":false,"_monsterinsights_sitenote_note":"","_monsterinsights_sitenote_category":0,"jetpack_post_was_ever_published":false,"_jetpack_newsletter_access":"","_jetpack_dont_email_post_to_subs":false,"_jetpack_newsletter_tier_id":0,"_jetpack_memberships_contains_paywalled_content":false,"_jetpack_memberships_contains_paid_content":false,"footnotes":"","jetpack_publicize_message":"","jetpack_publicize_feature_enabled":true,"jetpack_social_post_already_shared":true,"jetpack_social_options":{"image_generator_settings":{"template":"highway","default_image_id":0,"font":"","enabled":false},"version":2},"_wpas_customize_per_network":false},"categories":[104],"tags":[7805,9322],"class_list":["post-149952","post","type-post","status-publish","format-standard","has-post-thumbnail","hentry","category-cultura","tag-cultura","tag-region","generate-columns","tablet-grid-50","mobile-grid-100","grid-parent","grid-50"],"jetpack_publicize_connections":[],"jetpack_featured_media_url":"https:\/\/www.hoymercedes.com.ar\/principal\/wp-content\/uploads\/2022\/06\/DSC3225.jpg","wps_subtitle":"En Luj\u00e1n","jetpack_sharing_enabled":true,"_links":{"self":[{"href":"https:\/\/www.hoymercedes.com.ar\/principal\/wp-json\/wp\/v2\/posts\/149952","targetHints":{"allow":["GET"]}}],"collection":[{"href":"https:\/\/www.hoymercedes.com.ar\/principal\/wp-json\/wp\/v2\/posts"}],"about":[{"href":"https:\/\/www.hoymercedes.com.ar\/principal\/wp-json\/wp\/v2\/types\/post"}],"author":[{"embeddable":true,"href":"https:\/\/www.hoymercedes.com.ar\/principal\/wp-json\/wp\/v2\/users\/1"}],"replies":[{"embeddable":true,"href":"https:\/\/www.hoymercedes.com.ar\/principal\/wp-json\/wp\/v2\/comments?post=149952"}],"version-history":[{"count":0,"href":"https:\/\/www.hoymercedes.com.ar\/principal\/wp-json\/wp\/v2\/posts\/149952\/revisions"}],"wp:featuredmedia":[{"embeddable":true,"href":"https:\/\/www.hoymercedes.com.ar\/principal\/wp-json\/wp\/v2\/media\/149953"}],"wp:attachment":[{"href":"https:\/\/www.hoymercedes.com.ar\/principal\/wp-json\/wp\/v2\/media?parent=149952"}],"wp:term":[{"taxonomy":"category","embeddable":true,"href":"https:\/\/www.hoymercedes.com.ar\/principal\/wp-json\/wp\/v2\/categories?post=149952"},{"taxonomy":"post_tag","embeddable":true,"href":"https:\/\/www.hoymercedes.com.ar\/principal\/wp-json\/wp\/v2\/tags?post=149952"}],"curies":[{"name":"wp","href":"https:\/\/api.w.org\/{rel}","templated":true}]}}