{"id":14998,"date":"2012-08-04T00:21:57","date_gmt":"2012-08-04T00:21:57","guid":{"rendered":"http:\/\/www.hoymercedes.com.ar\/principal\/?p=14998"},"modified":"2012-08-04T00:22:15","modified_gmt":"2012-08-04T00:22:15","slug":"pami-se-abre-un-nuevo-centro-de-jubilados","status":"publish","type":"post","link":"https:\/\/www.hoymercedes.com.ar\/principal\/2012\/08\/04\/pami-se-abre-un-nuevo-centro-de-jubilados\/","title":{"rendered":"PAMI: Se abre un nuevo centro de jubilados"},"content":{"rendered":"<p><a href=\"https:\/\/www.hoymercedes.com.ar\/principal\/wp-content\/uploads\/2012\/08\/Pami-Mercedes-08-2012.jpg\"><img loading=\"lazy\" decoding=\"async\" data-attachment-id=\"15000\" data-permalink=\"https:\/\/www.hoymercedes.com.ar\/principal\/2012\/08\/04\/pami-se-abre-un-nuevo-centro-de-jubilados\/pami-mercedes-08-2012\/#main\" data-orig-file=\"https:\/\/www.hoymercedes.com.ar\/principal\/wp-content\/uploads\/2012\/08\/Pami-Mercedes-08-2012.jpg\" data-orig-size=\"614,461\" data-comments-opened=\"1\" data-image-meta=\"{&quot;aperture&quot;:&quot;2.8&quot;,&quot;credit&quot;:&quot;&quot;,&quot;camera&quot;:&quot;DSC-W110&quot;,&quot;caption&quot;:&quot;&quot;,&quot;created_timestamp&quot;:&quot;1343910489&quot;,&quot;copyright&quot;:&quot;&quot;,&quot;focal_length&quot;:&quot;5.35&quot;,&quot;iso&quot;:&quot;800&quot;,&quot;shutter_speed&quot;:&quot;0.025&quot;,&quot;title&quot;:&quot;&quot;}\" data-image-title=\"Pami-Mercedes-08-2012\" data-image-description=\"\" data-image-caption=\"\" data-large-file=\"https:\/\/www.hoymercedes.com.ar\/principal\/wp-content\/uploads\/2012\/08\/Pami-Mercedes-08-2012.jpg\" class=\"aligncenter size-full wp-image-15000\" title=\"Pami-Mercedes-08-2012\" src=\"https:\/\/www.hoymercedes.com.ar\/principal\/wp-content\/uploads\/2012\/08\/Pami-Mercedes-08-2012.jpg\" alt=\"\" width=\"614\" height=\"461\" \/><\/a><\/p>\n<p>La agencia de PAMI Mercedes sigue en su tarea de acercarles mas y mejores servicios de sus afiliados. Ahora fue el turno de la barriada del club Apolo, en ese club se hizo la apertura del Centro de jubilados \u201cCasa de los abuelos mercedinos\u201d, sito en calle 39 entre 30 y 32. Este se suma a la apertura de muchos centros de jubilados a lo largo del a\u00f1o en diferentes partes de la ciudad, el centro de jubilados \u201ccasa de los abuelos mercedinos\u201d tiene como presidente al Sr. Benjam\u00edn Fachelo y como vicepresidente a la Sra. Nelly Martinelli que se mostraron muy contentos con la iniciaci\u00f3n de las actividades en esta instituci\u00f3n y fueron muy agradecidos con el PAMI especialmente con su director Dr. Santiago Bereterbide quien facilito las cosas para que esto pueda ser posible.<\/p>\n<p>Los centros de jubilados son instituciones formadas por una comisi\u00f3n directiva integrada por jubilados y pensionadas, destinadas a realizar diferentes actividades socio preventivas para los socios y no socios de la instituci\u00f3n.<\/p>\n<p>El Dr. Santiago Bereterbide volvi\u00f3 a remarcar a los abuelos la importancia de crear nuevos centros de jubilados en los barrios, en el entendimiento de que \u201cPAMI llegue a todos los rincones de nuestra ciudad y partido de Mercedes\u201d. se\u00f1alando tambi\u00e9n:\u201ces uno de nuestros objetivos que PAMI este a la vuelta de sus casas \u2026 estamos muy contentos en poder lograr la apertura de nuevos centros de jubilados ya que para nosotros es primordial la parte social, esto se puede lograr gracias al trabajo codo a codo con la gente, sin la participaci\u00f3n de uds esto no seria posible\u201d, en palabras alusivas a los afiliados de la Instituci\u00f3n.<\/p>\n<p>A esta inauguraci\u00f3n se sumo el ANSES para explicar los beneficios de la tarjeta Argenta, la explicaci\u00f3n estuvo a cargo del Jefe Regional Dr. Juan Ignacio Ustarroz que hablo con los abuelos sobre algunas reuniones que se iban a sostener con los comerciantes de la ciudad para as\u00ed poder ampliar los beneficios de esta tarjeta.<\/p>\n<p><span style=\"color: #888888;\">Fuente: PAMI<\/span><\/p>\n","protected":false},"excerpt":{"rendered":"<p>La agencia de PAMI Mercedes sigue en su tarea de acercarles mas y mejores servicios de sus afiliados. Ahora fue &#8230; <a title=\"PAMI: Se abre un nuevo centro de jubilados\" class=\"read-more\" href=\"https:\/\/www.hoymercedes.com.ar\/principal\/2012\/08\/04\/pami-se-abre-un-nuevo-centro-de-jubilados\/\" aria-label=\"Leer m\u00e1s sobre PAMI: Se abre un nuevo centro de jubilados\">Leer m\u00e1s<\/a><\/p>\n","protected":false},"author":1,"featured_media":0,"comment_status":"open","ping_status":"open","sticky":false,"template":"","format":"standard","meta":{"_monsterinsights_skip_tracking":false,"_monsterinsights_sitenote_active":false,"_monsterinsights_sitenote_note":"","_monsterinsights_sitenote_category":0,"jetpack_post_was_ever_published":false,"_jetpack_newsletter_access":"","_jetpack_dont_email_post_to_subs":false,"_jetpack_newsletter_tier_id":0,"_jetpack_memberships_contains_paywalled_content":false,"_jetpack_memberships_contains_paid_content":false,"footnotes":"","jetpack_publicize_message":"","jetpack_publicize_feature_enabled":true,"jetpack_social_post_already_shared":false,"jetpack_social_options":{"image_generator_settings":{"template":"highway","default_image_id":0,"font":"","enabled":false},"version":2},"_wpas_customize_per_network":false},"categories":[8],"tags":[500],"class_list":["post-14998","post","type-post","status-publish","format-standard","hentry","category-sociedad","tag-pami-mercedes","generate-columns","tablet-grid-50","mobile-grid-100","grid-parent","grid-50"],"jetpack_publicize_connections":[],"jetpack_featured_media_url":"","wps_subtitle":"","jetpack_sharing_enabled":true,"_links":{"self":[{"href":"https:\/\/www.hoymercedes.com.ar\/principal\/wp-json\/wp\/v2\/posts\/14998","targetHints":{"allow":["GET"]}}],"collection":[{"href":"https:\/\/www.hoymercedes.com.ar\/principal\/wp-json\/wp\/v2\/posts"}],"about":[{"href":"https:\/\/www.hoymercedes.com.ar\/principal\/wp-json\/wp\/v2\/types\/post"}],"author":[{"embeddable":true,"href":"https:\/\/www.hoymercedes.com.ar\/principal\/wp-json\/wp\/v2\/users\/1"}],"replies":[{"embeddable":true,"href":"https:\/\/www.hoymercedes.com.ar\/principal\/wp-json\/wp\/v2\/comments?post=14998"}],"version-history":[{"count":0,"href":"https:\/\/www.hoymercedes.com.ar\/principal\/wp-json\/wp\/v2\/posts\/14998\/revisions"}],"wp:attachment":[{"href":"https:\/\/www.hoymercedes.com.ar\/principal\/wp-json\/wp\/v2\/media?parent=14998"}],"wp:term":[{"taxonomy":"category","embeddable":true,"href":"https:\/\/www.hoymercedes.com.ar\/principal\/wp-json\/wp\/v2\/categories?post=14998"},{"taxonomy":"post_tag","embeddable":true,"href":"https:\/\/www.hoymercedes.com.ar\/principal\/wp-json\/wp\/v2\/tags?post=14998"}],"curies":[{"name":"wp","href":"https:\/\/api.w.org\/{rel}","templated":true}]}}