{"id":149987,"date":"2022-06-27T23:07:25","date_gmt":"2022-06-28T02:07:25","guid":{"rendered":"https:\/\/www.hoymercedes.com.ar\/principal\/?p=149987"},"modified":"2022-06-27T23:07:29","modified_gmt":"2022-06-28T02:07:29","slug":"invitan-a-cursos-de-capacitacion-sobre-ambiente","status":"publish","type":"post","link":"https:\/\/www.hoymercedes.com.ar\/principal\/2022\/06\/27\/invitan-a-cursos-de-capacitacion-sobre-ambiente\/","title":{"rendered":"Invitan a cursos de capacitaci\u00f3n sobre ambiente \u00a0"},"content":{"rendered":"\n<p>Desde el \u00e1rea de Ambiente del Municipio de Mercedes extienden la invitaci\u00f3n a cursos de formaci\u00f3n \u201cEducadores Ambientales\u201d. Son abierto, se dictan de manera virtual y asincr\u00f3nica y comenzar\u00e1n una vez completados los cupos.\u00a0\u00a0\u00a0\u00a0\u00a0\u00a0<\/p>\n\n\n\n<p>Juan Cruz Mend\u00eda cont\u00f3 que \u201cel objetivo es poder trabajar estas tem\u00e1ticas de forma m\u00e1s cercana al ciudadano, donde ya tenemos much\u00edsimos inscriptos, ha tenido una gran repercusi\u00f3n en las redes sociales, y aquellos que han trabajado o pasado por la tem\u00e1tica ambiental, se ha comunicado para informarse, por lo que estamos muy contentos\u201d. \u00a0<\/p>\n\n\n\n<p>Educadores ambientales contiene cuatro niveles: \u00a0<br>Nivel 1. Conceptos ambientales y agroecolog\u00eda \u00a0<br>Nivel 2. Recursos naturales y econom\u00eda circular \u00a0<br>Nivel 3. Comunicaci\u00f3n y herramientas para participaci\u00f3n ciudadana \u00a0<br>Nivel 4. Energ\u00edas renovables y gesti\u00f3n de proyectos \u00a0<\/p>\n\n\n\n<p>Los inscriptos recibir\u00e1n acceso al Campus virtual donde podr\u00e1n cursar las diferentes asignaturas y niveles del m\u00f3dulo de forma asincr\u00f3nica. \u00a0<\/p>\n\n\n\n<p>\u201cEste es un curso virtual y asincr\u00f3nico, por lo que cada uno maneja los tiempos, puede ir viendo los diferentes m\u00f3dulos y esta propuesta pedag\u00f3gica de estos 4 m\u00f3dulos, la idea es que llegue a todos\u201d agreg\u00f3 Mend\u00eda. \u00a0<\/p>\n\n\n\n<p>Fuente: Prensa Municipal<\/p>\n\n\n\n<p><\/p>\n","protected":false},"excerpt":{"rendered":"<p>Invitan a cursos de capacitaci\u00f3n sobre ambiente <\/p>\n","protected":false},"author":1,"featured_media":149988,"comment_status":"closed","ping_status":"open","sticky":false,"template":"","format":"standard","meta":{"_monsterinsights_skip_tracking":false,"_monsterinsights_sitenote_active":false,"_monsterinsights_sitenote_note":"","_monsterinsights_sitenote_category":0,"jetpack_post_was_ever_published":false,"_jetpack_newsletter_access":"","_jetpack_dont_email_post_to_subs":false,"_jetpack_newsletter_tier_id":0,"_jetpack_memberships_contains_paywalled_content":false,"_jetpack_memberships_contains_paid_content":false,"footnotes":"","jetpack_publicize_message":"","jetpack_publicize_feature_enabled":true,"jetpack_social_post_already_shared":true,"jetpack_social_options":{"image_generator_settings":{"template":"highway","default_image_id":0,"font":"","enabled":false},"version":2},"_wpas_customize_per_network":false},"categories":[30],"tags":[244],"class_list":["post-149987","post","type-post","status-publish","format-standard","has-post-thumbnail","hentry","category-municipio","tag-municipio-2","generate-columns","tablet-grid-50","mobile-grid-100","grid-parent","grid-50"],"jetpack_publicize_connections":[],"jetpack_featured_media_url":"https:\/\/www.hoymercedes.com.ar\/principal\/wp-content\/uploads\/2022\/06\/ambiente-municipal.jpg","wps_subtitle":"","jetpack_sharing_enabled":true,"_links":{"self":[{"href":"https:\/\/www.hoymercedes.com.ar\/principal\/wp-json\/wp\/v2\/posts\/149987","targetHints":{"allow":["GET"]}}],"collection":[{"href":"https:\/\/www.hoymercedes.com.ar\/principal\/wp-json\/wp\/v2\/posts"}],"about":[{"href":"https:\/\/www.hoymercedes.com.ar\/principal\/wp-json\/wp\/v2\/types\/post"}],"author":[{"embeddable":true,"href":"https:\/\/www.hoymercedes.com.ar\/principal\/wp-json\/wp\/v2\/users\/1"}],"replies":[{"embeddable":true,"href":"https:\/\/www.hoymercedes.com.ar\/principal\/wp-json\/wp\/v2\/comments?post=149987"}],"version-history":[{"count":0,"href":"https:\/\/www.hoymercedes.com.ar\/principal\/wp-json\/wp\/v2\/posts\/149987\/revisions"}],"wp:featuredmedia":[{"embeddable":true,"href":"https:\/\/www.hoymercedes.com.ar\/principal\/wp-json\/wp\/v2\/media\/149988"}],"wp:attachment":[{"href":"https:\/\/www.hoymercedes.com.ar\/principal\/wp-json\/wp\/v2\/media?parent=149987"}],"wp:term":[{"taxonomy":"category","embeddable":true,"href":"https:\/\/www.hoymercedes.com.ar\/principal\/wp-json\/wp\/v2\/categories?post=149987"},{"taxonomy":"post_tag","embeddable":true,"href":"https:\/\/www.hoymercedes.com.ar\/principal\/wp-json\/wp\/v2\/tags?post=149987"}],"curies":[{"name":"wp","href":"https:\/\/api.w.org\/{rel}","templated":true}]}}