{"id":150018,"date":"2022-06-28T13:00:00","date_gmt":"2022-06-28T16:00:00","guid":{"rendered":"https:\/\/www.hoymercedes.com.ar\/principal\/?p=150018"},"modified":"2022-06-28T12:05:08","modified_gmt":"2022-06-28T15:05:08","slug":"sebastian-cirillo-hara-musica-en-el-concejo-deliberante","status":"publish","type":"post","link":"https:\/\/www.hoymercedes.com.ar\/principal\/2022\/06\/28\/sebastian-cirillo-hara-musica-en-el-concejo-deliberante\/","title":{"rendered":"Sebasti\u00e1n Cirillo har\u00e1 m\u00fasica en el Concejo Deliberante"},"content":{"rendered":"\n<p><strong><em>La cita est\u00e1 hecha para el pr\u00f3ximo jueves 30 de junio a las 19 horas en un nuevo encuentro de \u201cHomenajeArte\u201d. El Concejo Deliberante contin\u00faa abriendo su espacio y proporcionando una plataforma para los artistas de la ciudad.&nbsp;<\/em><\/strong><\/p>\n\n\n<div class=\"wp-block-image\">\n<figure class=\"aligncenter size-full\"><img loading=\"lazy\" decoding=\"async\" width=\"800\" height=\"533\" data-attachment-id=\"150019\" data-permalink=\"https:\/\/www.hoymercedes.com.ar\/principal\/2022\/06\/28\/sebastian-cirillo-hara-musica-en-el-concejo-deliberante\/cirilo-2706\/#main\" data-orig-file=\"https:\/\/www.hoymercedes.com.ar\/principal\/wp-content\/uploads\/2022\/06\/cirilo-2706.jpeg\" data-orig-size=\"800,533\" data-comments-opened=\"0\" data-image-meta=\"{&quot;aperture&quot;:&quot;0&quot;,&quot;credit&quot;:&quot;&quot;,&quot;camera&quot;:&quot;&quot;,&quot;caption&quot;:&quot;&quot;,&quot;created_timestamp&quot;:&quot;0&quot;,&quot;copyright&quot;:&quot;&quot;,&quot;focal_length&quot;:&quot;0&quot;,&quot;iso&quot;:&quot;0&quot;,&quot;shutter_speed&quot;:&quot;0&quot;,&quot;title&quot;:&quot;&quot;,&quot;orientation&quot;:&quot;0&quot;}\" data-image-title=\"cirilo 2706\" data-image-description=\"\" data-image-caption=\"\" data-large-file=\"https:\/\/www.hoymercedes.com.ar\/principal\/wp-content\/uploads\/2022\/06\/cirilo-2706.jpeg\" src=\"https:\/\/www.hoymercedes.com.ar\/principal\/wp-content\/uploads\/2022\/06\/cirilo-2706.jpeg\" alt=\"\" class=\"wp-image-150019\" srcset=\"https:\/\/www.hoymercedes.com.ar\/principal\/wp-content\/uploads\/2022\/06\/cirilo-2706.jpeg 800w, https:\/\/www.hoymercedes.com.ar\/principal\/wp-content\/uploads\/2022\/06\/cirilo-2706-630x420.jpeg 630w, https:\/\/www.hoymercedes.com.ar\/principal\/wp-content\/uploads\/2022\/06\/cirilo-2706-150x100.jpeg 150w, https:\/\/www.hoymercedes.com.ar\/principal\/wp-content\/uploads\/2022\/06\/cirilo-2706-700x465.jpeg 700w\" sizes=\"auto, (max-width: 800px) 100vw, 800px\" \/><\/figure>\n<\/div>\n\n\n<p>Como parte del ciclo \u201cHomenAjearte\u201d, el jueves 30 de junio a las 19 horas se presentar\u00e1 en el recinto del HCD el m\u00fasico y productor musical mercedino Sebastian Cirillo.&nbsp;&nbsp;<\/p>\n\n\n\n<p>Dando cuenta de sus comienzos, el propio Cirillo cont\u00f3 sobre su relaci\u00f3n con la m\u00fasica: \u201cEmpec\u00e9 con las m\u00fasica a finales de los 80&#8217;s, todav\u00eda no tocaba ning\u00fan instrumento pero mi grado de compenetraci\u00f3n con el tema me indicaba que indudablemente yo ten\u00eda que hacer algo con eso\u201d.&nbsp;<\/p>\n\n\n\n<p>\u201cMi primer relaci\u00f3n con la m\u00fasica fue como oyente, y lo primero que me atrajo, m\u00e1s que las melod\u00edas, los ritmos o alg\u00fan estilo en particular fueron los sonidos en s\u00ed mismos, as\u00ed que arranqu\u00e9 movido por la curiosidad tratando de generar sonidos con lo que ten\u00eda a mano. Mis primeros instrumentos fueron una bandeja de vinilos, un grabador de cassettes que permit\u00eda variar la velocidad de la cinta y hacer sobre grabaciones y una radio que sintonizaba onda corta. Muchos de los sonidos que se escuchaban entre las estaciones, que son pulsos y ruidos locos, se parec\u00edan mucho a m\u00fasicas que escuchaba por aquel entonces. Una de mis grandes influencias de ese momento fue Quique Fauri que era mi gran proveedor de discos y siempre recomendaba algo\u201d manifest\u00f3 el artista&nbsp;<\/p>\n\n\n\n<p>Con los a\u00f1os, su amor por la m\u00fasica fue creciendo y eso lo llev\u00f3 a pasar por diferentes etapas. \u201cA principios de los 90&#8217;s empezamos a fantasear con la idea de tener una banda entre mis amigos del colegio. Yo estaba empezando a tocar la guitarra y mi viejo me regal\u00f3 una el\u00e9ctrica. En 1992 formamos Local 12, la primera banda entre amigos. En 1993, armamos \u2018Los Gervacios\u2019 que fue mi primera banda. A la par me di cuenta que el proceso de grabar y producir, me fascinaba, y casi inmediatamente me met\u00ed a estudiar una carrera de producci\u00f3n musical\u201d coment\u00f3 Cirillo.&nbsp;<\/p>\n\n\n\n<p>A su vez, la Presidente del Concejo Deliberante Evangelina Cabral remarc\u00f3 lo importante e&nbsp; interesante que es poder contar con la presencia de artistas de la envergadura de Sebasti\u00e1n. \u201cActualmente trabaja en el conservatorio de m\u00fasica de Mercedes como profesor de producci\u00f3n y an\u00e1lisis musical, ac\u00fastica, inform\u00e1tica y medios electroac\u00fasticos, tambi\u00e9n tiene un estudio personal donde desarrolla sus proyectos musicales. Es un honor tenerlo entre nosotros y que pueda trasmitirnos sus conocimientos, sus vivencias, su trayectoria. No olvidemos que lleva 30 a\u00f1os de relaci\u00f3n con la m\u00fasica y con generaciones de m\u00fasicos brillantes de nuestro pa\u00eds\u201d destac\u00f3 Evangelina.&nbsp;<\/p>\n\n\n\n<p>Colaboraci\u00f3n: Mariano Oyarz\u00fa<\/p>\n","protected":false},"excerpt":{"rendered":"<p>Sebasti\u00e1n Cirillo har\u00e1 m\u00fasica en el Concejo Deliberante en el ciclo HomenajeArte<\/p>\n","protected":false},"author":1,"featured_media":150019,"comment_status":"closed","ping_status":"open","sticky":false,"template":"","format":"standard","meta":{"_monsterinsights_skip_tracking":false,"_monsterinsights_sitenote_active":false,"_monsterinsights_sitenote_note":"","_monsterinsights_sitenote_category":0,"jetpack_post_was_ever_published":false,"_jetpack_newsletter_access":"","_jetpack_dont_email_post_to_subs":false,"_jetpack_newsletter_tier_id":0,"_jetpack_memberships_contains_paywalled_content":false,"_jetpack_memberships_contains_paid_content":false,"footnotes":"","jetpack_publicize_message":"","jetpack_publicize_feature_enabled":true,"jetpack_social_post_already_shared":true,"jetpack_social_options":{"image_generator_settings":{"template":"highway","default_image_id":0,"font":"","enabled":false},"version":2},"_wpas_customize_per_network":false},"categories":[18286],"tags":[7805,15,8539],"class_list":["post-150018","post","type-post","status-publish","format-standard","has-post-thumbnail","hentry","category-hcd-mercedes","tag-cultura","tag-hcd","tag-musica","generate-columns","tablet-grid-50","mobile-grid-100","grid-parent","grid-50"],"jetpack_publicize_connections":[],"jetpack_featured_media_url":"https:\/\/www.hoymercedes.com.ar\/principal\/wp-content\/uploads\/2022\/06\/cirilo-2706.jpeg","wps_subtitle":"Nueva presentaci\u00f3n","jetpack_sharing_enabled":true,"_links":{"self":[{"href":"https:\/\/www.hoymercedes.com.ar\/principal\/wp-json\/wp\/v2\/posts\/150018","targetHints":{"allow":["GET"]}}],"collection":[{"href":"https:\/\/www.hoymercedes.com.ar\/principal\/wp-json\/wp\/v2\/posts"}],"about":[{"href":"https:\/\/www.hoymercedes.com.ar\/principal\/wp-json\/wp\/v2\/types\/post"}],"author":[{"embeddable":true,"href":"https:\/\/www.hoymercedes.com.ar\/principal\/wp-json\/wp\/v2\/users\/1"}],"replies":[{"embeddable":true,"href":"https:\/\/www.hoymercedes.com.ar\/principal\/wp-json\/wp\/v2\/comments?post=150018"}],"version-history":[{"count":0,"href":"https:\/\/www.hoymercedes.com.ar\/principal\/wp-json\/wp\/v2\/posts\/150018\/revisions"}],"wp:featuredmedia":[{"embeddable":true,"href":"https:\/\/www.hoymercedes.com.ar\/principal\/wp-json\/wp\/v2\/media\/150019"}],"wp:attachment":[{"href":"https:\/\/www.hoymercedes.com.ar\/principal\/wp-json\/wp\/v2\/media?parent=150018"}],"wp:term":[{"taxonomy":"category","embeddable":true,"href":"https:\/\/www.hoymercedes.com.ar\/principal\/wp-json\/wp\/v2\/categories?post=150018"},{"taxonomy":"post_tag","embeddable":true,"href":"https:\/\/www.hoymercedes.com.ar\/principal\/wp-json\/wp\/v2\/tags?post=150018"}],"curies":[{"name":"wp","href":"https:\/\/api.w.org\/{rel}","templated":true}]}}