{"id":150044,"date":"2022-06-28T15:30:00","date_gmt":"2022-06-28T18:30:00","guid":{"rendered":"https:\/\/www.hoymercedes.com.ar\/principal\/?p=150044"},"modified":"2022-06-28T15:32:05","modified_gmt":"2022-06-28T18:32:05","slug":"busquedas-laborales-activas-en-la-direccion-de-empleo-municipal","status":"publish","type":"post","link":"https:\/\/www.hoymercedes.com.ar\/principal\/2022\/06\/28\/busquedas-laborales-activas-en-la-direccion-de-empleo-municipal\/","title":{"rendered":"B\u00fasquedas laborales activas en la Direcci\u00f3n de Empleo Municipal"},"content":{"rendered":"\n<p>Desde la Oficina de Empleo de la Direcci\u00f3n de Producci\u00f3n del Municipio de Mercedes anunciaron b\u00fasquedas laborales activas. <\/p>\n\n\n\n<p>\u25aa\ufe0e Bapro &#8211; Teleoperador. Zona CABA\u00a0<br>\u25aa\ufe0e Frigorifico All Pork &#8211; Personal para mantenimiento. Portero. Corralero.<br>\u25aa\ufe0e Merplac &#8211; Administrativa (45-52 a\u00f1os)<br>\u25aa\ufe0e Particular: Bruno &#8211; Gasista Matriculado<br>\u25aa\ufe0e Particular: Taramasco &#8211; Maestro Mayor De Obras\u00a0+ 2 ayudantes de alba\u00f1il<br>\u25aa\ufe0e Aceros Borroni: Chofer de camiones. Operarios. Ing\/Of. El\u00e9ctrico<br>\u25aa\ufe0e Travell &#8211; Chofer Pasajeros<br>\u25aa\ufe0e Municipalidad- Secretaria\u00a0de Seguridad &#8211; Seguridad Inform\u00e1tica<br>\u25aa\ufe0e Interfas &#8211; Administrativa\u00a0<br>\u25aa\ufe0e Particular: Esteban Bose &#8211; 5 pintores<br>\u25aa\ufe0e Pir\u00e1mide &#8211; Maestro mayor de obra<br>\u25aa\ufe0e La Parmesana &#8211; Jefe de Mto. (con conocimientos en electricidad y mec\u00e1nica)<br>\u25aa\ufe0e Nicotex &#8211; Op. Dep\u00f3sito &#8211; Calidad &#8211; Producci\u00f3n &#8211; RRHH<br>\u25aa\ufe0e Distribuidora &#8211; Chofer de utilitario<br>\u25aa\ufe0e Carnicer\u00eda Do\u00f1a Elvira &#8211; Carnicero y ayudante<br>\u25aa\ufe0e Magromer &#8211; Operarios con experiencia en marroquiner\u00eda.<br>\u25aa\ufe0e Cumelen &#8211; Op. limpieza<br>\u25aa\ufe0e Adecco &#8211; Electricista<br>\u25aa\ufe0e Molino Cores &#8211; T\u00e9c. Electromec\u00e1nico.<br>\u25aa\ufe0e Molino Cores- Ingenieros en Alimentos.<br>\u25aa\ufe0e Almacima- Operarios.\u00a0<br>\u25aa\ufe0e Parque Log\u00edstico Mercedes- Mec\u00e1nico de Camiones<\/p>\n\n\n\n<p>Para postularse es necesario enviar el cv al correo electr\u00f3nico: empleomercedes@gmail.com, indicando en el asunto la b\u00fasqueda a la cual se postula. Tambi\u00e9n se pueden comunicar a los tel\u00e9fonos: 585372 \/ 461109 \/ 434862 o acercarse a la Oficinca de Empleo en Av 29, entre 26 y 28, N\u00b0 637, de lunes a viernes de 8 a 14 horas. <\/p>\n\n\n\n<p>Tambi\u00e9n pueden obtener m\u00e1s informaci\u00f3n en las redes sociales de la Direcci\u00f3n de Producci\u00f3n. Facebook: Direcci\u00f3n de Producci\u00f3n e Instagram: @direcciondeproduccionmercede<\/p>\n\n\n\n<p><\/p>\n","protected":false},"excerpt":{"rendered":"<p>B\u00fasquedas laborales activas en la Direcci\u00f3n de Empleo Municipal<\/p>\n","protected":false},"author":1,"featured_media":150045,"comment_status":"closed","ping_status":"open","sticky":false,"template":"","format":"standard","meta":{"_monsterinsights_skip_tracking":false,"_monsterinsights_sitenote_active":false,"_monsterinsights_sitenote_note":"","_monsterinsights_sitenote_category":0,"jetpack_post_was_ever_published":false,"_jetpack_newsletter_access":"","_jetpack_dont_email_post_to_subs":false,"_jetpack_newsletter_tier_id":0,"_jetpack_memberships_contains_paywalled_content":false,"_jetpack_memberships_contains_paid_content":false,"footnotes":"","jetpack_publicize_message":"","jetpack_publicize_feature_enabled":true,"jetpack_social_post_already_shared":true,"jetpack_social_options":{"image_generator_settings":{"template":"highway","default_image_id":0,"font":"","enabled":false},"version":2},"_wpas_customize_per_network":false},"categories":[8],"tags":[244],"class_list":["post-150044","post","type-post","status-publish","format-standard","has-post-thumbnail","hentry","category-sociedad","tag-municipio-2","generate-columns","tablet-grid-50","mobile-grid-100","grid-parent","grid-50"],"jetpack_publicize_connections":[],"jetpack_featured_media_url":"https:\/\/www.hoymercedes.com.ar\/principal\/wp-content\/uploads\/2022\/06\/busqueda-laboral-muni.jpg","wps_subtitle":"","jetpack_sharing_enabled":true,"_links":{"self":[{"href":"https:\/\/www.hoymercedes.com.ar\/principal\/wp-json\/wp\/v2\/posts\/150044","targetHints":{"allow":["GET"]}}],"collection":[{"href":"https:\/\/www.hoymercedes.com.ar\/principal\/wp-json\/wp\/v2\/posts"}],"about":[{"href":"https:\/\/www.hoymercedes.com.ar\/principal\/wp-json\/wp\/v2\/types\/post"}],"author":[{"embeddable":true,"href":"https:\/\/www.hoymercedes.com.ar\/principal\/wp-json\/wp\/v2\/users\/1"}],"replies":[{"embeddable":true,"href":"https:\/\/www.hoymercedes.com.ar\/principal\/wp-json\/wp\/v2\/comments?post=150044"}],"version-history":[{"count":0,"href":"https:\/\/www.hoymercedes.com.ar\/principal\/wp-json\/wp\/v2\/posts\/150044\/revisions"}],"wp:featuredmedia":[{"embeddable":true,"href":"https:\/\/www.hoymercedes.com.ar\/principal\/wp-json\/wp\/v2\/media\/150045"}],"wp:attachment":[{"href":"https:\/\/www.hoymercedes.com.ar\/principal\/wp-json\/wp\/v2\/media?parent=150044"}],"wp:term":[{"taxonomy":"category","embeddable":true,"href":"https:\/\/www.hoymercedes.com.ar\/principal\/wp-json\/wp\/v2\/categories?post=150044"},{"taxonomy":"post_tag","embeddable":true,"href":"https:\/\/www.hoymercedes.com.ar\/principal\/wp-json\/wp\/v2\/tags?post=150044"}],"curies":[{"name":"wp","href":"https:\/\/api.w.org\/{rel}","templated":true}]}}