{"id":150070,"date":"2022-06-29T15:48:10","date_gmt":"2022-06-29T18:48:10","guid":{"rendered":"https:\/\/www.hoymercedes.com.ar\/principal\/?p=150070"},"modified":"2022-06-29T15:48:15","modified_gmt":"2022-06-29T18:48:15","slug":"ciclo-proarte-mercedes-tango-de-la-mano-de-pedro-martini-el-quinteto-tango-y-claudia-pannone","status":"publish","type":"post","link":"https:\/\/www.hoymercedes.com.ar\/principal\/2022\/06\/29\/ciclo-proarte-mercedes-tango-de-la-mano-de-pedro-martini-el-quinteto-tango-y-claudia-pannone\/","title":{"rendered":"Ciclo ProArte Mercedes: Tango de la mano de Pedro Martini, el Quinteto Tango y Claudia Pannone"},"content":{"rendered":"\n<p><strong>PEDRO MARTINI CON EL \u201cQUINTETO TANGO\u201d y&nbsp;<\/strong>&nbsp;<\/p>\n\n\n\n<p><strong>CLAUDIA PANNONE SE PRESENTAN EN EL CICLO DE&nbsp;<\/strong>&nbsp;<\/p>\n\n\n\n<p><strong>PRO ARTE MERCEDES<\/strong>&nbsp;<\/p>\n\n\n\n<p>&nbsp;&nbsp;&nbsp;&nbsp;&nbsp;&nbsp;&nbsp;&nbsp;&nbsp;&nbsp;&nbsp;&nbsp;&nbsp;&nbsp;&nbsp;&nbsp;&nbsp;&nbsp;&nbsp;&nbsp;&nbsp;&nbsp;&nbsp;&nbsp;&nbsp;&nbsp;&nbsp;&nbsp;&nbsp;&nbsp;&nbsp;&nbsp;&nbsp;&nbsp;&nbsp;&nbsp;&nbsp;&nbsp;&nbsp;&nbsp;&nbsp;&nbsp;&nbsp;&nbsp;&nbsp;&nbsp;&nbsp;&nbsp;&nbsp;&nbsp;&nbsp;&nbsp;&nbsp;&nbsp;&nbsp;&nbsp;&nbsp;&nbsp;&nbsp;&nbsp;&nbsp;&nbsp;&nbsp;&nbsp;&nbsp;&nbsp;&nbsp;&nbsp;&nbsp;&nbsp;&nbsp;&nbsp;&nbsp;&nbsp;&nbsp;&nbsp;&nbsp;&nbsp;&nbsp;&nbsp;&nbsp;&nbsp;&nbsp;&nbsp;&nbsp;&nbsp;&nbsp;&nbsp;&nbsp;&nbsp;&nbsp;&nbsp;&nbsp;&nbsp;&nbsp;&nbsp;&nbsp;&nbsp;&nbsp;&nbsp;&nbsp;&nbsp;&nbsp;&nbsp;&nbsp;&nbsp;&nbsp;&nbsp;&nbsp;&nbsp;&nbsp;&nbsp;&nbsp;&nbsp;&nbsp;&nbsp;&nbsp; Susana Spano&nbsp;<\/p>\n\n\n\n<p>Por Susana Spano &#8211; El pr\u00f3ximo s\u00e1bado, 2 de julio a las 20:00, Pro Arte Mercedes \u2013 Centro de Egresados del Colegio Nacional Florentino Ameghino \u2013\u00a0 presenta al reconocido bandoneonista mercedino <strong>Pedro Martini<\/strong> con el <strong>\u201cQuinteto Tango\u201d,<\/strong> integrado por <strong>Jos\u00e9 Taulamet \u2013piano -; Facundo Benavidez\u00a0 &#8211; contrabajo -; Juan Bringas\u00a0 &#8211; viol\u00edn \u2013 y <\/strong>la cantante <strong>Claudia Pannone,<\/strong> en su ciclo 2022.\u00a0<\/p>\n\n\n<div class=\"wp-block-image\">\n<figure class=\"alignleft size-full is-resized\"><img decoding=\"async\" data-attachment-id=\"150072\" data-permalink=\"https:\/\/www.hoymercedes.com.ar\/principal\/2022\/06\/29\/ciclo-proarte-mercedes-tango-de-la-mano-de-pedro-martini-el-quinteto-tango-y-claudia-pannone\/pedro-martini\/#main\" data-orig-file=\"https:\/\/www.hoymercedes.com.ar\/principal\/wp-content\/uploads\/2022\/06\/pedro-martini.jpg\" data-orig-size=\"800,800\" data-comments-opened=\"0\" data-image-meta=\"{&quot;aperture&quot;:&quot;0&quot;,&quot;credit&quot;:&quot;&quot;,&quot;camera&quot;:&quot;&quot;,&quot;caption&quot;:&quot;&quot;,&quot;created_timestamp&quot;:&quot;0&quot;,&quot;copyright&quot;:&quot;&quot;,&quot;focal_length&quot;:&quot;0&quot;,&quot;iso&quot;:&quot;0&quot;,&quot;shutter_speed&quot;:&quot;0&quot;,&quot;title&quot;:&quot;&quot;,&quot;orientation&quot;:&quot;0&quot;}\" data-image-title=\"pedro martini\" data-image-description=\"\" data-image-caption=\"\" data-large-file=\"https:\/\/www.hoymercedes.com.ar\/principal\/wp-content\/uploads\/2022\/06\/pedro-martini.jpg\" src=\"https:\/\/www.hoymercedes.com.ar\/principal\/wp-content\/uploads\/2022\/06\/pedro-martini.jpg\" alt=\"\" class=\"wp-image-150072\" width=\"-443\" height=\"-443\" srcset=\"https:\/\/www.hoymercedes.com.ar\/principal\/wp-content\/uploads\/2022\/06\/pedro-martini.jpg 800w, https:\/\/www.hoymercedes.com.ar\/principal\/wp-content\/uploads\/2022\/06\/pedro-martini-620x620.jpg 620w, https:\/\/www.hoymercedes.com.ar\/principal\/wp-content\/uploads\/2022\/06\/pedro-martini-150x150.jpg 150w\" sizes=\"(max-width: 800px) 100vw, 800px\" \/><\/figure>\n<\/div>\n\n\n<p><strong>Pedro Martini<\/strong>\u00a0<br>Naci\u00f3 en Mercedes y desde peque\u00f1o comenz\u00f3 a estudiar bandone\u00f3n con <strong>Eduardo Dicatarina<\/strong> que, no solo fue un gran profesor, sino <strong><em>\u201cun maestro de la vida\u201d \u2013 <\/em><\/strong>confiesa<strong><em> &#8211;<\/em><\/strong>Tan importante fue la influencia de<strong> Dicatarina <\/strong>y el cari\u00f1o profesado a su alumno, que le dej\u00f3 su bandone\u00f3n como legado: un tesoro que ha acompa\u00f1ado a <strong>Pedro<\/strong> a lo largo de toda su carrera y tiene para \u00e9l un valor incalculable.\u00a0<\/p>\n\n\n\n<p>En la adolescencia ingres\u00f3 al <strong>Conservatorio Municipal de M\u00fasica \u201cManuel de Falla\u201d<\/strong>. De esta etapa recuerda a otro gran maestro \u2013 <strong>Rodolfo Daluisio <\/strong>\u2013 quien, a trav\u00e9s de sus consejos pedag\u00f3gicos lo motiv\u00f3 a poner en pr\u00e1ctica sus ense\u00f1anzas, que se basaban en crear un v\u00ednculo de cari\u00f1o y respeto con los alumnos; consejo que actualmente aplica en sus clases como profesor&nbsp; de la \u201c<strong>Escuela de Arte de<\/strong> <strong>Luj\u00e1n\u201d.<\/strong>&nbsp;<\/p>\n\n\n\n<p>En la d\u00e9cada del 90, conoci\u00f3 al maestro <strong>Lito C\u00f3rdoba<\/strong>, con quien construy\u00f3 una gran amistad y, a partir de 1999, comienzan una gira juntos por&nbsp; <strong>Los Emiratos \u00c1rabes<\/strong> en un tiempo en que esa plaza era desconocida para nuestra m\u00fasica ciudadana; convirti\u00e9ndose en un verdadero \u00e9xito.&nbsp;<\/p>\n\n\n\n<p>En 2005, viaj\u00f3 a Estados Unidos; entre 2006 y 2008 actu\u00f3 en Chile; en 2013 estuvo presente con su bandone\u00f3n en el acto de inauguraci\u00f3n del <strong>Monumento al Tango<\/strong> que se realiz\u00f3 en Colombia, en el aeropuerto donde <strong>Carlos Gardel<\/strong> sufri\u00f3 su fatal accidente; en 2014 se present\u00f3 en Brasil; 2015 realiz\u00f3, junto a <strong>Mora Godoy<\/strong>, una extensa gira por Europa; en 2016 nuevamente de gira por Europa, en esta ocasi\u00f3n con <strong>Julio Bocca<\/strong> y, en 2018, convocado por la <strong>UNESCO<\/strong>, cuando se declara al&nbsp;<strong> Tango<\/strong>&nbsp; \u201c<strong>Patrimonio Intangible<\/strong> <strong>de la Humanidad\u201d,<\/strong> particip\u00f3 en el acto central, representando a nuestro pa\u00eds y, posteriormente, en una gira por Europa.&nbsp;<\/p>\n\n\n<div class=\"wp-block-image\">\n<figure class=\"alignright size-full\"><img loading=\"lazy\" decoding=\"async\" width=\"441\" height=\"229\" data-attachment-id=\"150071\" data-permalink=\"https:\/\/www.hoymercedes.com.ar\/principal\/2022\/06\/29\/ciclo-proarte-mercedes-tango-de-la-mano-de-pedro-martini-el-quinteto-tango-y-claudia-pannone\/quinteto-tango\/#main\" data-orig-file=\"https:\/\/www.hoymercedes.com.ar\/principal\/wp-content\/uploads\/2022\/06\/quinteto-tango.jpg\" data-orig-size=\"441,229\" data-comments-opened=\"0\" data-image-meta=\"{&quot;aperture&quot;:&quot;0&quot;,&quot;credit&quot;:&quot;&quot;,&quot;camera&quot;:&quot;&quot;,&quot;caption&quot;:&quot;&quot;,&quot;created_timestamp&quot;:&quot;1656517256&quot;,&quot;copyright&quot;:&quot;&quot;,&quot;focal_length&quot;:&quot;0&quot;,&quot;iso&quot;:&quot;0&quot;,&quot;shutter_speed&quot;:&quot;0&quot;,&quot;title&quot;:&quot;&quot;,&quot;orientation&quot;:&quot;1&quot;}\" data-image-title=\"quinteto tango\" data-image-description=\"\" data-image-caption=\"\" data-large-file=\"https:\/\/www.hoymercedes.com.ar\/principal\/wp-content\/uploads\/2022\/06\/quinteto-tango.jpg\" src=\"https:\/\/www.hoymercedes.com.ar\/principal\/wp-content\/uploads\/2022\/06\/quinteto-tango.jpg\" alt=\"\" class=\"wp-image-150071\" srcset=\"https:\/\/www.hoymercedes.com.ar\/principal\/wp-content\/uploads\/2022\/06\/quinteto-tango.jpg 441w, https:\/\/www.hoymercedes.com.ar\/principal\/wp-content\/uploads\/2022\/06\/quinteto-tango-150x78.jpg 150w\" sizes=\"auto, (max-width: 441px) 100vw, 441px\" \/><\/figure>\n<\/div>\n\n\n<p><strong>Claudia Pannone<\/strong>\u00a0<br>Naci\u00f3 en Jun\u00edn y en su corta pero gran trayectoria dentro del g\u00e9nero del tango se posicion\u00f3 como una joven figura, due\u00f1a de una fuerte personalidad interpretativa, que su condici\u00f3n de actriz y locutora fortalecen, convirti\u00e9ndola en una artista integral.\u00a0<\/p>\n\n\n\n<p>Su presencia combina firmeza e histrionismo con un perfecto equilibrio entre amplio dramatismo expresivo y cuidada t\u00e9cnica vocal.&nbsp;<\/p>\n\n\n\n<p>Fue la cantante de <strong>\u201cEsquina Carlos Gardel\u201d<\/strong> y <strong>\u00abEsquina Homero Manzi\u00bb. <\/strong>Integr\u00f3 la Compa\u00f1\u00eda <strong>\u201cTango Emotion\u201d.<\/strong> Realiz\u00f3 una variada gama de shows en circuitos culturales como el <strong>Club del Vino, Caf\u00e9 Homero, Cl\u00e1sica y Moderna, Beckets, y Notorious-Gandhi, El Vesuvio, Centro Cultural General San Mart\u00edn, Sal\u00f3n Dorado de la Casa de la Cultura y en el Hall del Teatro San Mart\u00edn<\/strong> entre otros. Cabe destacar que el primero de sus ciclos se llam\u00f3 \u201cSe dice de m\u00ed\u201d y con \u00e9l, homenaje\u00f3 en vida a la se\u00f1ora Tita Merello.&nbsp;<\/p>\n\n\n\n<p>Como joven embajadora del tango, represent\u00f3 a nuestro Pa\u00eds en Uruguay, Brasil,<strong> <\/strong>Italia, M\u00e9xico, EE.UU., Rusia, Espa\u00f1a, Francia, B\u00e9lgica, Portugal, Chipre, Lituania, Latvia, Eslovenia y especialmente Alemania donde se present\u00f3 en la Kammermusiksaal de la Filarm\u00f3nica de Berl\u00edn.&nbsp;<\/p>\n\n\n\n<p>Comparti\u00f3 escenario con grandes arregladores, m\u00fasicos y cantantes, como Ra\u00fal Lavie, Guillermo Fern\u00e1ndez, Juanjo Dom\u00ednguez, y Rub\u00e9n Aguilera, entre otros. Fue convocada como cantante invitada de la Orquesta de Tango de Buenos Aires, bajo la direcci\u00f3n del Maestro Ra\u00fal Garello para presentarse en el Teatro Pte. Alvear.&nbsp;<\/p>\n\n\n\n<p>En el 2008 lanz\u00f3 su tercer trabajo discogr\u00e1fico \u201cOtra Mirada\u201d, con el que rinde&nbsp; homenaje a Eladia Bl\u00e1zquez, con arreglos y direcci\u00f3n musical del prestigioso bandoneonista Pablo Mainetti y la participaci\u00f3n especial de Susana Rinaldi como artista invitada.&nbsp;<\/p>\n\n\n\n<p>En&nbsp;&nbsp; 2010\/11&nbsp; fue convocada por la famosa compa\u00f1\u00eda de tango electr\u00f3nico, GOTAN PROJECT, para hacer una gira mundial.&nbsp;<\/p>\n\n\n\n<p>El \u201cQuinteto de Pedro Martini\u201d desarrollar\u00e1 un atractivo programa en el que podr\u00e1n escucharse t\u00edtulos como: <strong>Quejas de Bandone\u00f3n; Danzar\u00edn; Romance de Barrio; Yo soy Mar\u00eda; Vuelvo al Sur; Siempre se Vuelve a Buenos Aires; La Yumba; Gallo Ciego; Mala Junta; Balada para mi Muerte; Loca; El Hurac\u00e1n; 9 de Julio; Milonga de mis Amores; La Trampera; La Luci\u00e9rnaga; Che tango Che; Balada para un Loco; Se dice de M\u00ed, <\/strong>entre otros.&nbsp;<\/p>\n\n\n\n<p>Los espectadores del ciclo Pro Arte Mercedes y los amantes de nuestra m\u00fasica ciudadana en especial, tendr\u00e1n oportunidad de disfrutar del talento de estos excelentes int\u00e9rpretes que el pr\u00f3ximo 2 de julio, a las 20:00, se presentan en el Colegio Nacional.&nbsp;<\/p>\n","protected":false},"excerpt":{"rendered":"<p>Ciclo ProArte Mercedes: Tango de la mano de Pedro Martini, el Quinteto Tango y Claudia Pannone<\/p>\n","protected":false},"author":1,"featured_media":150071,"comment_status":"closed","ping_status":"open","sticky":false,"template":"","format":"standard","meta":{"_monsterinsights_skip_tracking":false,"_monsterinsights_sitenote_active":false,"_monsterinsights_sitenote_note":"","_monsterinsights_sitenote_category":0,"jetpack_post_was_ever_published":false,"_jetpack_newsletter_access":"","_jetpack_dont_email_post_to_subs":false,"_jetpack_newsletter_tier_id":0,"_jetpack_memberships_contains_paywalled_content":false,"_jetpack_memberships_contains_paid_content":false,"footnotes":"","jetpack_publicize_message":"","jetpack_publicize_feature_enabled":true,"jetpack_social_post_already_shared":true,"jetpack_social_options":{"image_generator_settings":{"template":"highway","default_image_id":0,"font":"","enabled":false},"version":2},"_wpas_customize_per_network":false},"categories":[104],"tags":[7805],"class_list":["post-150070","post","type-post","status-publish","format-standard","has-post-thumbnail","hentry","category-cultura","tag-cultura","generate-columns","tablet-grid-50","mobile-grid-100","grid-parent","grid-50"],"jetpack_publicize_connections":[],"jetpack_featured_media_url":"https:\/\/www.hoymercedes.com.ar\/principal\/wp-content\/uploads\/2022\/06\/quinteto-tango.jpg","wps_subtitle":"","jetpack_sharing_enabled":true,"_links":{"self":[{"href":"https:\/\/www.hoymercedes.com.ar\/principal\/wp-json\/wp\/v2\/posts\/150070","targetHints":{"allow":["GET"]}}],"collection":[{"href":"https:\/\/www.hoymercedes.com.ar\/principal\/wp-json\/wp\/v2\/posts"}],"about":[{"href":"https:\/\/www.hoymercedes.com.ar\/principal\/wp-json\/wp\/v2\/types\/post"}],"author":[{"embeddable":true,"href":"https:\/\/www.hoymercedes.com.ar\/principal\/wp-json\/wp\/v2\/users\/1"}],"replies":[{"embeddable":true,"href":"https:\/\/www.hoymercedes.com.ar\/principal\/wp-json\/wp\/v2\/comments?post=150070"}],"version-history":[{"count":0,"href":"https:\/\/www.hoymercedes.com.ar\/principal\/wp-json\/wp\/v2\/posts\/150070\/revisions"}],"wp:featuredmedia":[{"embeddable":true,"href":"https:\/\/www.hoymercedes.com.ar\/principal\/wp-json\/wp\/v2\/media\/150071"}],"wp:attachment":[{"href":"https:\/\/www.hoymercedes.com.ar\/principal\/wp-json\/wp\/v2\/media?parent=150070"}],"wp:term":[{"taxonomy":"category","embeddable":true,"href":"https:\/\/www.hoymercedes.com.ar\/principal\/wp-json\/wp\/v2\/categories?post=150070"},{"taxonomy":"post_tag","embeddable":true,"href":"https:\/\/www.hoymercedes.com.ar\/principal\/wp-json\/wp\/v2\/tags?post=150070"}],"curies":[{"name":"wp","href":"https:\/\/api.w.org\/{rel}","templated":true}]}}