{"id":150077,"date":"2022-06-29T20:16:30","date_gmt":"2022-06-29T23:16:30","guid":{"rendered":"https:\/\/www.hoymercedes.com.ar\/principal\/?p=150077"},"modified":"2022-06-29T20:16:34","modified_gmt":"2022-06-29T23:16:34","slug":"importante-siniestro-vial-en-colectora-de-gowland","status":"publish","type":"post","link":"https:\/\/www.hoymercedes.com.ar\/principal\/2022\/06\/29\/importante-siniestro-vial-en-colectora-de-gowland\/","title":{"rendered":"Importante siniestro vial en colectora de Gowland"},"content":{"rendered":"\n<figure class=\"wp-block-image size-full\"><img loading=\"lazy\" decoding=\"async\" width=\"1000\" height=\"450\" data-attachment-id=\"150078\" data-permalink=\"https:\/\/www.hoymercedes.com.ar\/principal\/2022\/06\/29\/importante-siniestro-vial-en-colectora-de-gowland\/whatsapp-image-2022-06-29-at-7-45-51-pm-1\/#main\" data-orig-file=\"https:\/\/www.hoymercedes.com.ar\/principal\/wp-content\/uploads\/2022\/06\/WhatsApp-Image-2022-06-29-at-7.45.51-PM-1.jpeg\" data-orig-size=\"1000,450\" data-comments-opened=\"0\" data-image-meta=\"{&quot;aperture&quot;:&quot;0&quot;,&quot;credit&quot;:&quot;&quot;,&quot;camera&quot;:&quot;&quot;,&quot;caption&quot;:&quot;&quot;,&quot;created_timestamp&quot;:&quot;0&quot;,&quot;copyright&quot;:&quot;&quot;,&quot;focal_length&quot;:&quot;0&quot;,&quot;iso&quot;:&quot;0&quot;,&quot;shutter_speed&quot;:&quot;0&quot;,&quot;title&quot;:&quot;&quot;,&quot;orientation&quot;:&quot;0&quot;}\" data-image-title=\"WhatsApp-Image-2022-06-29-at-7.45.51-PM-1\" data-image-description=\"\" data-image-caption=\"\" data-large-file=\"https:\/\/www.hoymercedes.com.ar\/principal\/wp-content\/uploads\/2022\/06\/WhatsApp-Image-2022-06-29-at-7.45.51-PM-1.jpeg\" src=\"https:\/\/www.hoymercedes.com.ar\/principal\/wp-content\/uploads\/2022\/06\/WhatsApp-Image-2022-06-29-at-7.45.51-PM-1.jpeg\" alt=\"\" class=\"wp-image-150078\" srcset=\"https:\/\/www.hoymercedes.com.ar\/principal\/wp-content\/uploads\/2022\/06\/WhatsApp-Image-2022-06-29-at-7.45.51-PM-1.jpeg 1000w, https:\/\/www.hoymercedes.com.ar\/principal\/wp-content\/uploads\/2022\/06\/WhatsApp-Image-2022-06-29-at-7.45.51-PM-1-630x284.jpeg 630w, https:\/\/www.hoymercedes.com.ar\/principal\/wp-content\/uploads\/2022\/06\/WhatsApp-Image-2022-06-29-at-7.45.51-PM-1-150x68.jpeg 150w\" sizes=\"auto, (max-width: 1000px) 100vw, 1000px\" \/><\/figure>\n\n\n\n<p>Un importante siniestro vial se produjo en colectora de ruta nacional n\u00ba5 de la localidad de Gowland involucrando 3 veh\u00edculos. Un cami\u00f3n, un auto y una camioneta. Debi\u00f3 intervenir el SAME con al menos dos ambulancias. Tambi\u00e9n efectivos de la Delegaci\u00f3n de la Polic\u00eda Comunal de dicha localidad.<\/p>\n\n\n\n<p>El choque gener\u00f3 el fuerte impacto y el despiste total del cami\u00f3n en la bajada del puente, por colectora. Las ambulancias fueron requeridas con urgencia para atender a los involucrados.<\/p>\n\n\n\n<figure class=\"wp-block-image size-full\"><img loading=\"lazy\" decoding=\"async\" width=\"1000\" height=\"450\" data-attachment-id=\"150079\" data-permalink=\"https:\/\/www.hoymercedes.com.ar\/principal\/2022\/06\/29\/importante-siniestro-vial-en-colectora-de-gowland\/whatsapp-image-2022-06-29-at-7-45-49-pm\/#main\" data-orig-file=\"https:\/\/www.hoymercedes.com.ar\/principal\/wp-content\/uploads\/2022\/06\/WhatsApp-Image-2022-06-29-at-7.45.49-PM.jpeg\" data-orig-size=\"1000,450\" data-comments-opened=\"0\" data-image-meta=\"{&quot;aperture&quot;:&quot;0&quot;,&quot;credit&quot;:&quot;&quot;,&quot;camera&quot;:&quot;&quot;,&quot;caption&quot;:&quot;&quot;,&quot;created_timestamp&quot;:&quot;0&quot;,&quot;copyright&quot;:&quot;&quot;,&quot;focal_length&quot;:&quot;0&quot;,&quot;iso&quot;:&quot;0&quot;,&quot;shutter_speed&quot;:&quot;0&quot;,&quot;title&quot;:&quot;&quot;,&quot;orientation&quot;:&quot;0&quot;}\" data-image-title=\"WhatsApp-Image-2022-06-29-at-7.45.49-PM\" data-image-description=\"\" data-image-caption=\"\" data-large-file=\"https:\/\/www.hoymercedes.com.ar\/principal\/wp-content\/uploads\/2022\/06\/WhatsApp-Image-2022-06-29-at-7.45.49-PM.jpeg\" src=\"https:\/\/www.hoymercedes.com.ar\/principal\/wp-content\/uploads\/2022\/06\/WhatsApp-Image-2022-06-29-at-7.45.49-PM.jpeg\" alt=\"\" class=\"wp-image-150079\" srcset=\"https:\/\/www.hoymercedes.com.ar\/principal\/wp-content\/uploads\/2022\/06\/WhatsApp-Image-2022-06-29-at-7.45.49-PM.jpeg 1000w, https:\/\/www.hoymercedes.com.ar\/principal\/wp-content\/uploads\/2022\/06\/WhatsApp-Image-2022-06-29-at-7.45.49-PM-630x284.jpeg 630w, https:\/\/www.hoymercedes.com.ar\/principal\/wp-content\/uploads\/2022\/06\/WhatsApp-Image-2022-06-29-at-7.45.49-PM-150x68.jpeg 150w\" sizes=\"auto, (max-width: 1000px) 100vw, 1000px\" \/><\/figure>\n\n\n\n<p>Al cierre de esta publicaci\u00f3n se desconoce el estado de salud de los ocupantes y los motivos del siniestro, pero si se supo que fueron dos al menos trasladados al hospital Dubarry.<\/p>\n\n\n\n<p>Un rumor importante es que hubo una camioneta Amarok involucrada que hizo una mala maniera y se dio a la fuga.<\/p>\n","protected":false},"excerpt":{"rendered":"<p>Un importante siniestro vial se produjo en colectora de ruta nacional n\u00ba5 de la localidad de Gowland involucrando 3 veh\u00edculos. &#8230; <a title=\"Importante siniestro vial en colectora de Gowland\" class=\"read-more\" href=\"https:\/\/www.hoymercedes.com.ar\/principal\/2022\/06\/29\/importante-siniestro-vial-en-colectora-de-gowland\/\" aria-label=\"Leer m\u00e1s sobre Importante siniestro vial en colectora de Gowland\">Leer m\u00e1s<\/a><\/p>\n","protected":false},"author":1,"featured_media":150080,"comment_status":"closed","ping_status":"open","sticky":false,"template":"","format":"standard","meta":{"_monsterinsights_skip_tracking":false,"_monsterinsights_sitenote_active":false,"_monsterinsights_sitenote_note":"","_monsterinsights_sitenote_category":0,"jetpack_post_was_ever_published":false,"_jetpack_newsletter_access":"","_jetpack_dont_email_post_to_subs":false,"_jetpack_newsletter_tier_id":0,"_jetpack_memberships_contains_paywalled_content":false,"_jetpack_memberships_contains_paid_content":false,"footnotes":"","jetpack_publicize_message":"","jetpack_publicize_feature_enabled":true,"jetpack_social_post_already_shared":true,"jetpack_social_options":{"image_generator_settings":{"template":"highway","default_image_id":0,"font":"","enabled":false},"version":2},"_wpas_customize_per_network":false},"categories":[85],"tags":[18404],"class_list":["post-150077","post","type-post","status-publish","format-standard","has-post-thumbnail","hentry","category-policial","tag-siniestro-vial-en-gowland","generate-columns","tablet-grid-50","mobile-grid-100","grid-parent","grid-50"],"jetpack_publicize_connections":[],"jetpack_featured_media_url":"https:\/\/www.hoymercedes.com.ar\/principal\/wp-content\/uploads\/2022\/06\/301.jpeg","wps_subtitle":"Preocupante","jetpack_sharing_enabled":true,"_links":{"self":[{"href":"https:\/\/www.hoymercedes.com.ar\/principal\/wp-json\/wp\/v2\/posts\/150077","targetHints":{"allow":["GET"]}}],"collection":[{"href":"https:\/\/www.hoymercedes.com.ar\/principal\/wp-json\/wp\/v2\/posts"}],"about":[{"href":"https:\/\/www.hoymercedes.com.ar\/principal\/wp-json\/wp\/v2\/types\/post"}],"author":[{"embeddable":true,"href":"https:\/\/www.hoymercedes.com.ar\/principal\/wp-json\/wp\/v2\/users\/1"}],"replies":[{"embeddable":true,"href":"https:\/\/www.hoymercedes.com.ar\/principal\/wp-json\/wp\/v2\/comments?post=150077"}],"version-history":[{"count":0,"href":"https:\/\/www.hoymercedes.com.ar\/principal\/wp-json\/wp\/v2\/posts\/150077\/revisions"}],"wp:featuredmedia":[{"embeddable":true,"href":"https:\/\/www.hoymercedes.com.ar\/principal\/wp-json\/wp\/v2\/media\/150080"}],"wp:attachment":[{"href":"https:\/\/www.hoymercedes.com.ar\/principal\/wp-json\/wp\/v2\/media?parent=150077"}],"wp:term":[{"taxonomy":"category","embeddable":true,"href":"https:\/\/www.hoymercedes.com.ar\/principal\/wp-json\/wp\/v2\/categories?post=150077"},{"taxonomy":"post_tag","embeddable":true,"href":"https:\/\/www.hoymercedes.com.ar\/principal\/wp-json\/wp\/v2\/tags?post=150077"}],"curies":[{"name":"wp","href":"https:\/\/api.w.org\/{rel}","templated":true}]}}