{"id":150097,"date":"2022-06-30T07:41:00","date_gmt":"2022-06-30T10:41:00","guid":{"rendered":"https:\/\/www.hoymercedes.com.ar\/principal\/?p=150097"},"modified":"2022-06-30T09:46:12","modified_gmt":"2022-06-30T12:46:12","slug":"jornada-de-testeo-de-vih-y-sifilis-en-cic-y-caps-de-hipolito-yirigoyen","status":"publish","type":"post","link":"https:\/\/www.hoymercedes.com.ar\/principal\/2022\/06\/30\/jornada-de-testeo-de-vih-y-sifilis-en-cic-y-caps-de-hipolito-yirigoyen\/","title":{"rendered":"Jornada de testeo de VIH y s\u00edfilis en CIC y CAPS de Hip\u00f3lito Yirigoyen"},"content":{"rendered":"\n<p>En el marco del d\u00eda nacional del testeo de VIH, la Secretar\u00eda de Salud del Municipio de Mercedes realizar\u00e1 testeos r\u00e1pidos de VIH y s\u00edfilis en el CAPS Hip\u00f3lito Yrigoyen (12, entre 57 y 59) y el CIC (calle 10 y 65). De 9 a 16 horas, de este jueves 30 de junio, quienes quieran hacerse los an\u00e1lisis pueden presentarse sin necesidad de turno. <\/p>\n\n\n\n<p>Marianela Arenilla, subsecretaria de salud inform\u00f3 \u201ctratamos de fomentar el uso de este tipo de pruebas para la detecci\u00f3n de la enfermedad, por lo que estamos haciendo estas jornadas, donde cualquier persona puede acceder estos test\u201d y remarc\u00f3 \u201clos test est\u00e1n siempre, si vas cualquier d\u00eda lo pod\u00e9s hacer, tanto en el CIC como en diferentes CAPS, pero bueno, por ah\u00ed estas jornadas incentivan a que la poblaci\u00f3n participe y pueda detectar tempranamente este tipo de enfermedades y as\u00ed cuidarnos entre todos\u201d.<\/p>\n\n\n\n<p>En este sentido, Arenilla se\u00f1al\u00f3 \u201cestos test son de car\u00e1cter confidencial, existe un protocolo posterior dependiendo del resultado de la muestra, pero todo es confidencial y gratuito\u201d y a\u00f1adi\u00f3 \u201cdebido a esta jornada, el Hospital Dubarry tambi\u00e9n estar\u00e1 realizando estos test en el laboratorio\u201d.<\/p>\n\n\n\n<p>\u201cLo importante es a trav\u00e9s del Estado poder incentivar este tipo de an\u00e1lisis y cuidados para las personas\u201d apunt\u00f3 Arenillas e indic\u00f3 \u201ces muy importante el cuidado previo a una relaci\u00f3n, a trav\u00e9s de los preservativos, que tambi\u00e9n son gratuitos y est\u00e1n en todas las salitas o retirarlos en el hospital, siendo, adem\u00e1s, uno de los m\u00e9todos anticonceptivos con mayor efectividad\u201d.<\/p>\n\n\n\n<p>En este sentido, la Subsecretaria de Salud destac\u00f3 \u201cm\u00e1s all\u00e1 de los m\u00e9todos anticonceptivos para la prevenci\u00f3n de los embarazos est\u00e1 bueno saber que el preservativo tiene ese plus, donde es m\u00e9todo de barrera para las enfermedades y los embarazos\u201d.\u00a0\u00a0 \u00a0<\/p>\n\n\n\n<p>Fuente: Prensa Municipal. <\/p>\n","protected":false},"excerpt":{"rendered":"<p>30 de junio: Jornada de testeo de VIH y s\u00edfilis en CIC y CAPS de Hip\u00f3lito Yirigoyen <\/p>\n","protected":false},"author":1,"featured_media":150098,"comment_status":"closed","ping_status":"open","sticky":false,"template":"","format":"standard","meta":{"_monsterinsights_skip_tracking":false,"_monsterinsights_sitenote_active":false,"_monsterinsights_sitenote_note":"","_monsterinsights_sitenote_category":0,"jetpack_post_was_ever_published":false,"_jetpack_newsletter_access":"","_jetpack_dont_email_post_to_subs":false,"_jetpack_newsletter_tier_id":0,"_jetpack_memberships_contains_paywalled_content":false,"_jetpack_memberships_contains_paid_content":false,"footnotes":"","jetpack_publicize_message":"","jetpack_publicize_feature_enabled":true,"jetpack_social_post_already_shared":true,"jetpack_social_options":{"image_generator_settings":{"template":"highway","default_image_id":0,"font":"","enabled":false},"version":2},"_wpas_customize_per_network":false},"categories":[30,9791],"tags":[244,134,18406,16744],"class_list":["post-150097","post","type-post","status-publish","format-standard","has-post-thumbnail","hentry","category-municipio","category-salud","tag-municipio-2","tag-salud","tag-sifilis","tag-vih","generate-columns","tablet-grid-50","mobile-grid-100","grid-parent","grid-50"],"jetpack_publicize_connections":[],"jetpack_featured_media_url":"https:\/\/www.hoymercedes.com.ar\/principal\/wp-content\/uploads\/2022\/06\/Arenillas.jpg","wps_subtitle":"","jetpack_sharing_enabled":true,"_links":{"self":[{"href":"https:\/\/www.hoymercedes.com.ar\/principal\/wp-json\/wp\/v2\/posts\/150097","targetHints":{"allow":["GET"]}}],"collection":[{"href":"https:\/\/www.hoymercedes.com.ar\/principal\/wp-json\/wp\/v2\/posts"}],"about":[{"href":"https:\/\/www.hoymercedes.com.ar\/principal\/wp-json\/wp\/v2\/types\/post"}],"author":[{"embeddable":true,"href":"https:\/\/www.hoymercedes.com.ar\/principal\/wp-json\/wp\/v2\/users\/1"}],"replies":[{"embeddable":true,"href":"https:\/\/www.hoymercedes.com.ar\/principal\/wp-json\/wp\/v2\/comments?post=150097"}],"version-history":[{"count":0,"href":"https:\/\/www.hoymercedes.com.ar\/principal\/wp-json\/wp\/v2\/posts\/150097\/revisions"}],"wp:featuredmedia":[{"embeddable":true,"href":"https:\/\/www.hoymercedes.com.ar\/principal\/wp-json\/wp\/v2\/media\/150098"}],"wp:attachment":[{"href":"https:\/\/www.hoymercedes.com.ar\/principal\/wp-json\/wp\/v2\/media?parent=150097"}],"wp:term":[{"taxonomy":"category","embeddable":true,"href":"https:\/\/www.hoymercedes.com.ar\/principal\/wp-json\/wp\/v2\/categories?post=150097"},{"taxonomy":"post_tag","embeddable":true,"href":"https:\/\/www.hoymercedes.com.ar\/principal\/wp-json\/wp\/v2\/tags?post=150097"}],"curies":[{"name":"wp","href":"https:\/\/api.w.org\/{rel}","templated":true}]}}