{"id":150101,"date":"2022-06-30T10:35:00","date_gmt":"2022-06-30T13:35:00","guid":{"rendered":"https:\/\/www.hoymercedes.com.ar\/principal\/?p=150101"},"modified":"2022-06-30T10:29:41","modified_gmt":"2022-06-30T13:29:41","slug":"construiran-una-casa-de-dia-para-jovenes","status":"publish","type":"post","link":"https:\/\/www.hoymercedes.com.ar\/principal\/2022\/06\/30\/construiran-una-casa-de-dia-para-jovenes\/","title":{"rendered":"Construir\u00e1n una \u00abCasa de D\u00eda para J\u00f3venes\u00bb"},"content":{"rendered":"\n<p>Desde el Municipio de Mercedes informaron que se firm\u00f3 un convenio que buscar\u00e1 construir e implementar en la ciudad el programa \u201cCasa de D\u00eda para J\u00f3venes\u201d. Un dispositivo de Sedronar y el Ministerio de Obras de la Naci\u00f3n con el objetivo de \u00abacompa\u00f1ar, prevenir e incluir a personas con problemas de consumo de sustancias\u00bb. <\/p>\n\n\n<div class=\"wp-block-image\">\n<figure class=\"aligncenter size-full\"><img loading=\"lazy\" decoding=\"async\" width=\"800\" height=\"533\" data-attachment-id=\"150102\" data-permalink=\"https:\/\/www.hoymercedes.com.ar\/principal\/2022\/06\/30\/construiran-una-casa-de-dia-para-jovenes\/901-1\/#main\" data-orig-file=\"https:\/\/www.hoymercedes.com.ar\/principal\/wp-content\/uploads\/2022\/06\/901-1.jpeg\" data-orig-size=\"800,533\" data-comments-opened=\"0\" data-image-meta=\"{&quot;aperture&quot;:&quot;0&quot;,&quot;credit&quot;:&quot;&quot;,&quot;camera&quot;:&quot;&quot;,&quot;caption&quot;:&quot;&quot;,&quot;created_timestamp&quot;:&quot;0&quot;,&quot;copyright&quot;:&quot;&quot;,&quot;focal_length&quot;:&quot;0&quot;,&quot;iso&quot;:&quot;0&quot;,&quot;shutter_speed&quot;:&quot;0&quot;,&quot;title&quot;:&quot;&quot;,&quot;orientation&quot;:&quot;0&quot;}\" data-image-title=\"901 (1)\" data-image-description=\"\" data-image-caption=\"\" data-large-file=\"https:\/\/www.hoymercedes.com.ar\/principal\/wp-content\/uploads\/2022\/06\/901-1.jpeg\" src=\"https:\/\/www.hoymercedes.com.ar\/principal\/wp-content\/uploads\/2022\/06\/901-1.jpeg\" alt=\"\" class=\"wp-image-150102\" srcset=\"https:\/\/www.hoymercedes.com.ar\/principal\/wp-content\/uploads\/2022\/06\/901-1.jpeg 800w, https:\/\/www.hoymercedes.com.ar\/principal\/wp-content\/uploads\/2022\/06\/901-1-630x420.jpeg 630w, https:\/\/www.hoymercedes.com.ar\/principal\/wp-content\/uploads\/2022\/06\/901-1-150x100.jpeg 150w, https:\/\/www.hoymercedes.com.ar\/principal\/wp-content\/uploads\/2022\/06\/901-1-700x465.jpeg 700w\" sizes=\"auto, (max-width: 800px) 100vw, 800px\" \/><\/figure>\n<\/div>\n\n\n<p>El jefe comunal Juan Ignacio Ustarroz viaj\u00f3 para acordar el convenio. Para esto fue acompa\u00f1ado por el personal de Salud Mental de la comuna. \u201cEs muy importante este paso que estamos dando junto a Naci\u00f3n y Provincia. Es una tem\u00e1tica compleja que requiere el trabajo unido entre todos los estamentos del Estado junto a la comunidad. Construir\u00e1n una \u00abCasa de D\u00eda para J\u00f3venes\u00bb expres\u00f3 el Intendente en la informaci\u00f3n oficial. <\/p>\n\n\n\n<p>Por su parte, la responsable del Sedronar, Gabriela Torres, explic\u00f3 que \u201cen esta primera etapa, el Ministerio de Obras Publicas construir\u00e1 10 de un total de 30 Casas de D\u00eda para j\u00f3venes en todo el pa\u00eds, enmarcado dentro del Programa de Infraestructura del Cuidado. Estas casas son espacios p\u00fablicos cogestionados entre SEDRONAR y gobiernos provinciales o municipales, para la prevenci\u00f3n y atenci\u00f3n de la poblaci\u00f3n que atraviesa consumos problem\u00e1ticos de sustancias y se incorporar\u00e1n a las redes que ya funcionan en cada distrito\u201d. <\/p>\n\n\n\n<p>Agreg\u00f3: \u201cTenemos que estar presentes, debemos trabajar articuladamente y poner lugares a disposici\u00f3n para la atenci\u00f3n y el acompa\u00f1amiento de las personas que atraviesan una problem\u00e1tica de consumo de sustancias. Por eso tenemos que crear casas nuevas\u201d. \u00a0<\/p>\n\n\n\n<p>El convenio, que se firm\u00f3 en la Casa de la Cultura del municipio de Almirante Brown con la presencia de Mariano Cascallares, se lleva adelante en el marco de la ampliaci\u00f3n de la Red Federal de Dispositivos de Atenci\u00f3n y Acompa\u00f1amiento de SEDRONAR, y del Programa Nacional de Infraestructura del Cuidado del Ministerio de Obras P\u00fablicas, que funciona en articulaci\u00f3n con gobiernos provinciales y municipales. \u00a0<\/p>\n\n\n\n<p>Estuvieron presentes, adem\u00e1s de Torres y Katopodis, el jefe de Gabinete de ministros de la Provincia de Buenos Aires, Mart\u00edn Insaurralde; la subsecretaria de Planificaci\u00f3n y Coordinaci\u00f3n Territorial de la Obra P\u00fablica de la Naci\u00f3n, Cecilia Larivera; la subsecretaria bonaerense de Salud Mental, Consumos problem\u00e1ticos y Violencias, Julieta Calmels, equipos t\u00e9cnicos de Mercedes y, por supuesto, por el intendente Juan I. Ustarroz. &nbsp;<\/p>\n\n\n\n<p><\/p>\n\n\n\n<p>Fuente: Prensa Municipal<\/p>\n","protected":false},"excerpt":{"rendered":"<p>Construir\u00e1n una \u00abCasa de D\u00eda para J\u00f3venes\u00bb. Convenio firmado entre el Municipio de Mercedes, SEDRONAR y el Ministerio de Obras de la Naci\u00f3n. <\/p>\n","protected":false},"author":1,"featured_media":150102,"comment_status":"closed","ping_status":"open","sticky":false,"template":"","format":"standard","meta":{"_monsterinsights_skip_tracking":false,"_monsterinsights_sitenote_active":false,"_monsterinsights_sitenote_note":"","_monsterinsights_sitenote_category":0,"jetpack_post_was_ever_published":false,"_jetpack_newsletter_access":"","_jetpack_dont_email_post_to_subs":false,"_jetpack_newsletter_tier_id":0,"_jetpack_memberships_contains_paywalled_content":false,"_jetpack_memberships_contains_paid_content":false,"footnotes":"","jetpack_publicize_message":"","jetpack_publicize_feature_enabled":true,"jetpack_social_post_already_shared":true,"jetpack_social_options":{"image_generator_settings":{"template":"highway","default_image_id":0,"font":"","enabled":false},"version":2},"_wpas_customize_per_network":false},"categories":[30],"tags":[244],"class_list":["post-150101","post","type-post","status-publish","format-standard","has-post-thumbnail","hentry","category-municipio","tag-municipio-2","generate-columns","tablet-grid-50","mobile-grid-100","grid-parent","grid-50"],"jetpack_publicize_connections":[],"jetpack_featured_media_url":"https:\/\/www.hoymercedes.com.ar\/principal\/wp-content\/uploads\/2022\/06\/901-1.jpeg","wps_subtitle":"","jetpack_sharing_enabled":true,"_links":{"self":[{"href":"https:\/\/www.hoymercedes.com.ar\/principal\/wp-json\/wp\/v2\/posts\/150101","targetHints":{"allow":["GET"]}}],"collection":[{"href":"https:\/\/www.hoymercedes.com.ar\/principal\/wp-json\/wp\/v2\/posts"}],"about":[{"href":"https:\/\/www.hoymercedes.com.ar\/principal\/wp-json\/wp\/v2\/types\/post"}],"author":[{"embeddable":true,"href":"https:\/\/www.hoymercedes.com.ar\/principal\/wp-json\/wp\/v2\/users\/1"}],"replies":[{"embeddable":true,"href":"https:\/\/www.hoymercedes.com.ar\/principal\/wp-json\/wp\/v2\/comments?post=150101"}],"version-history":[{"count":0,"href":"https:\/\/www.hoymercedes.com.ar\/principal\/wp-json\/wp\/v2\/posts\/150101\/revisions"}],"wp:featuredmedia":[{"embeddable":true,"href":"https:\/\/www.hoymercedes.com.ar\/principal\/wp-json\/wp\/v2\/media\/150102"}],"wp:attachment":[{"href":"https:\/\/www.hoymercedes.com.ar\/principal\/wp-json\/wp\/v2\/media?parent=150101"}],"wp:term":[{"taxonomy":"category","embeddable":true,"href":"https:\/\/www.hoymercedes.com.ar\/principal\/wp-json\/wp\/v2\/categories?post=150101"},{"taxonomy":"post_tag","embeddable":true,"href":"https:\/\/www.hoymercedes.com.ar\/principal\/wp-json\/wp\/v2\/tags?post=150101"}],"curies":[{"name":"wp","href":"https:\/\/api.w.org\/{rel}","templated":true}]}}