{"id":150112,"date":"2022-07-06T16:00:00","date_gmt":"2022-07-06T19:00:00","guid":{"rendered":"https:\/\/www.hoymercedes.com.ar\/principal\/?p=150112"},"modified":"2022-07-06T15:17:35","modified_gmt":"2022-07-06T18:17:35","slug":"elenco-local-estrena-la-mano-de-un-angel","status":"publish","type":"post","link":"https:\/\/www.hoymercedes.com.ar\/principal\/2022\/07\/06\/elenco-local-estrena-la-mano-de-un-angel\/","title":{"rendered":"Elenco local estrena \u00abLa Mano de un \u00c1ngel\u00bb"},"content":{"rendered":"\n<p>Por TeCleArte &#8211; Bajo la direcci\u00f3n de Miguel Agostini, un elenco integrado por actores y actrices mercedinos estrenar\u00e1 la obra \u00abLa Mano de un \u00c1ngel\u00bb, pieza teatral escrita por el mismo director. La puesta teatral cuenta con actuaci\u00f3n de Lucas Riselli, Silvia Viani, Juan Santilli, Kiki Cardozo, Sergio Blanco, Romina Sirch y Ramiro C\u00e1rdenas. El estreno es el viernes 8 de julio, 21 horas, y vuelven a presentarse el domingo 17, 19:30 horas, en el Teatro Argentino \u00abJulio C. Gioscio\u00bb. Las entradas tienen un valor de 700 pesos. <\/p>\n\n\n\n<figure class=\"wp-block-gallery has-nested-images columns-default is-cropped wp-block-gallery-1 is-layout-flex wp-block-gallery-is-layout-flex\">\n<figure class=\"wp-block-image size-large\"><img loading=\"lazy\" decoding=\"async\" width=\"800\" height=\"533\" data-attachment-id=\"150393\" data-permalink=\"https:\/\/www.hoymercedes.com.ar\/principal\/2022\/07\/06\/elenco-local-estrena-la-mano-de-un-angel\/mano-angel-miguel-agostini-mano-angel\/#main\" data-orig-file=\"https:\/\/www.hoymercedes.com.ar\/principal\/wp-content\/uploads\/2022\/07\/Mano-Angel-Miguel-Agostini-Mano-Angel.jpeg\" data-orig-size=\"800,533\" data-comments-opened=\"0\" data-image-meta=\"{&quot;aperture&quot;:&quot;0&quot;,&quot;credit&quot;:&quot;&quot;,&quot;camera&quot;:&quot;&quot;,&quot;caption&quot;:&quot;&quot;,&quot;created_timestamp&quot;:&quot;1657016464&quot;,&quot;copyright&quot;:&quot;&quot;,&quot;focal_length&quot;:&quot;0&quot;,&quot;iso&quot;:&quot;0&quot;,&quot;shutter_speed&quot;:&quot;0&quot;,&quot;title&quot;:&quot;&quot;,&quot;orientation&quot;:&quot;1&quot;}\" data-image-title=\"Mano Angel Miguel Agostini Mano Angel\" data-image-description=\"\" data-image-caption=\"\" data-large-file=\"https:\/\/www.hoymercedes.com.ar\/principal\/wp-content\/uploads\/2022\/07\/Mano-Angel-Miguel-Agostini-Mano-Angel.jpeg\" data-id=\"150393\" src=\"https:\/\/www.hoymercedes.com.ar\/principal\/wp-content\/uploads\/2022\/07\/Mano-Angel-Miguel-Agostini-Mano-Angel.jpeg\" alt=\"\" class=\"wp-image-150393\" srcset=\"https:\/\/www.hoymercedes.com.ar\/principal\/wp-content\/uploads\/2022\/07\/Mano-Angel-Miguel-Agostini-Mano-Angel.jpeg 800w, https:\/\/www.hoymercedes.com.ar\/principal\/wp-content\/uploads\/2022\/07\/Mano-Angel-Miguel-Agostini-Mano-Angel-630x420.jpeg 630w, https:\/\/www.hoymercedes.com.ar\/principal\/wp-content\/uploads\/2022\/07\/Mano-Angel-Miguel-Agostini-Mano-Angel-150x100.jpeg 150w, https:\/\/www.hoymercedes.com.ar\/principal\/wp-content\/uploads\/2022\/07\/Mano-Angel-Miguel-Agostini-Mano-Angel-700x465.jpeg 700w\" sizes=\"auto, (max-width: 800px) 100vw, 800px\" \/><\/figure>\n\n\n\n<figure class=\"wp-block-image size-large\"><img loading=\"lazy\" decoding=\"async\" width=\"800\" height=\"519\" data-attachment-id=\"150392\" data-permalink=\"https:\/\/www.hoymercedes.com.ar\/principal\/2022\/07\/06\/elenco-local-estrena-la-mano-de-un-angel\/mano-angel-elenco\/#main\" data-orig-file=\"https:\/\/www.hoymercedes.com.ar\/principal\/wp-content\/uploads\/2022\/07\/Mano-Angel-elenco-rotated.jpeg\" data-orig-size=\"800,519\" data-comments-opened=\"0\" data-image-meta=\"{&quot;aperture&quot;:&quot;0&quot;,&quot;credit&quot;:&quot;&quot;,&quot;camera&quot;:&quot;&quot;,&quot;caption&quot;:&quot;&quot;,&quot;created_timestamp&quot;:&quot;0&quot;,&quot;copyright&quot;:&quot;&quot;,&quot;focal_length&quot;:&quot;0&quot;,&quot;iso&quot;:&quot;0&quot;,&quot;shutter_speed&quot;:&quot;0&quot;,&quot;title&quot;:&quot;&quot;,&quot;orientation&quot;:&quot;1&quot;}\" data-image-title=\"Mano Angel elenco\" data-image-description=\"\" data-image-caption=\"\" data-large-file=\"https:\/\/www.hoymercedes.com.ar\/principal\/wp-content\/uploads\/2022\/07\/Mano-Angel-elenco-rotated.jpeg\" data-id=\"150392\" src=\"https:\/\/www.hoymercedes.com.ar\/principal\/wp-content\/uploads\/2022\/07\/Mano-Angel-elenco-rotated.jpeg\" alt=\"\" class=\"wp-image-150392\" srcset=\"https:\/\/www.hoymercedes.com.ar\/principal\/wp-content\/uploads\/2022\/07\/Mano-Angel-elenco-rotated.jpeg 800w, https:\/\/www.hoymercedes.com.ar\/principal\/wp-content\/uploads\/2022\/07\/Mano-Angel-elenco-630x409.jpeg 630w, https:\/\/www.hoymercedes.com.ar\/principal\/wp-content\/uploads\/2022\/07\/Mano-Angel-elenco-150x97.jpeg 150w\" sizes=\"auto, (max-width: 800px) 100vw, 800px\" \/><\/figure>\n<\/figure>\n\n\n\n<p>Desde hace algunos a\u00f1os, Miguel Agostini comenz\u00f3 a incursionar en la dramaturgia teatral. Son cuatro las obras que ya escribi\u00f3. La \u00faltima es precisamente \u00abLa Mano de un \u00c1ngel\u00bb, una obra que termin\u00f3 de escribir previo a la pandemia y que qued\u00f3 \u00abfrizada\u00bb los \u00faltimos a\u00f1os. Sin embargo, el inicio de 2022 implic\u00f3 reflotar el texto y decidir la puesta en escena. El desaf\u00edo que se plate\u00f3 Agostini fue dirigir por primera vez una obra de teatro, con el plus de ser una pieza de su propia autor\u00eda. <\/p>\n\n\n\n<p>En esta nueva etapa, ya como director y con la puesta en escena en la cabeza, comenzaron a surgir los nombres que se pondr\u00edan en la piel de cada uno de los personajes. \u00abCon Luj\u00e1n (Luna) estuvimos pensando qui\u00e9nes podr\u00edan ser, le fuimos proponiendo a cada uno y ellos fueron aceptando. As\u00ed que hicimos un lindo grupo. Comenzamos en febrero a ensayar en distintos lugares prestados como el sal\u00f3n del Rotary Club de la calle 31 y hace poco empezamos en el Teatro\u00bb, explic\u00f3 Miguel Agostini en di\u00e1logo con Hoy Mercedes.<\/p>\n\n\n\n<p>A lo que agreg\u00f3 que en su veta como director de la obra, est\u00e1 aprendiendo y reforzando su veta como dramaturgo. \u00abComo parte del aprendizaje m\u00edo en la dramaturgia, estar en el proceso de a puesta en escena de una manera tan activa, me pone a pensar en el texto y c\u00f3mo reformularlo para la puesta. Es una obra m\u00e1s enriquecida\u00bb, destac\u00f3. <\/p>\n\n\n\n<p>\u00abLa Mano de un \u00c1ngel\u00bb es el t\u00edtulo de la comedia dram\u00e1tica. Sin embargo, ese t\u00edtulo hace referencia a la famosa \u00abMano de Dios\u00bb del gol de Maradona. \u00abEs una comedia en un acto, pero en seis pasos. Tiene un drama familiar entre dos hermanos. Un desencuentro. Como dramaturgo, lo quise hacer descarnado recurriendo a las pasiones. Utilizo el f\u00fatbol como alegor\u00eda. Es muy pasional, muy futbolero. El tono de comedia lo da este contraste: entre lo que se est\u00e1 discutiendo profundamente porque hay un resentimiento, un rencor, entre esos hermanos. Estos hermanos aman y viven el f\u00fatbol y no logran un acuerdo, as\u00ed que se les ocurre pedir ayuda, una mediaci\u00f3n de otro personaje que tiene que ver con el f\u00fatbol. Hay situaciones disparatadas, risue\u00f1as. Los actores mismos se r\u00eden durante los ensayos\u00bb, adelanta el autor y director de la obra de teatro. <\/p>\n\n\n\n<p>El elenco est\u00e1 conformado por\u00a0Lucas Riselli, Silvia Viani, Juan Santilli, \u00abKiki\u00bb Cardozo, Sergio Blanco, Romina Sirch y Ramiro C\u00e1rdenas.<\/p>\n\n\n\n<p>El estreno ser\u00e1 el viernes 8 de julio, 21 horas, y vuelven a presentarse el domingo 17, 19:30 horas, en el Teatro Argentino \u00abJulio C. Gioscio\u00bb. Las entradas tienen un valor de 700 pesos en la boleter\u00eda del teatro en su horario habitual a la ma\u00f1ana 8 a 12 horas y por la tarde de 17 a 20 horas.<\/p>\n\n\n<div class=\"wp-block-image\">\n<figure class=\"aligncenter size-full\"><img loading=\"lazy\" decoding=\"async\" width=\"800\" height=\"800\" data-attachment-id=\"150394\" data-permalink=\"https:\/\/www.hoymercedes.com.ar\/principal\/2022\/07\/06\/elenco-local-estrena-la-mano-de-un-angel\/mano-angel-elenco-3\/#main\" data-orig-file=\"https:\/\/www.hoymercedes.com.ar\/principal\/wp-content\/uploads\/2022\/07\/Mano-Angel-elenco-3..jpeg\" data-orig-size=\"800,800\" data-comments-opened=\"0\" data-image-meta=\"{&quot;aperture&quot;:&quot;0&quot;,&quot;credit&quot;:&quot;&quot;,&quot;camera&quot;:&quot;&quot;,&quot;caption&quot;:&quot;&quot;,&quot;created_timestamp&quot;:&quot;0&quot;,&quot;copyright&quot;:&quot;&quot;,&quot;focal_length&quot;:&quot;0&quot;,&quot;iso&quot;:&quot;0&quot;,&quot;shutter_speed&quot;:&quot;0&quot;,&quot;title&quot;:&quot;&quot;,&quot;orientation&quot;:&quot;0&quot;}\" data-image-title=\"Mano Angel elenco 3.\" data-image-description=\"\" data-image-caption=\"\" data-large-file=\"https:\/\/www.hoymercedes.com.ar\/principal\/wp-content\/uploads\/2022\/07\/Mano-Angel-elenco-3..jpeg\" src=\"https:\/\/www.hoymercedes.com.ar\/principal\/wp-content\/uploads\/2022\/07\/Mano-Angel-elenco-3..jpeg\" alt=\"\" class=\"wp-image-150394\" srcset=\"https:\/\/www.hoymercedes.com.ar\/principal\/wp-content\/uploads\/2022\/07\/Mano-Angel-elenco-3..jpeg 800w, https:\/\/www.hoymercedes.com.ar\/principal\/wp-content\/uploads\/2022\/07\/Mano-Angel-elenco-3.-620x620.jpeg 620w, https:\/\/www.hoymercedes.com.ar\/principal\/wp-content\/uploads\/2022\/07\/Mano-Angel-elenco-3.-150x150.jpeg 150w\" sizes=\"auto, (max-width: 800px) 100vw, 800px\" \/><\/figure>\n<\/div>\n\n\n<p>Ficha T\u00e9cnica<br>Elenco (por orden de aparici\u00f3n)<br>Lucas Riselli\u2026\u2026\u2026\u2026\u2026\u2026.Aldo&nbsp;<br>Silvia Viani\u2026\u2026\u2026\u2026\u2026\u2026Elvira&nbsp;<br>Juan Santilli\u2026\u2026\u2026.Guillermo&nbsp;<br>Kiki Cardozo\u2026\u2026\u2026\u2026.Relator&nbsp;<br>Sergio Blanco\u2026\u2026\u2026\u2026.Oso&nbsp;<br>Romina Sirch\u2026\u2026\u2026\u2026..Y\u00e9sica&nbsp;<br>Ramiro C\u00e1rdenas\u2026\u2026\u2026Taxista&nbsp;<\/p>\n\n\n\n<p>Escenograf\u00eda: Juan David Testa y Lucas Riselli&nbsp;<br>Iluminaci\u00f3n y sonido: Equipo t\u00e9cnico del Teatro Argentino de Mercedes&nbsp;<br>Vestuario y peinados: Mauricio Garc\u00eda&nbsp;<br>Asistente de Direcci\u00f3n: Mar\u00eda Luj\u00e1n Luna&nbsp;<br>Texto y Direcci\u00f3n: Miguel Agostini&nbsp;<\/p>\n","protected":false},"excerpt":{"rendered":"<p>Elenco local estrena \u00abLa Mano de un \u00c1ngel\u00bb. Las funciones son el 8 y 17 de julio en el Teatro Argentino \u00abJulio C. Gioscio\u00bb. Las entradas est\u00e1n a la venta. <\/p>\n","protected":false},"author":1,"featured_media":150391,"comment_status":"closed","ping_status":"open","sticky":false,"template":"","format":"standard","meta":{"_monsterinsights_skip_tracking":false,"_monsterinsights_sitenote_active":false,"_monsterinsights_sitenote_note":"","_monsterinsights_sitenote_category":0,"jetpack_post_was_ever_published":false,"_jetpack_newsletter_access":"","_jetpack_dont_email_post_to_subs":false,"_jetpack_newsletter_tier_id":0,"_jetpack_memberships_contains_paywalled_content":false,"_jetpack_memberships_contains_paid_content":false,"footnotes":"","jetpack_publicize_message":"","jetpack_publicize_feature_enabled":true,"jetpack_social_post_already_shared":true,"jetpack_social_options":{"image_generator_settings":{"template":"highway","default_image_id":0,"font":"","enabled":false},"version":2},"_wpas_customize_per_network":false},"categories":[104],"tags":[7805],"class_list":["post-150112","post","type-post","status-publish","format-standard","has-post-thumbnail","hentry","category-cultura","tag-cultura","generate-columns","tablet-grid-50","mobile-grid-100","grid-parent","grid-50"],"jetpack_publicize_connections":[],"jetpack_featured_media_url":"https:\/\/www.hoymercedes.com.ar\/principal\/wp-content\/uploads\/2022\/07\/Mano-Angel-elenco-2.jpeg","wps_subtitle":"","jetpack_sharing_enabled":true,"_links":{"self":[{"href":"https:\/\/www.hoymercedes.com.ar\/principal\/wp-json\/wp\/v2\/posts\/150112","targetHints":{"allow":["GET"]}}],"collection":[{"href":"https:\/\/www.hoymercedes.com.ar\/principal\/wp-json\/wp\/v2\/posts"}],"about":[{"href":"https:\/\/www.hoymercedes.com.ar\/principal\/wp-json\/wp\/v2\/types\/post"}],"author":[{"embeddable":true,"href":"https:\/\/www.hoymercedes.com.ar\/principal\/wp-json\/wp\/v2\/users\/1"}],"replies":[{"embeddable":true,"href":"https:\/\/www.hoymercedes.com.ar\/principal\/wp-json\/wp\/v2\/comments?post=150112"}],"version-history":[{"count":0,"href":"https:\/\/www.hoymercedes.com.ar\/principal\/wp-json\/wp\/v2\/posts\/150112\/revisions"}],"wp:featuredmedia":[{"embeddable":true,"href":"https:\/\/www.hoymercedes.com.ar\/principal\/wp-json\/wp\/v2\/media\/150391"}],"wp:attachment":[{"href":"https:\/\/www.hoymercedes.com.ar\/principal\/wp-json\/wp\/v2\/media?parent=150112"}],"wp:term":[{"taxonomy":"category","embeddable":true,"href":"https:\/\/www.hoymercedes.com.ar\/principal\/wp-json\/wp\/v2\/categories?post=150112"},{"taxonomy":"post_tag","embeddable":true,"href":"https:\/\/www.hoymercedes.com.ar\/principal\/wp-json\/wp\/v2\/tags?post=150112"}],"curies":[{"name":"wp","href":"https:\/\/api.w.org\/{rel}","templated":true}]}}