{"id":150138,"date":"2022-06-30T19:49:52","date_gmt":"2022-06-30T22:49:52","guid":{"rendered":"https:\/\/www.hoymercedes.com.ar\/principal\/?p=150138"},"modified":"2022-06-30T19:49:56","modified_gmt":"2022-06-30T22:49:56","slug":"estreno-de-los-minions-en-la-pantalla-local","status":"publish","type":"post","link":"https:\/\/www.hoymercedes.com.ar\/principal\/2022\/06\/30\/estreno-de-los-minions-en-la-pantalla-local\/","title":{"rendered":"Estreno de los Minions en la pantalla local"},"content":{"rendered":"\n<p>Desde el viernes 1\u00b0 al martes 5 de julio, el Cine Mercedes presentar\u00e1 dos pel\u00edculas de animaci\u00f3n. Una esperada por el p\u00fablico general. Se trata \u00abMinions: Nace un villano\u00bb, el estreno de la semana que podr\u00e1 verse en las funciones de 19:30 y de las 21:45 horas. Contin\u00faa una semana la pel\u00edcula de Buzz Lightyear en las funciones de la hora 17. <\/p>\n\n\n\n<p>Sinopsis \u00abLightyear\u00bb: La historia del origen de Buzz Lightyear, el h\u00e9roe que inspir\u00f3 el juguete, y que nos da a conocer al legendario Guardi\u00e1n Espacial que acabar\u00eda contando con generaciones de fans.<\/p>\n\n\n\n<p>Sinopsis \u00abMinions: Nace una estrella\u00bb: Son los a\u00f1os 70 y Gru crece en un barrio residencial, en pleno boom de los peinados cardados y los pantalones de campana. Como fan incondicional de un famoso supergrupo de villanos, &#8216;Los salvajes seis&#8217;, Gru idea un plan para demostrarles que es lo suficientemente malvado como para trabajar con ellos. Por suerte, cuenta con la ayuda de sus fieles seguidores, los Minions, siempre dispuestos a sembrar el caos. Juntos, Kevin, Stuart, Bob, y Otto -un nuevo Minion con aparato en los dientes y desesperado por sentirse aceptado- desplegar\u00e1n su potencial para construir junto a Gru su primera guarida, experimentar con sus primeras armas y llevar a cabo sus primeras misiones. Secuela de \u00abLos Minions\u00bb (2015).<\/p>\n\n\n\n<figure class=\"wp-block-image size-full\"><img loading=\"lazy\" decoding=\"async\" width=\"800\" height=\"819\" data-attachment-id=\"150139\" data-permalink=\"https:\/\/www.hoymercedes.com.ar\/principal\/2022\/06\/30\/estreno-de-los-minions-en-la-pantalla-local\/gacetilla-cine-mercedes-55\/#main\" data-orig-file=\"https:\/\/www.hoymercedes.com.ar\/principal\/wp-content\/uploads\/2022\/06\/Gacetilla-Cine-Mercedes-55.jpg\" data-orig-size=\"800,819\" data-comments-opened=\"0\" data-image-meta=\"{&quot;aperture&quot;:&quot;0&quot;,&quot;credit&quot;:&quot;&quot;,&quot;camera&quot;:&quot;&quot;,&quot;caption&quot;:&quot;&quot;,&quot;created_timestamp&quot;:&quot;0&quot;,&quot;copyright&quot;:&quot;&quot;,&quot;focal_length&quot;:&quot;0&quot;,&quot;iso&quot;:&quot;0&quot;,&quot;shutter_speed&quot;:&quot;0&quot;,&quot;title&quot;:&quot;&quot;,&quot;orientation&quot;:&quot;1&quot;}\" data-image-title=\"Gacetilla Cine Mercedes (55)\" data-image-description=\"\" data-image-caption=\"\" data-large-file=\"https:\/\/www.hoymercedes.com.ar\/principal\/wp-content\/uploads\/2022\/06\/Gacetilla-Cine-Mercedes-55.jpg\" src=\"https:\/\/www.hoymercedes.com.ar\/principal\/wp-content\/uploads\/2022\/06\/Gacetilla-Cine-Mercedes-55.jpg\" alt=\"\" class=\"wp-image-150139\" srcset=\"https:\/\/www.hoymercedes.com.ar\/principal\/wp-content\/uploads\/2022\/06\/Gacetilla-Cine-Mercedes-55.jpg 800w, https:\/\/www.hoymercedes.com.ar\/principal\/wp-content\/uploads\/2022\/06\/Gacetilla-Cine-Mercedes-55-606x620.jpg 606w, https:\/\/www.hoymercedes.com.ar\/principal\/wp-content\/uploads\/2022\/06\/Gacetilla-Cine-Mercedes-55-147x150.jpg 147w\" sizes=\"auto, (max-width: 800px) 100vw, 800px\" \/><\/figure>\n","protected":false},"excerpt":{"rendered":"<p>Cine Mercedes: Estreno de los Minions en la pantalla local <\/p>\n","protected":false},"author":1,"featured_media":150140,"comment_status":"closed","ping_status":"open","sticky":false,"template":"","format":"standard","meta":{"_monsterinsights_skip_tracking":false,"_monsterinsights_sitenote_active":false,"_monsterinsights_sitenote_note":"","_monsterinsights_sitenote_category":0,"jetpack_post_was_ever_published":false,"_jetpack_newsletter_access":"","_jetpack_dont_email_post_to_subs":false,"_jetpack_newsletter_tier_id":0,"_jetpack_memberships_contains_paywalled_content":false,"_jetpack_memberships_contains_paid_content":false,"footnotes":"","jetpack_publicize_message":"","jetpack_publicize_feature_enabled":true,"jetpack_social_post_already_shared":true,"jetpack_social_options":{"image_generator_settings":{"template":"highway","default_image_id":0,"font":"","enabled":false},"version":2},"_wpas_customize_per_network":false},"categories":[104],"tags":[7805],"class_list":["post-150138","post","type-post","status-publish","format-standard","has-post-thumbnail","hentry","category-cultura","tag-cultura","generate-columns","tablet-grid-50","mobile-grid-100","grid-parent","grid-50"],"jetpack_publicize_connections":[],"jetpack_featured_media_url":"https:\/\/www.hoymercedes.com.ar\/principal\/wp-content\/uploads\/2022\/06\/minions.jpg","wps_subtitle":"","jetpack_sharing_enabled":true,"_links":{"self":[{"href":"https:\/\/www.hoymercedes.com.ar\/principal\/wp-json\/wp\/v2\/posts\/150138","targetHints":{"allow":["GET"]}}],"collection":[{"href":"https:\/\/www.hoymercedes.com.ar\/principal\/wp-json\/wp\/v2\/posts"}],"about":[{"href":"https:\/\/www.hoymercedes.com.ar\/principal\/wp-json\/wp\/v2\/types\/post"}],"author":[{"embeddable":true,"href":"https:\/\/www.hoymercedes.com.ar\/principal\/wp-json\/wp\/v2\/users\/1"}],"replies":[{"embeddable":true,"href":"https:\/\/www.hoymercedes.com.ar\/principal\/wp-json\/wp\/v2\/comments?post=150138"}],"version-history":[{"count":0,"href":"https:\/\/www.hoymercedes.com.ar\/principal\/wp-json\/wp\/v2\/posts\/150138\/revisions"}],"wp:featuredmedia":[{"embeddable":true,"href":"https:\/\/www.hoymercedes.com.ar\/principal\/wp-json\/wp\/v2\/media\/150140"}],"wp:attachment":[{"href":"https:\/\/www.hoymercedes.com.ar\/principal\/wp-json\/wp\/v2\/media?parent=150138"}],"wp:term":[{"taxonomy":"category","embeddable":true,"href":"https:\/\/www.hoymercedes.com.ar\/principal\/wp-json\/wp\/v2\/categories?post=150138"},{"taxonomy":"post_tag","embeddable":true,"href":"https:\/\/www.hoymercedes.com.ar\/principal\/wp-json\/wp\/v2\/tags?post=150138"}],"curies":[{"name":"wp","href":"https:\/\/api.w.org\/{rel}","templated":true}]}}