{"id":150192,"date":"2022-07-02T10:06:42","date_gmt":"2022-07-02T13:06:42","guid":{"rendered":"https:\/\/www.hoymercedes.com.ar\/principal\/?p=150192"},"modified":"2022-07-02T10:06:45","modified_gmt":"2022-07-02T13:06:45","slug":"inician-construccion-de-50-viviendas-en-el-barrio-calabria","status":"publish","type":"post","link":"https:\/\/www.hoymercedes.com.ar\/principal\/2022\/07\/02\/inician-construccion-de-50-viviendas-en-el-barrio-calabria\/","title":{"rendered":"Inician construcci\u00f3n de 50 viviendas en el Barrio Calabria"},"content":{"rendered":"\n<p>El Municipio de Mercedes anunci\u00f3 que comenz\u00f3 la construcci\u00f3n de nuevas viviendas con el aporte estatal enmarcados en el Programa \u00abMi Terreno\u00bb. Esta oportunidad se licit\u00f3 la construcci\u00f3n de 50 viviendas para el Consorcio Urban\u00edstico 1 (Barrio Calabria). Las obras del tercer sector se comenzar\u00e1n en la pr\u00f3xima semana. <\/p>\n\n\n<div class=\"wp-block-image\">\n<figure class=\"aligncenter size-full\"><img loading=\"lazy\" decoding=\"async\" width=\"922\" height=\"615\" data-attachment-id=\"150193\" data-permalink=\"https:\/\/www.hoymercedes.com.ar\/principal\/2022\/07\/02\/inician-construccion-de-50-viviendas-en-el-barrio-calabria\/dsc09998\/#main\" data-orig-file=\"https:\/\/www.hoymercedes.com.ar\/principal\/wp-content\/uploads\/2022\/07\/DSC09998.jpg\" data-orig-size=\"922,615\" data-comments-opened=\"0\" data-image-meta=\"{&quot;aperture&quot;:&quot;0&quot;,&quot;credit&quot;:&quot;&quot;,&quot;camera&quot;:&quot;&quot;,&quot;caption&quot;:&quot;&quot;,&quot;created_timestamp&quot;:&quot;0&quot;,&quot;copyright&quot;:&quot;&quot;,&quot;focal_length&quot;:&quot;0&quot;,&quot;iso&quot;:&quot;0&quot;,&quot;shutter_speed&quot;:&quot;0&quot;,&quot;title&quot;:&quot;&quot;,&quot;orientation&quot;:&quot;0&quot;}\" data-image-title=\"DSC09998\" data-image-description=\"\" data-image-caption=\"\" data-large-file=\"https:\/\/www.hoymercedes.com.ar\/principal\/wp-content\/uploads\/2022\/07\/DSC09998.jpg\" src=\"https:\/\/www.hoymercedes.com.ar\/principal\/wp-content\/uploads\/2022\/07\/DSC09998.jpg\" alt=\"\" class=\"wp-image-150193\" srcset=\"https:\/\/www.hoymercedes.com.ar\/principal\/wp-content\/uploads\/2022\/07\/DSC09998.jpg 922w, https:\/\/www.hoymercedes.com.ar\/principal\/wp-content\/uploads\/2022\/07\/DSC09998-630x420.jpg 630w, https:\/\/www.hoymercedes.com.ar\/principal\/wp-content\/uploads\/2022\/07\/DSC09998-150x100.jpg 150w\" sizes=\"auto, (max-width: 922px) 100vw, 922px\" \/><\/figure>\n<\/div>\n\n\n<p>La Directora de Vivienda, Arq. Marina Amarillo explic\u00f3 que \u00ablos terrenos de estas viviendas se entregaron a trav\u00e9s del programa municipal Mi Terreno, por lo tanto, todos los lotes tienen beneficiarios. Son 174 terrenos, de los cuales 166 quisieron que pidamos financiamiento para vivienda, las cuales se est\u00e1n financiando a trav\u00e9s del Ministerio de Desarrollo Territorial y H\u00e1bitat\u201d. <\/p>\n\n\n\n<p>\u201cLas empresas que est\u00e1n llevando adelante las construcciones tienen un plazo de 12 meses de obra, desde la firma del acta de inicio, son viviendas de 64 metros cuadrados cubiertos, cuentan con cocina comedor integrado, dos dormitorios y ba\u00f1o y se entregan cuando ya est\u00e1 finalizada la vivienda, llave en mano\u201d marc\u00f3 la arquitecta. &nbsp;<\/p>\n\n\n\n<p>Asimismo, la funcionaria record\u00f3 los programas de viviendas que el municipio lleva adelante e invita a los vecinos a conocer la opciones acerc\u00e1ndose a la Oficina de Vivienda Municipal ubicada en la Avenida 29 N\u00b0 591 (primer piso) todos los d\u00edas de 8 a 14 horas y los martes, mi\u00e9rcoles y jueves de 8:00 a 18 horas. <\/p>\n\n\n\n<p>\u201cEstamos atentos todo el tiempo sobre los nuevos programas que salen, el intendente Ustarroz est\u00e1 alerta de cualquier programa que se financia a trav\u00e9s de Naci\u00f3n o de Provincia, con lo que estamos trabajando constantemente para poder gestionar y adecuarnos, y as\u00ed obtener esas viviendas, siempre con el objetivo de que los mercedinos puedan tener la vivienda propia\u201d resalta Amarillo. \u00a0<\/p>\n","protected":false},"excerpt":{"rendered":"<p>Inician construcci\u00f3n de 50 viviendas en el Barrio Calabria<\/p>\n","protected":false},"author":1,"featured_media":150193,"comment_status":"closed","ping_status":"open","sticky":false,"template":"","format":"standard","meta":{"_monsterinsights_skip_tracking":false,"_monsterinsights_sitenote_active":false,"_monsterinsights_sitenote_note":"","_monsterinsights_sitenote_category":0,"jetpack_post_was_ever_published":false,"_jetpack_newsletter_access":"","_jetpack_dont_email_post_to_subs":false,"_jetpack_newsletter_tier_id":0,"_jetpack_memberships_contains_paywalled_content":false,"_jetpack_memberships_contains_paid_content":false,"footnotes":"","jetpack_publicize_message":"","jetpack_publicize_feature_enabled":true,"jetpack_social_post_already_shared":true,"jetpack_social_options":{"image_generator_settings":{"template":"highway","default_image_id":0,"font":"","enabled":false},"version":2},"_wpas_customize_per_network":false},"categories":[30,8],"tags":[244],"class_list":["post-150192","post","type-post","status-publish","format-standard","has-post-thumbnail","hentry","category-municipio","category-sociedad","tag-municipio-2","generate-columns","tablet-grid-50","mobile-grid-100","grid-parent","grid-50"],"jetpack_publicize_connections":[],"jetpack_featured_media_url":"https:\/\/www.hoymercedes.com.ar\/principal\/wp-content\/uploads\/2022\/07\/DSC09998.jpg","wps_subtitle":"","jetpack_sharing_enabled":true,"_links":{"self":[{"href":"https:\/\/www.hoymercedes.com.ar\/principal\/wp-json\/wp\/v2\/posts\/150192","targetHints":{"allow":["GET"]}}],"collection":[{"href":"https:\/\/www.hoymercedes.com.ar\/principal\/wp-json\/wp\/v2\/posts"}],"about":[{"href":"https:\/\/www.hoymercedes.com.ar\/principal\/wp-json\/wp\/v2\/types\/post"}],"author":[{"embeddable":true,"href":"https:\/\/www.hoymercedes.com.ar\/principal\/wp-json\/wp\/v2\/users\/1"}],"replies":[{"embeddable":true,"href":"https:\/\/www.hoymercedes.com.ar\/principal\/wp-json\/wp\/v2\/comments?post=150192"}],"version-history":[{"count":0,"href":"https:\/\/www.hoymercedes.com.ar\/principal\/wp-json\/wp\/v2\/posts\/150192\/revisions"}],"wp:featuredmedia":[{"embeddable":true,"href":"https:\/\/www.hoymercedes.com.ar\/principal\/wp-json\/wp\/v2\/media\/150193"}],"wp:attachment":[{"href":"https:\/\/www.hoymercedes.com.ar\/principal\/wp-json\/wp\/v2\/media?parent=150192"}],"wp:term":[{"taxonomy":"category","embeddable":true,"href":"https:\/\/www.hoymercedes.com.ar\/principal\/wp-json\/wp\/v2\/categories?post=150192"},{"taxonomy":"post_tag","embeddable":true,"href":"https:\/\/www.hoymercedes.com.ar\/principal\/wp-json\/wp\/v2\/tags?post=150192"}],"curies":[{"name":"wp","href":"https:\/\/api.w.org\/{rel}","templated":true}]}}