{"id":150195,"date":"2022-07-02T11:45:55","date_gmt":"2022-07-02T14:45:55","guid":{"rendered":"http:\/\/www.hoymercedes.com.ar\/principal\/?p=150195"},"modified":"2022-07-02T11:46:00","modified_gmt":"2022-07-02T14:46:00","slug":"policia-controla-gresca-y-detiene-por-resistencia-a-la-autoridad-mayores-y-menores","status":"publish","type":"post","link":"https:\/\/www.hoymercedes.com.ar\/principal\/2022\/07\/02\/policia-controla-gresca-y-detiene-por-resistencia-a-la-autoridad-mayores-y-menores\/","title":{"rendered":"Polic\u00eda controla gresca y detiene por resistencia a la autoridad mayores y menores"},"content":{"rendered":"\n<figure class=\"wp-block-image size-large\"><img loading=\"lazy\" decoding=\"async\" width=\"1024\" height=\"1024\" data-attachment-id=\"150196\" data-permalink=\"https:\/\/www.hoymercedes.com.ar\/principal\/2022\/07\/02\/policia-controla-gresca-y-detiene-por-resistencia-a-la-autoridad-mayores-y-menores\/img-20220702-wa0007\/#main\" data-orig-file=\"https:\/\/www.hoymercedes.com.ar\/principal\/wp-content\/uploads\/2022\/07\/IMG-20220702-WA0007.jpg\" data-orig-size=\"1280,1280\" data-comments-opened=\"0\" data-image-meta=\"{&quot;aperture&quot;:&quot;0&quot;,&quot;credit&quot;:&quot;&quot;,&quot;camera&quot;:&quot;&quot;,&quot;caption&quot;:&quot;&quot;,&quot;created_timestamp&quot;:&quot;0&quot;,&quot;copyright&quot;:&quot;&quot;,&quot;focal_length&quot;:&quot;0&quot;,&quot;iso&quot;:&quot;0&quot;,&quot;shutter_speed&quot;:&quot;0&quot;,&quot;title&quot;:&quot;&quot;,&quot;orientation&quot;:&quot;0&quot;}\" data-image-title=\"IMG-20220702-WA0007\" data-image-description=\"\" data-image-caption=\"\" data-large-file=\"https:\/\/www.hoymercedes.com.ar\/principal\/wp-content\/uploads\/2022\/07\/IMG-20220702-WA0007-1024x1024.jpg\" src=\"https:\/\/www.hoymercedes.com.ar\/principal\/wp-content\/uploads\/2022\/07\/IMG-20220702-WA0007-1024x1024.jpg\" alt=\"\" class=\"wp-image-150196\" srcset=\"https:\/\/www.hoymercedes.com.ar\/principal\/wp-content\/uploads\/2022\/07\/IMG-20220702-WA0007-1024x1024.jpg 1024w, https:\/\/www.hoymercedes.com.ar\/principal\/wp-content\/uploads\/2022\/07\/IMG-20220702-WA0007-620x620.jpg 620w, https:\/\/www.hoymercedes.com.ar\/principal\/wp-content\/uploads\/2022\/07\/IMG-20220702-WA0007-150x150.jpg 150w, https:\/\/www.hoymercedes.com.ar\/principal\/wp-content\/uploads\/2022\/07\/IMG-20220702-WA0007.jpg 1280w\" sizes=\"auto, (max-width: 1024px) 100vw, 1024px\" \/><\/figure>\n\n\n\n<p>La Polic\u00eda Comunal intervino en la madrugada de este s\u00e1bado en una pelea que se desat\u00f3 en la v\u00eda p\u00fablica. Extra oficialmente se supo que los intervinientes se \u00abten\u00edan bronca\u00bb desde antes y el espacio p\u00fablico fue su lugar de encuentro en el radio c\u00e9ntrico.<\/p>\n\n\n\n<p>Las patrullas nocturnas que circulaban por la zona r\u00e1pidamente inicada la pelea acudieron al lugar. Cinco m\u00f3viles hubo atendiendo la situaci\u00f3n.<\/p>\n\n\n\n<figure class=\"wp-block-image size-large\"><img loading=\"lazy\" decoding=\"async\" width=\"1024\" height=\"1024\" data-attachment-id=\"150197\" data-permalink=\"https:\/\/www.hoymercedes.com.ar\/principal\/2022\/07\/02\/policia-controla-gresca-y-detiene-por-resistencia-a-la-autoridad-mayores-y-menores\/img-20220702-wa0006\/#main\" data-orig-file=\"https:\/\/www.hoymercedes.com.ar\/principal\/wp-content\/uploads\/2022\/07\/IMG-20220702-WA0006.jpg\" data-orig-size=\"1280,1280\" data-comments-opened=\"0\" data-image-meta=\"{&quot;aperture&quot;:&quot;0&quot;,&quot;credit&quot;:&quot;&quot;,&quot;camera&quot;:&quot;&quot;,&quot;caption&quot;:&quot;&quot;,&quot;created_timestamp&quot;:&quot;0&quot;,&quot;copyright&quot;:&quot;&quot;,&quot;focal_length&quot;:&quot;0&quot;,&quot;iso&quot;:&quot;0&quot;,&quot;shutter_speed&quot;:&quot;0&quot;,&quot;title&quot;:&quot;&quot;,&quot;orientation&quot;:&quot;0&quot;}\" data-image-title=\"IMG-20220702-WA0006\" data-image-description=\"\" data-image-caption=\"\" data-large-file=\"https:\/\/www.hoymercedes.com.ar\/principal\/wp-content\/uploads\/2022\/07\/IMG-20220702-WA0006-1024x1024.jpg\" src=\"https:\/\/www.hoymercedes.com.ar\/principal\/wp-content\/uploads\/2022\/07\/IMG-20220702-WA0006-1024x1024.jpg\" alt=\"\" class=\"wp-image-150197\" srcset=\"https:\/\/www.hoymercedes.com.ar\/principal\/wp-content\/uploads\/2022\/07\/IMG-20220702-WA0006-1024x1024.jpg 1024w, https:\/\/www.hoymercedes.com.ar\/principal\/wp-content\/uploads\/2022\/07\/IMG-20220702-WA0006-620x620.jpg 620w, https:\/\/www.hoymercedes.com.ar\/principal\/wp-content\/uploads\/2022\/07\/IMG-20220702-WA0006-150x150.jpg 150w, https:\/\/www.hoymercedes.com.ar\/principal\/wp-content\/uploads\/2022\/07\/IMG-20220702-WA0006.jpg 1280w\" sizes=\"auto, (max-width: 1024px) 100vw, 1024px\" \/><\/figure>\n\n\n\n<p>La ri\u00f1a involucr\u00f3 a un grupo de j\u00f3venes y otros que se convirtieron en testigos curiosos del hecho dando una mayor magnitud a la situaci\u00f3n en t\u00e9rminos de \u00abespectaculo\u00bb.<\/p>\n\n\n\n<p>Los involucrados directos tuvieron resistencia a la autoridad muy sostenida y neg\u00e1ndose a calmarse, pero sin violencia y con m\u00e9todos de persuasi\u00f3n la Polic\u00eda finalmente calm\u00f3 los \u00e1nimos y logr\u00f3 detener a 3 personas siendo 2 masculinos y 1 femenino bajo caratula de da\u00f1os y resistencia.<\/p>\n","protected":false},"excerpt":{"rendered":"<p>Polic\u00eda controla gresca en la v\u00eda p\u00fablica. <\/p>\n","protected":false},"author":1,"featured_media":150196,"comment_status":"closed","ping_status":"open","sticky":false,"template":"","format":"standard","meta":{"_monsterinsights_skip_tracking":false,"_monsterinsights_sitenote_active":false,"_monsterinsights_sitenote_note":"","_monsterinsights_sitenote_category":0,"jetpack_post_was_ever_published":false,"_jetpack_newsletter_access":"","_jetpack_dont_email_post_to_subs":false,"_jetpack_newsletter_tier_id":0,"_jetpack_memberships_contains_paywalled_content":false,"_jetpack_memberships_contains_paid_content":false,"footnotes":"","jetpack_publicize_message":"","jetpack_publicize_feature_enabled":true,"jetpack_social_post_already_shared":true,"jetpack_social_options":{"image_generator_settings":{"template":"highway","default_image_id":0,"font":"","enabled":false},"version":2},"_wpas_customize_per_network":false},"categories":[85],"tags":[18409],"class_list":["post-150195","post","type-post","status-publish","format-standard","has-post-thumbnail","hentry","category-policial","tag-policia-comunal-2","generate-columns","tablet-grid-50","mobile-grid-100","grid-parent","grid-50"],"jetpack_publicize_connections":[],"jetpack_featured_media_url":"https:\/\/www.hoymercedes.com.ar\/principal\/wp-content\/uploads\/2022\/07\/IMG-20220702-WA0007.jpg","wps_subtitle":"","jetpack_sharing_enabled":true,"_links":{"self":[{"href":"https:\/\/www.hoymercedes.com.ar\/principal\/wp-json\/wp\/v2\/posts\/150195","targetHints":{"allow":["GET"]}}],"collection":[{"href":"https:\/\/www.hoymercedes.com.ar\/principal\/wp-json\/wp\/v2\/posts"}],"about":[{"href":"https:\/\/www.hoymercedes.com.ar\/principal\/wp-json\/wp\/v2\/types\/post"}],"author":[{"embeddable":true,"href":"https:\/\/www.hoymercedes.com.ar\/principal\/wp-json\/wp\/v2\/users\/1"}],"replies":[{"embeddable":true,"href":"https:\/\/www.hoymercedes.com.ar\/principal\/wp-json\/wp\/v2\/comments?post=150195"}],"version-history":[{"count":0,"href":"https:\/\/www.hoymercedes.com.ar\/principal\/wp-json\/wp\/v2\/posts\/150195\/revisions"}],"wp:featuredmedia":[{"embeddable":true,"href":"https:\/\/www.hoymercedes.com.ar\/principal\/wp-json\/wp\/v2\/media\/150196"}],"wp:attachment":[{"href":"https:\/\/www.hoymercedes.com.ar\/principal\/wp-json\/wp\/v2\/media?parent=150195"}],"wp:term":[{"taxonomy":"category","embeddable":true,"href":"https:\/\/www.hoymercedes.com.ar\/principal\/wp-json\/wp\/v2\/categories?post=150195"},{"taxonomy":"post_tag","embeddable":true,"href":"https:\/\/www.hoymercedes.com.ar\/principal\/wp-json\/wp\/v2\/tags?post=150195"}],"curies":[{"name":"wp","href":"https:\/\/api.w.org\/{rel}","templated":true}]}}