{"id":1502,"date":"2011-01-07T03:02:36","date_gmt":"2011-01-07T03:02:36","guid":{"rendered":"http:\/\/www.hoymercedes.com.ar\/principal\/?p=1502"},"modified":"2011-01-07T03:02:36","modified_gmt":"2011-01-07T03:02:36","slug":"el-ministerio-de-desarrollo-social-de-la-provincia-entrego-el-jardin-maternal-del-barrio-calvillo","status":"publish","type":"post","link":"https:\/\/www.hoymercedes.com.ar\/principal\/2011\/01\/07\/el-ministerio-de-desarrollo-social-de-la-provincia-entrego-el-jardin-maternal-del-barrio-calvillo\/","title":{"rendered":"El ministerio de Desarrollo Social de la provincia entreg\u00f3 el Jard\u00edn Maternal del Barrio Calvillo"},"content":{"rendered":"<p style=\"text-align: justify;\">El Subsecretario de Pol\u00edticas Sociales del Ministerio de Desarrollo Social bonaerense acompa\u00f1ado por las directoras de la Regi\u00f3n 1 y de programas relacionados con la ni\u00f1ez, Noelia Maldonado y Julieta Csiskos transfiri\u00f3 el edificio ubicado en el Barrio Calvillo que tiene como destino ser el segundo Jard\u00edn Maternal creado por el municipio en nuestra ciudad, en este caso el edifico pudo ser construido debido a la incorporaci\u00f3n de la obra a planes de financiamientos espec\u00edficos del BID.<\/p>\n<p style=\"text-align: center;\"><a href=\"https:\/\/www.hoymercedes.com.ar\/principal\/wp-content\/uploads\/2011\/01\/firmajardin.jpg\"><img loading=\"lazy\" decoding=\"async\" data-attachment-id=\"1504\" data-permalink=\"https:\/\/www.hoymercedes.com.ar\/principal\/2011\/01\/07\/el-ministerio-de-desarrollo-social-de-la-provincia-entrego-el-jardin-maternal-del-barrio-calvillo\/firmajardin\/#main\" data-orig-file=\"https:\/\/www.hoymercedes.com.ar\/principal\/wp-content\/uploads\/2011\/01\/firmajardin.jpg\" data-orig-size=\"400,300\" data-comments-opened=\"1\" data-image-meta=\"{&quot;aperture&quot;:&quot;2.8&quot;,&quot;credit&quot;:&quot;&quot;,&quot;camera&quot;:&quot;COOLPIX L10&quot;,&quot;caption&quot;:&quot;&quot;,&quot;created_timestamp&quot;:&quot;1294127492&quot;,&quot;copyright&quot;:&quot;Copyright 2006&quot;,&quot;focal_length&quot;:&quot;6.2&quot;,&quot;iso&quot;:&quot;64&quot;,&quot;shutter_speed&quot;:&quot;0.033333333333333&quot;,&quot;title&quot;:&quot;&quot;}\" data-image-title=\"firmajardin\" data-image-description=\"\" data-image-caption=\"\" data-large-file=\"https:\/\/www.hoymercedes.com.ar\/principal\/wp-content\/uploads\/2011\/01\/firmajardin.jpg\" class=\"size-full wp-image-1504 aligncenter\" title=\"firmajardin\" src=\"https:\/\/www.hoymercedes.com.ar\/principal\/wp-content\/uploads\/2011\/01\/firmajardin.jpg\" alt=\"\" width=\"400\" height=\"300\" \/><\/a><\/p>\n<p style=\"text-align: justify;\">Selva destac\u00f3 que si bien se comenzar\u00eda a trabajar en el lugar una vez que desde la Direcci\u00f3n de Ense\u00f1anza Privada de la provincia preste conformidad para la creaci\u00f3n de un nuevo servicio educativo ya que el Jardin Maternal contar\u00e1 con docentes que trabajar\u00e1n con los ni\u00f1os que all\u00ed concurran para luego agregar que es idea de las autoridades que el nuevo Jard\u00edn se inaugure oficialmente con la presencia del Gobernador Daniel Scioli por ser el mismo el primero en construirse bajo la modalidad de financiaci\u00f3n del BID en todo el territorio bonaerense.<\/p>\n<p style=\"text-align: justify;\">De acuerdo a lo informado, el jard\u00edn cuenta con una capacidad de matr\u00edcula de cincuenta (50) ni\u00f1os por turno pero por el momento solo se trabajara en uno.<\/p>\n<p style=\"text-align: center;\"><a href=\"https:\/\/www.hoymercedes.com.ar\/principal\/wp-content\/uploads\/2011\/01\/firmajardinII.jpg\"><img loading=\"lazy\" decoding=\"async\" data-attachment-id=\"1505\" data-permalink=\"https:\/\/www.hoymercedes.com.ar\/principal\/2011\/01\/07\/el-ministerio-de-desarrollo-social-de-la-provincia-entrego-el-jardin-maternal-del-barrio-calvillo\/firmajardinii\/#main\" data-orig-file=\"https:\/\/www.hoymercedes.com.ar\/principal\/wp-content\/uploads\/2011\/01\/firmajardinII.jpg\" data-orig-size=\"400,300\" data-comments-opened=\"1\" data-image-meta=\"{&quot;aperture&quot;:&quot;2.8&quot;,&quot;credit&quot;:&quot;&quot;,&quot;camera&quot;:&quot;COOLPIX L10&quot;,&quot;caption&quot;:&quot;&quot;,&quot;created_timestamp&quot;:&quot;1294127453&quot;,&quot;copyright&quot;:&quot;Copyright 2006&quot;,&quot;focal_length&quot;:&quot;6.2&quot;,&quot;iso&quot;:&quot;64&quot;,&quot;shutter_speed&quot;:&quot;0.033333333333333&quot;,&quot;title&quot;:&quot;&quot;}\" data-image-title=\"firmajardinII\" data-image-description=\"\" data-image-caption=\"\" data-large-file=\"https:\/\/www.hoymercedes.com.ar\/principal\/wp-content\/uploads\/2011\/01\/firmajardinII.jpg\" class=\"size-full wp-image-1505 aligncenter\" title=\"firmajardinII\" src=\"https:\/\/www.hoymercedes.com.ar\/principal\/wp-content\/uploads\/2011\/01\/firmajardinII.jpg\" alt=\"\" width=\"400\" height=\"300\" srcset=\"https:\/\/www.hoymercedes.com.ar\/principal\/wp-content\/uploads\/2011\/01\/firmajardinII.jpg 400w, https:\/\/www.hoymercedes.com.ar\/principal\/wp-content\/uploads\/2011\/01\/firmajardinII-300x225.jpg 300w\" sizes=\"auto, (max-width: 400px) 100vw, 400px\" \/><\/a><\/p>\n<p style=\"text-align: justify;\">Cabe consignar que el terreno ubicado en calle 9 y 54 donde se construy\u00f3 el nuevo Jard\u00edn Maternal pertenec\u00eda a la Sociedad de Fomento qui\u00e9n lo cedi\u00f3 para que se concrete dicho emprendimiento que beneficiar\u00e1 adem\u00e1s de dicho barrio a Los Robles, Eva Duarte, General Pe\u00f1aloza y Esperanza.<\/p>\n<p style=\"text-align: justify;\">El Ministerio de Desarrollo Social de la Provincia entreg\u00f3 el mobiliario necesario para que el Jard\u00edn pueda comenzar a funcionar como por ejemplo cocina, heladera, freezer, cunas de madera para los ni\u00f1os m\u00e1s chiquitos,\u00a0 adem\u00e1s de elementos de calefacci\u00f3n y ventilaci\u00f3n.<\/p>\n<p style=\"text-align: justify;\">\n","protected":false},"excerpt":{"rendered":"<p>El Subsecretario de Pol\u00edticas Sociales del Ministerio de Desarrollo Social bonaerense acompa\u00f1ado por las directoras de la Regi\u00f3n 1 y &#8230; <a title=\"El ministerio de Desarrollo Social de la provincia entreg\u00f3 el Jard\u00edn Maternal del Barrio Calvillo\" class=\"read-more\" href=\"https:\/\/www.hoymercedes.com.ar\/principal\/2011\/01\/07\/el-ministerio-de-desarrollo-social-de-la-provincia-entrego-el-jardin-maternal-del-barrio-calvillo\/\" aria-label=\"Leer m\u00e1s sobre El ministerio de Desarrollo Social de la provincia entreg\u00f3 el Jard\u00edn Maternal del Barrio Calvillo\">Leer m\u00e1s<\/a><\/p>\n","protected":false},"author":1,"featured_media":0,"comment_status":"open","ping_status":"open","sticky":false,"template":"","format":"standard","meta":{"_monsterinsights_skip_tracking":false,"_monsterinsights_sitenote_active":false,"_monsterinsights_sitenote_note":"","_monsterinsights_sitenote_category":0,"jetpack_post_was_ever_published":false,"_jetpack_newsletter_access":"","_jetpack_dont_email_post_to_subs":false,"_jetpack_newsletter_tier_id":0,"_jetpack_memberships_contains_paywalled_content":false,"_jetpack_memberships_contains_paid_content":false,"footnotes":"","jetpack_publicize_message":"","jetpack_publicize_feature_enabled":true,"jetpack_social_post_already_shared":false,"jetpack_social_options":{"image_generator_settings":{"template":"highway","default_image_id":0,"font":"","enabled":false},"version":2},"_wpas_customize_per_network":false},"categories":[8],"tags":[336,335,334],"class_list":["post-1502","post","type-post","status-publish","format-standard","hentry","category-sociedad","tag-jardin-de-infantes","tag-ministerio-de-desarrollo","tag-provincia-de-buenos-aires","generate-columns","tablet-grid-50","mobile-grid-100","grid-parent","grid-50"],"jetpack_publicize_connections":[],"jetpack_featured_media_url":"","wps_subtitle":"","jetpack_sharing_enabled":true,"_links":{"self":[{"href":"https:\/\/www.hoymercedes.com.ar\/principal\/wp-json\/wp\/v2\/posts\/1502","targetHints":{"allow":["GET"]}}],"collection":[{"href":"https:\/\/www.hoymercedes.com.ar\/principal\/wp-json\/wp\/v2\/posts"}],"about":[{"href":"https:\/\/www.hoymercedes.com.ar\/principal\/wp-json\/wp\/v2\/types\/post"}],"author":[{"embeddable":true,"href":"https:\/\/www.hoymercedes.com.ar\/principal\/wp-json\/wp\/v2\/users\/1"}],"replies":[{"embeddable":true,"href":"https:\/\/www.hoymercedes.com.ar\/principal\/wp-json\/wp\/v2\/comments?post=1502"}],"version-history":[{"count":0,"href":"https:\/\/www.hoymercedes.com.ar\/principal\/wp-json\/wp\/v2\/posts\/1502\/revisions"}],"wp:attachment":[{"href":"https:\/\/www.hoymercedes.com.ar\/principal\/wp-json\/wp\/v2\/media?parent=1502"}],"wp:term":[{"taxonomy":"category","embeddable":true,"href":"https:\/\/www.hoymercedes.com.ar\/principal\/wp-json\/wp\/v2\/categories?post=1502"},{"taxonomy":"post_tag","embeddable":true,"href":"https:\/\/www.hoymercedes.com.ar\/principal\/wp-json\/wp\/v2\/tags?post=1502"}],"curies":[{"name":"wp","href":"https:\/\/api.w.org\/{rel}","templated":true}]}}