{"id":150223,"date":"2022-07-03T10:41:20","date_gmt":"2022-07-03T13:41:20","guid":{"rendered":"https:\/\/www.hoymercedes.com.ar\/principal\/?p=150223"},"modified":"2022-07-03T10:41:24","modified_gmt":"2022-07-03T13:41:24","slug":"obras-de-cloacas-en-barrio-de-zona-sur","status":"publish","type":"post","link":"https:\/\/www.hoymercedes.com.ar\/principal\/2022\/07\/03\/obras-de-cloacas-en-barrio-de-zona-sur\/","title":{"rendered":"Obras de cloacas en barrio de zona sur"},"content":{"rendered":"\n<p>Desde el Municipio de Mercedes informaron que d\u00edas atr\u00e1s las maquinarias dependientes de la comuna est\u00e1n realizando tareas de ampliaci\u00f3n de la red cloacal. Las obras se realizan en la calle 114 y 39, zona aleda\u00f1a al Acceso Manuel Sanmart\u00edn. Estas obras anticipan lo que ser\u00eda una \u00abfutura estaci\u00f3n de bombeo\u00bb en 110 y 39. <\/p>\n\n\n<div class=\"wp-block-image\">\n<figure class=\"aligncenter size-large\"><img loading=\"lazy\" decoding=\"async\" width=\"1024\" height=\"575\" data-attachment-id=\"150224\" data-permalink=\"https:\/\/www.hoymercedes.com.ar\/principal\/2022\/07\/03\/obras-de-cloacas-en-barrio-de-zona-sur\/dji_0755\/#main\" data-orig-file=\"https:\/\/www.hoymercedes.com.ar\/principal\/wp-content\/uploads\/2022\/07\/DJI_0755-e1656855635308.jpg\" data-orig-size=\"800,449\" data-comments-opened=\"0\" data-image-meta=\"{&quot;aperture&quot;:&quot;0&quot;,&quot;credit&quot;:&quot;&quot;,&quot;camera&quot;:&quot;&quot;,&quot;caption&quot;:&quot;&quot;,&quot;created_timestamp&quot;:&quot;0&quot;,&quot;copyright&quot;:&quot;&quot;,&quot;focal_length&quot;:&quot;0&quot;,&quot;iso&quot;:&quot;0&quot;,&quot;shutter_speed&quot;:&quot;0&quot;,&quot;title&quot;:&quot;&quot;,&quot;orientation&quot;:&quot;0&quot;}\" data-image-title=\"DJI_0755\" data-image-description=\"\" data-image-caption=\"\" data-large-file=\"https:\/\/www.hoymercedes.com.ar\/principal\/wp-content\/uploads\/2022\/07\/DJI_0755-1024x575.jpg\" src=\"https:\/\/www.hoymercedes.com.ar\/principal\/wp-content\/uploads\/2022\/07\/DJI_0755-1024x575.jpg\" alt=\"\" class=\"wp-image-150224\"\/><\/figure>\n<\/div>\n\n\n<p>\u201cSon obras importantes gestionadas ante organismos nacionales y provinciales, de distintas envergaduras y siempre complement\u00e1ndonos con otras mejoras sustanciales para la vida de nuestro pueblo, como el pavimento, luminarias, centros de atenci\u00f3n, redes h\u00eddricas, y tantas otras que podemos atestiguar\u201d explic\u00f3 el Secretario de Obras P\u00fablicas Emanuel P\u00e9rez Carrera. <\/p>\n\n\n\n<p>Por otra parte, el funcionario adelant\u00f3 que est\u00e1n en proyecto obras de pavimentaic\u00f3n en los barrios Mitre, Tres Avenidas, Obrero, San Jos\u00e9 y sector del Parque Industrial con apoyo del Ministerio de Obras de la Naci\u00f3n y Vialidad Nacional. \u00a0<\/p>\n\n\n\n<p>Fuente: Prensa Municipal<\/p>\n","protected":false},"excerpt":{"rendered":"<p>Obras de cloacas en barrio de zona sur<\/p>\n","protected":false},"author":1,"featured_media":150224,"comment_status":"closed","ping_status":"open","sticky":false,"template":"","format":"standard","meta":{"_monsterinsights_skip_tracking":false,"_monsterinsights_sitenote_active":false,"_monsterinsights_sitenote_note":"","_monsterinsights_sitenote_category":0,"jetpack_post_was_ever_published":false,"_jetpack_newsletter_access":"","_jetpack_dont_email_post_to_subs":false,"_jetpack_newsletter_tier_id":0,"_jetpack_memberships_contains_paywalled_content":false,"_jetpack_memberships_contains_paid_content":false,"footnotes":"","jetpack_publicize_message":"","jetpack_publicize_feature_enabled":true,"jetpack_social_post_already_shared":true,"jetpack_social_options":{"image_generator_settings":{"template":"highway","default_image_id":0,"font":"","enabled":false},"version":2},"_wpas_customize_per_network":false},"categories":[30],"tags":[244],"class_list":["post-150223","post","type-post","status-publish","format-standard","has-post-thumbnail","hentry","category-municipio","tag-municipio-2","generate-columns","tablet-grid-50","mobile-grid-100","grid-parent","grid-50"],"jetpack_publicize_connections":[],"jetpack_featured_media_url":"https:\/\/www.hoymercedes.com.ar\/principal\/wp-content\/uploads\/2022\/07\/DJI_0755-e1656855635308.jpg","wps_subtitle":"","jetpack_sharing_enabled":true,"_links":{"self":[{"href":"https:\/\/www.hoymercedes.com.ar\/principal\/wp-json\/wp\/v2\/posts\/150223","targetHints":{"allow":["GET"]}}],"collection":[{"href":"https:\/\/www.hoymercedes.com.ar\/principal\/wp-json\/wp\/v2\/posts"}],"about":[{"href":"https:\/\/www.hoymercedes.com.ar\/principal\/wp-json\/wp\/v2\/types\/post"}],"author":[{"embeddable":true,"href":"https:\/\/www.hoymercedes.com.ar\/principal\/wp-json\/wp\/v2\/users\/1"}],"replies":[{"embeddable":true,"href":"https:\/\/www.hoymercedes.com.ar\/principal\/wp-json\/wp\/v2\/comments?post=150223"}],"version-history":[{"count":0,"href":"https:\/\/www.hoymercedes.com.ar\/principal\/wp-json\/wp\/v2\/posts\/150223\/revisions"}],"wp:featuredmedia":[{"embeddable":true,"href":"https:\/\/www.hoymercedes.com.ar\/principal\/wp-json\/wp\/v2\/media\/150224"}],"wp:attachment":[{"href":"https:\/\/www.hoymercedes.com.ar\/principal\/wp-json\/wp\/v2\/media?parent=150223"}],"wp:term":[{"taxonomy":"category","embeddable":true,"href":"https:\/\/www.hoymercedes.com.ar\/principal\/wp-json\/wp\/v2\/categories?post=150223"},{"taxonomy":"post_tag","embeddable":true,"href":"https:\/\/www.hoymercedes.com.ar\/principal\/wp-json\/wp\/v2\/tags?post=150223"}],"curies":[{"name":"wp","href":"https:\/\/api.w.org\/{rel}","templated":true}]}}