{"id":15030,"date":"2012-08-05T18:06:00","date_gmt":"2012-08-05T18:06:00","guid":{"rendered":"http:\/\/www.hoymercedes.com.ar\/principal\/?p=15030"},"modified":"2012-08-05T18:06:15","modified_gmt":"2012-08-05T18:06:15","slug":"barrio-guemes-tiene-nueva-sociedad-de-fomento","status":"publish","type":"post","link":"https:\/\/www.hoymercedes.com.ar\/principal\/2012\/08\/05\/barrio-guemes-tiene-nueva-sociedad-de-fomento\/","title":{"rendered":"Barrio G\u00fcemes tiene nueva sociedad de fomento"},"content":{"rendered":"<p><a href=\"https:\/\/www.hoymercedes.com.ar\/principal\/wp-content\/uploads\/2012\/08\/Soc.Fomento.Guemes.jpg\"><img loading=\"lazy\" decoding=\"async\" data-attachment-id=\"15032\" data-permalink=\"https:\/\/www.hoymercedes.com.ar\/principal\/2012\/08\/05\/barrio-guemes-tiene-nueva-sociedad-de-fomento\/soc-fomento-guemes\/#main\" data-orig-file=\"https:\/\/www.hoymercedes.com.ar\/principal\/wp-content\/uploads\/2012\/08\/Soc.Fomento.Guemes.jpg\" data-orig-size=\"614,409\" data-comments-opened=\"1\" data-image-meta=\"{&quot;aperture&quot;:&quot;8.9&quot;,&quot;credit&quot;:&quot;&quot;,&quot;camera&quot;:&quot;SAMSUNG PL20,PL21 \/ VLUU PL20,PL21&quot;,&quot;caption&quot;:&quot;&quot;,&quot;created_timestamp&quot;:&quot;1296568616&quot;,&quot;copyright&quot;:&quot;COPYRIGHT, 2011&quot;,&quot;focal_length&quot;:&quot;4.9&quot;,&quot;iso&quot;:&quot;400&quot;,&quot;shutter_speed&quot;:&quot;0.022222222222222&quot;,&quot;title&quot;:&quot;&quot;}\" data-image-title=\"Soc.Fomento.Guemes\" data-image-description=\"\" data-image-caption=\"\" data-large-file=\"https:\/\/www.hoymercedes.com.ar\/principal\/wp-content\/uploads\/2012\/08\/Soc.Fomento.Guemes.jpg\" class=\"aligncenter size-full wp-image-15032\" title=\"Soc.Fomento.Guemes\" src=\"https:\/\/www.hoymercedes.com.ar\/principal\/wp-content\/uploads\/2012\/08\/Soc.Fomento.Guemes.jpg\" alt=\"\" width=\"614\" height=\"409\" \/><\/a><\/p>\n<p>Este s\u00e1bado 4 de agosto, asumi\u00f3 la nueva comision directiva en el barrio Guemes luego de desarrollar la asamblea correspondiente siendo acompa\u00f1ados por el veedor Municipal , Dr. Roberto Flores , el Coordinador de seguridad Juan Otero , y la fomentista Nora Alvarado, designada por el Municipio para acompa\u00f1ar las asambleas barriales desarroll\u00e1ndose con total normalidad existiendo una sola presentaci\u00f3n de listas.<\/p>\n<p>Los nuevos integrantes en su mayoria jovenes nacidos y que han vuelto a formar sus familias en el barrio, han prometido llevar a cabo tareas en beneficio de todos y por lo tanto pronto haran una asamblea con todos los vecinos para diagramar las mismas<\/p>\n<p>Presidente: Oscar Garay<\/p>\n<p>Secretaria general: Soledad Garay ,<\/p>\n<p>Secretario de actas: Diego Gonzalez<\/p>\n<p>Tesorero, David Bertaina<\/p>\n<p>Vocales titulares: Luis Sosa, Pablo Garay, Pablo Lopez<\/p>\n<p>Vocales suplentes: \u00a0Norma Ocampo, Estefania Bianchi, Carolina Garcia , Lorena Voloni<\/p>\n<p>Revisores de cuentas: \u00a0Laura Ladebesse , Angelica Acttis, Karina Flores , Marta Petrolatti<\/p>\n","protected":false},"excerpt":{"rendered":"<p>Este s\u00e1bado 4 de agosto, asumi\u00f3 la nueva comision directiva en el barrio Guemes luego de desarrollar la asamblea correspondiente &#8230; <a title=\"Barrio G\u00fcemes tiene nueva sociedad de fomento\" class=\"read-more\" href=\"https:\/\/www.hoymercedes.com.ar\/principal\/2012\/08\/05\/barrio-guemes-tiene-nueva-sociedad-de-fomento\/\" aria-label=\"Leer m\u00e1s sobre Barrio G\u00fcemes tiene nueva sociedad de fomento\">Leer m\u00e1s<\/a><\/p>\n","protected":false},"author":1,"featured_media":0,"comment_status":"open","ping_status":"open","sticky":false,"template":"","format":"standard","meta":{"_monsterinsights_skip_tracking":false,"_monsterinsights_sitenote_active":false,"_monsterinsights_sitenote_note":"","_monsterinsights_sitenote_category":0,"jetpack_post_was_ever_published":false,"_jetpack_newsletter_access":"","_jetpack_dont_email_post_to_subs":false,"_jetpack_newsletter_tier_id":0,"_jetpack_memberships_contains_paywalled_content":false,"_jetpack_memberships_contains_paid_content":false,"footnotes":"","jetpack_publicize_message":"","jetpack_publicize_feature_enabled":true,"jetpack_social_post_already_shared":false,"jetpack_social_options":{"image_generator_settings":{"template":"highway","default_image_id":0,"font":"","enabled":false},"version":2},"_wpas_customize_per_network":false},"categories":[5],"tags":[2596,2597],"class_list":["post-15030","post","type-post","status-publish","format-standard","hentry","category-politica","tag-barrio-guemes","tag-sociedad-de-fomento-mercedes","generate-columns","tablet-grid-50","mobile-grid-100","grid-parent","grid-50"],"jetpack_publicize_connections":[],"jetpack_featured_media_url":"","wps_subtitle":"","jetpack_sharing_enabled":true,"_links":{"self":[{"href":"https:\/\/www.hoymercedes.com.ar\/principal\/wp-json\/wp\/v2\/posts\/15030","targetHints":{"allow":["GET"]}}],"collection":[{"href":"https:\/\/www.hoymercedes.com.ar\/principal\/wp-json\/wp\/v2\/posts"}],"about":[{"href":"https:\/\/www.hoymercedes.com.ar\/principal\/wp-json\/wp\/v2\/types\/post"}],"author":[{"embeddable":true,"href":"https:\/\/www.hoymercedes.com.ar\/principal\/wp-json\/wp\/v2\/users\/1"}],"replies":[{"embeddable":true,"href":"https:\/\/www.hoymercedes.com.ar\/principal\/wp-json\/wp\/v2\/comments?post=15030"}],"version-history":[{"count":0,"href":"https:\/\/www.hoymercedes.com.ar\/principal\/wp-json\/wp\/v2\/posts\/15030\/revisions"}],"wp:attachment":[{"href":"https:\/\/www.hoymercedes.com.ar\/principal\/wp-json\/wp\/v2\/media?parent=15030"}],"wp:term":[{"taxonomy":"category","embeddable":true,"href":"https:\/\/www.hoymercedes.com.ar\/principal\/wp-json\/wp\/v2\/categories?post=15030"},{"taxonomy":"post_tag","embeddable":true,"href":"https:\/\/www.hoymercedes.com.ar\/principal\/wp-json\/wp\/v2\/tags?post=15030"}],"curies":[{"name":"wp","href":"https:\/\/api.w.org\/{rel}","templated":true}]}}