{"id":150323,"date":"2022-07-15T16:28:00","date_gmt":"2022-07-15T19:28:00","guid":{"rendered":"https:\/\/www.hoymercedes.com.ar\/principal\/?p=150323"},"modified":"2022-07-15T13:57:46","modified_gmt":"2022-07-15T16:57:46","slug":"encuentro-familias-ninos-prematuros-21-julio","status":"publish","type":"post","link":"https:\/\/www.hoymercedes.com.ar\/principal\/2022\/07\/15\/encuentro-familias-ninos-prematuros-21-julio\/","title":{"rendered":"Encuentro Familias ni\u00f1os prematuros 21 julio"},"content":{"rendered":"\n<p>Un grupo de familias cuyos hijos nacieron antes de las 37 semanas de gestaci\u00f3n, se est\u00e1n organizando para llevar adelante un encuentro y compartir experiencias y preocupaciones. Ser\u00e1 el jueves 21 de julio, en el Museo de Arte (MAMM) a partir de la hora 17. <\/p>\n\n\n<div class=\"wp-block-image\">\n<figure class=\"aligncenter size-full\"><img loading=\"lazy\" decoding=\"async\" width=\"800\" height=\"800\" data-attachment-id=\"150793\" data-permalink=\"https:\/\/www.hoymercedes.com.ar\/principal\/2022\/07\/15\/obras-en-la-red-de-agua-en-el-barrio-el-triangulo\/whatsapp-image-2022-07-15-at-1-03-14-pm\/#main\" data-orig-file=\"https:\/\/www.hoymercedes.com.ar\/principal\/wp-content\/uploads\/2022\/07\/WhatsApp-Image-2022-07-15-at-1.03.14-PM.jpeg\" data-orig-size=\"800,800\" data-comments-opened=\"0\" data-image-meta=\"{&quot;aperture&quot;:&quot;0&quot;,&quot;credit&quot;:&quot;&quot;,&quot;camera&quot;:&quot;&quot;,&quot;caption&quot;:&quot;&quot;,&quot;created_timestamp&quot;:&quot;0&quot;,&quot;copyright&quot;:&quot;&quot;,&quot;focal_length&quot;:&quot;0&quot;,&quot;iso&quot;:&quot;0&quot;,&quot;shutter_speed&quot;:&quot;0&quot;,&quot;title&quot;:&quot;&quot;,&quot;orientation&quot;:&quot;0&quot;}\" data-image-title=\"WhatsApp Image 2022-07-15 at 1.03.14 PM\" data-image-description=\"\" data-image-caption=\"\" data-large-file=\"https:\/\/www.hoymercedes.com.ar\/principal\/wp-content\/uploads\/2022\/07\/WhatsApp-Image-2022-07-15-at-1.03.14-PM.jpeg\" src=\"https:\/\/www.hoymercedes.com.ar\/principal\/wp-content\/uploads\/2022\/07\/WhatsApp-Image-2022-07-15-at-1.03.14-PM.jpeg\" alt=\"\" class=\"wp-image-150793\" srcset=\"https:\/\/www.hoymercedes.com.ar\/principal\/wp-content\/uploads\/2022\/07\/WhatsApp-Image-2022-07-15-at-1.03.14-PM.jpeg 800w, https:\/\/www.hoymercedes.com.ar\/principal\/wp-content\/uploads\/2022\/07\/WhatsApp-Image-2022-07-15-at-1.03.14-PM-620x620.jpeg 620w, https:\/\/www.hoymercedes.com.ar\/principal\/wp-content\/uploads\/2022\/07\/WhatsApp-Image-2022-07-15-at-1.03.14-PM-150x150.jpeg 150w\" sizes=\"auto, (max-width: 800px) 100vw, 800px\" \/><\/figure>\n<\/div>\n\n\n<p>\u00abSomos muchos los papas que pasamos por esa situaci\u00f3n, de hecho uno de cada 10 ni\u00f1os en nuestro pa\u00eds, nace antes de las 37 semanas de gestaci\u00f3n, y con ellos la angustia, los miedos, los reproches y la culpa\u00bb, explica Eugenia Colao, mam\u00e1 de Francisco nacido de manera prematura en diciembre de 2019 y que pas\u00f3 varias semanas en neonatolog\u00eda. <\/p>\n\n\n\n<p>\u00abLos embarazos y nacimientos prematuros son m\u00e1s frecuentes de lo que creemos, y son mucho m\u00e1s angustiantes tambi\u00e9n, porque ninguna madre est\u00e1 preparada f\u00edsicamente y psicol\u00f3gicamente para que su hijo o hija nazca antes, ni mucho menos para verlo en una incubadora a trav\u00e9s de ella por d\u00edas, o incluso meses\u00bb, agrega Eugenia que en esas semanas mientras su beb\u00e9 estaba en Neonatolog\u00eda y ella viajaba diariamente conoci\u00f3 a otras familias que pasaban por lo mismo. <\/p>\n\n\n\n<p>\u00abNadie nos dice lo que nos espera, ni como es, nadie nos explica el proceso, las altas y bajas de peso, los miles de estudios o complicaciones que pueden tener, lo dif\u00edcil que es no tocarlo, el desarraigo, lo doloroso de sacarnos leche , nos vamos haciendo fuertes a medida que vemos a otras mamas, en la medida que nuestros hijos crecen sanos, y ganan peso, aunque tambi\u00e9n existen bajones y tengamos recaidas. Somos autodidactas, vamos aprendiendo sobre retinopat\u00edas, apneas del sue\u00f1o, ictericia, nos recibimos de neonatologas, oftalm\u00f3logos\u00bb, agrega.\u00a0\u00a0<\/p>\n\n\n\n<p>\u00abHay que dar a conocer los derechos de los ni\u00f1os prematuros, y por eso creemos que es nodal conformar un grupo de padres que hayan pasado por la misma situaci\u00f3n; que quieran contarnos sus experiencias, y sumarse a este grupo, para m\u00e1s adelante elevar una ordenanza que nos contemple, para que seamos protagonistas de la Red Mercedina de familias, y trabajemos en conjunto con el Plan 1000 d\u00edas, para que desde el inicio de ese plan se realicen charlas para concientizar a las embarazas de la posibilidad de un nacimiento prematuro, y brindar la contenci\u00f3n necesaria, ayud\u00e1ndolas y apoyarlas. Ser un puente, un sost\u00e9n, brindar contenci\u00f3n en los momentos de flaqueza\u00bb, destaca invitando a quienes quieran participar a hacerse presente el 21 de julio o comunicarse a trav\u00e9s de la red social Facebook en \u00abPrematuros Mercedes\u00bb. <\/p>\n\n\n\n<p><\/p>\n","protected":false},"excerpt":{"rendered":"<p>Organizan primer encuentro de familia de beb\u00e9s nacidos prematuros. Ser\u00e1 el 21 de julio, 17 horas, en el MAMM. <\/p>\n","protected":false},"author":1,"featured_media":150793,"comment_status":"closed","ping_status":"open","sticky":false,"template":"","format":"standard","meta":{"_monsterinsights_skip_tracking":false,"_monsterinsights_sitenote_active":false,"_monsterinsights_sitenote_note":"","_monsterinsights_sitenote_category":0,"jetpack_post_was_ever_published":false,"_jetpack_newsletter_access":"","_jetpack_dont_email_post_to_subs":false,"_jetpack_newsletter_tier_id":0,"_jetpack_memberships_contains_paywalled_content":false,"_jetpack_memberships_contains_paid_content":false,"footnotes":"","jetpack_publicize_message":"","jetpack_publicize_feature_enabled":true,"jetpack_social_post_already_shared":true,"jetpack_social_options":{"image_generator_settings":{"template":"highway","default_image_id":0,"font":"","enabled":false},"version":2},"_wpas_customize_per_network":false},"categories":[8],"tags":[],"class_list":["post-150323","post","type-post","status-publish","format-standard","has-post-thumbnail","hentry","category-sociedad","generate-columns","tablet-grid-50","mobile-grid-100","grid-parent","grid-50"],"jetpack_publicize_connections":[],"jetpack_featured_media_url":"https:\/\/www.hoymercedes.com.ar\/principal\/wp-content\/uploads\/2022\/07\/WhatsApp-Image-2022-07-15-at-1.03.14-PM.jpeg","wps_subtitle":"","jetpack_sharing_enabled":true,"_links":{"self":[{"href":"https:\/\/www.hoymercedes.com.ar\/principal\/wp-json\/wp\/v2\/posts\/150323","targetHints":{"allow":["GET"]}}],"collection":[{"href":"https:\/\/www.hoymercedes.com.ar\/principal\/wp-json\/wp\/v2\/posts"}],"about":[{"href":"https:\/\/www.hoymercedes.com.ar\/principal\/wp-json\/wp\/v2\/types\/post"}],"author":[{"embeddable":true,"href":"https:\/\/www.hoymercedes.com.ar\/principal\/wp-json\/wp\/v2\/users\/1"}],"replies":[{"embeddable":true,"href":"https:\/\/www.hoymercedes.com.ar\/principal\/wp-json\/wp\/v2\/comments?post=150323"}],"version-history":[{"count":0,"href":"https:\/\/www.hoymercedes.com.ar\/principal\/wp-json\/wp\/v2\/posts\/150323\/revisions"}],"wp:featuredmedia":[{"embeddable":true,"href":"https:\/\/www.hoymercedes.com.ar\/principal\/wp-json\/wp\/v2\/media\/150793"}],"wp:attachment":[{"href":"https:\/\/www.hoymercedes.com.ar\/principal\/wp-json\/wp\/v2\/media?parent=150323"}],"wp:term":[{"taxonomy":"category","embeddable":true,"href":"https:\/\/www.hoymercedes.com.ar\/principal\/wp-json\/wp\/v2\/categories?post=150323"},{"taxonomy":"post_tag","embeddable":true,"href":"https:\/\/www.hoymercedes.com.ar\/principal\/wp-json\/wp\/v2\/tags?post=150323"}],"curies":[{"name":"wp","href":"https:\/\/api.w.org\/{rel}","templated":true}]}}