{"id":150364,"date":"2022-07-06T00:31:35","date_gmt":"2022-07-06T03:31:35","guid":{"rendered":"https:\/\/www.hoymercedes.com.ar\/principal\/?p=150364"},"modified":"2022-07-06T00:31:41","modified_gmt":"2022-07-06T03:31:41","slug":"detienen-a-masculino-con-pedido-de-captura","status":"publish","type":"post","link":"https:\/\/www.hoymercedes.com.ar\/principal\/2022\/07\/06\/detienen-a-masculino-con-pedido-de-captura\/","title":{"rendered":"Detienen a masculino con pedido de captura"},"content":{"rendered":"\n<figure class=\"wp-block-image size-full is-resized\"><img loading=\"lazy\" decoding=\"async\" data-attachment-id=\"150365\" data-permalink=\"https:\/\/www.hoymercedes.com.ar\/principal\/2022\/07\/06\/detienen-a-masculino-con-pedido-de-captura\/pedidodedetencion\/#main\" data-orig-file=\"https:\/\/www.hoymercedes.com.ar\/principal\/wp-content\/uploads\/2022\/07\/PedidoDeDetencion.jpeg\" data-orig-size=\"800,708\" data-comments-opened=\"0\" data-image-meta=\"{&quot;aperture&quot;:&quot;0&quot;,&quot;credit&quot;:&quot;&quot;,&quot;camera&quot;:&quot;&quot;,&quot;caption&quot;:&quot;&quot;,&quot;created_timestamp&quot;:&quot;0&quot;,&quot;copyright&quot;:&quot;&quot;,&quot;focal_length&quot;:&quot;0&quot;,&quot;iso&quot;:&quot;0&quot;,&quot;shutter_speed&quot;:&quot;0&quot;,&quot;title&quot;:&quot;&quot;,&quot;orientation&quot;:&quot;0&quot;}\" data-image-title=\"PedidoDeDetencion\" data-image-description=\"\" data-image-caption=\"\" data-large-file=\"https:\/\/www.hoymercedes.com.ar\/principal\/wp-content\/uploads\/2022\/07\/PedidoDeDetencion.jpeg\" src=\"https:\/\/www.hoymercedes.com.ar\/principal\/wp-content\/uploads\/2022\/07\/PedidoDeDetencion.jpeg\" alt=\"\" class=\"wp-image-150365\" width=\"961\" height=\"850\" srcset=\"https:\/\/www.hoymercedes.com.ar\/principal\/wp-content\/uploads\/2022\/07\/PedidoDeDetencion.jpeg 800w, https:\/\/www.hoymercedes.com.ar\/principal\/wp-content\/uploads\/2022\/07\/PedidoDeDetencion-630x558.jpeg 630w, https:\/\/www.hoymercedes.com.ar\/principal\/wp-content\/uploads\/2022\/07\/PedidoDeDetencion-150x133.jpeg 150w\" sizes=\"auto, (max-width: 961px) 100vw, 961px\" \/><\/figure>\n\n\n\n<p style=\"font-size:24px\">Efectivos de la Polic\u00eda Comunal lograron la detenci\u00f3n de un hombre mayor de edad que ten\u00eda pedido de captura librado por la justicia de Dolores. Fue en la intersecci\u00f3n de Ruta Nacional N\u00ba5 y calle 11.<\/p>\n\n\n\n<p style=\"font-size:24px\">Los integrantes de la fuerza de seguridad en sus acciones de prevenci\u00f3n y control detectan un accionar sospechoso por parte del sujeto que se encontraba en la zona. Es as\u00ed que empiezan a prestarle mayor atenci\u00f3n hasta que deciden detenerlo y logran constatar que ten\u00eda pedido de aprehensi\u00f3n.<\/p>\n\n\n\n<p style=\"font-size:24px\">El masculino de 40 a\u00f1os de edad tiene car\u00e1tula de \u201clesiones, desobediencias y lesiones calificadas por el v\u00ednculo\u201d a instancias del Correccional N\u00ba2 de Dolores.<\/p>\n\n\n\n<p style=\"font-size:24px\">Ahora el sujeto ha sido puesto a disposici\u00f3n de la justicia.<\/p>\n","protected":false},"excerpt":{"rendered":"<p>Detienen a masculino con pedido de captura<\/p>\n","protected":false},"author":1,"featured_media":150365,"comment_status":"closed","ping_status":"open","sticky":false,"template":"","format":"standard","meta":{"_monsterinsights_skip_tracking":false,"_monsterinsights_sitenote_active":false,"_monsterinsights_sitenote_note":"","_monsterinsights_sitenote_category":0,"jetpack_post_was_ever_published":false,"_jetpack_newsletter_access":"","_jetpack_dont_email_post_to_subs":false,"_jetpack_newsletter_tier_id":0,"_jetpack_memberships_contains_paywalled_content":false,"_jetpack_memberships_contains_paid_content":false,"footnotes":"","jetpack_publicize_message":"","jetpack_publicize_feature_enabled":true,"jetpack_social_post_already_shared":true,"jetpack_social_options":{"image_generator_settings":{"template":"highway","default_image_id":0,"font":"","enabled":false},"version":2},"_wpas_customize_per_network":false},"categories":[85],"tags":[18238,18414,18413,126],"class_list":["post-150364","post","type-post","status-publish","format-standard","has-post-thumbnail","hentry","category-policial","tag-detencion-2","tag-justicia-de-dolores","tag-pedido-de-captura","tag-policia-mercedes","generate-columns","tablet-grid-50","mobile-grid-100","grid-parent","grid-50"],"jetpack_publicize_connections":[],"jetpack_featured_media_url":"https:\/\/www.hoymercedes.com.ar\/principal\/wp-content\/uploads\/2022\/07\/PedidoDeDetencion.jpeg","wps_subtitle":"Justicia y Polic\u00eda","jetpack_sharing_enabled":true,"_links":{"self":[{"href":"https:\/\/www.hoymercedes.com.ar\/principal\/wp-json\/wp\/v2\/posts\/150364","targetHints":{"allow":["GET"]}}],"collection":[{"href":"https:\/\/www.hoymercedes.com.ar\/principal\/wp-json\/wp\/v2\/posts"}],"about":[{"href":"https:\/\/www.hoymercedes.com.ar\/principal\/wp-json\/wp\/v2\/types\/post"}],"author":[{"embeddable":true,"href":"https:\/\/www.hoymercedes.com.ar\/principal\/wp-json\/wp\/v2\/users\/1"}],"replies":[{"embeddable":true,"href":"https:\/\/www.hoymercedes.com.ar\/principal\/wp-json\/wp\/v2\/comments?post=150364"}],"version-history":[{"count":0,"href":"https:\/\/www.hoymercedes.com.ar\/principal\/wp-json\/wp\/v2\/posts\/150364\/revisions"}],"wp:featuredmedia":[{"embeddable":true,"href":"https:\/\/www.hoymercedes.com.ar\/principal\/wp-json\/wp\/v2\/media\/150365"}],"wp:attachment":[{"href":"https:\/\/www.hoymercedes.com.ar\/principal\/wp-json\/wp\/v2\/media?parent=150364"}],"wp:term":[{"taxonomy":"category","embeddable":true,"href":"https:\/\/www.hoymercedes.com.ar\/principal\/wp-json\/wp\/v2\/categories?post=150364"},{"taxonomy":"post_tag","embeddable":true,"href":"https:\/\/www.hoymercedes.com.ar\/principal\/wp-json\/wp\/v2\/tags?post=150364"}],"curies":[{"name":"wp","href":"https:\/\/api.w.org\/{rel}","templated":true}]}}