{"id":150387,"date":"2022-07-06T15:08:00","date_gmt":"2022-07-06T18:08:00","guid":{"rendered":"https:\/\/www.hoymercedes.com.ar\/principal\/?p=150387"},"modified":"2022-07-06T13:11:10","modified_gmt":"2022-07-06T16:11:10","slug":"mercado-en-tu-barrio-el-jueves-7-estara-en-villa-industrial-este","status":"publish","type":"post","link":"https:\/\/www.hoymercedes.com.ar\/principal\/2022\/07\/06\/mercado-en-tu-barrio-el-jueves-7-estara-en-villa-industrial-este\/","title":{"rendered":"Mercado en Tu Barrio: El jueves 7 estar\u00e1 en Villa Industrial Este"},"content":{"rendered":"\n<p>El jueves 7 de julio, de 10:00 a 14:30 horas (hasta terminar stock), se estar\u00e1 llevando adelante en el barrio Villa Industrial Este \u2013calle 23 y 112- el Mercado en tu Barrio. Esta acci\u00f3n es llevada adelante por el Ministerio de Desarrollo de la Comunidad junto al Municipio de Mercedes.<\/p>\n\n\n\n<p>En esta gran feria comercial se pueden adquirir productos de la canasta b\u00e1sica a excelentes precios. Habr\u00e1 venta de carne, verdura agroecol\u00f3gica, l\u00e1cteos y panificados, donde, pagando con Cuenta DNI habr\u00e1 un 40% de descuento en l\u00e1cteos y pastas.<\/p>\n\n\n\n<p>Asimismo, los vecinos podr\u00e1n realizar consultas sobre servicios y prestaciones del Estado, hacer tr\u00e1mites y consultas en su zona de residencia, todo en un mismo lugar, de forma gratuita y en menor tiempo.<\/p>\n\n\n\n<p>Eugenia C\u00f3dega, quien est\u00e1 al frente del \u00e1rea municipal Defensa del Consumidor se\u00f1al\u00f3&nbsp;\u201cEstamos muy contentos con el nivel de concurrencia, se ve que la gente aprovecha mucho este espacio, mismo que sirve para estar cerca y llegar con el Estado al pueblo\u201d.<\/p>\n\n\n\n<p>Fuente: Prensa Municipal<\/p>\n","protected":false},"excerpt":{"rendered":"<p>Mercado en Tu Barrio: El jueves 7 estar\u00e1 en Villa Industrial Este<\/p>\n","protected":false},"author":1,"featured_media":150388,"comment_status":"closed","ping_status":"open","sticky":false,"template":"","format":"standard","meta":{"_monsterinsights_skip_tracking":false,"_monsterinsights_sitenote_active":false,"_monsterinsights_sitenote_note":"","_monsterinsights_sitenote_category":0,"jetpack_post_was_ever_published":false,"_jetpack_newsletter_access":"","_jetpack_dont_email_post_to_subs":false,"_jetpack_newsletter_tier_id":0,"_jetpack_memberships_contains_paywalled_content":false,"_jetpack_memberships_contains_paid_content":false,"footnotes":"","jetpack_publicize_message":"","jetpack_publicize_feature_enabled":true,"jetpack_social_post_already_shared":true,"jetpack_social_options":{"image_generator_settings":{"template":"highway","default_image_id":0,"font":"","enabled":false},"version":2},"_wpas_customize_per_network":false},"categories":[30],"tags":[244],"class_list":["post-150387","post","type-post","status-publish","format-standard","has-post-thumbnail","hentry","category-municipio","tag-municipio-2","generate-columns","tablet-grid-50","mobile-grid-100","grid-parent","grid-50"],"jetpack_publicize_connections":[],"jetpack_featured_media_url":"https:\/\/www.hoymercedes.com.ar\/principal\/wp-content\/uploads\/2022\/07\/DSC05660.jpg","wps_subtitle":"","jetpack_sharing_enabled":true,"_links":{"self":[{"href":"https:\/\/www.hoymercedes.com.ar\/principal\/wp-json\/wp\/v2\/posts\/150387","targetHints":{"allow":["GET"]}}],"collection":[{"href":"https:\/\/www.hoymercedes.com.ar\/principal\/wp-json\/wp\/v2\/posts"}],"about":[{"href":"https:\/\/www.hoymercedes.com.ar\/principal\/wp-json\/wp\/v2\/types\/post"}],"author":[{"embeddable":true,"href":"https:\/\/www.hoymercedes.com.ar\/principal\/wp-json\/wp\/v2\/users\/1"}],"replies":[{"embeddable":true,"href":"https:\/\/www.hoymercedes.com.ar\/principal\/wp-json\/wp\/v2\/comments?post=150387"}],"version-history":[{"count":0,"href":"https:\/\/www.hoymercedes.com.ar\/principal\/wp-json\/wp\/v2\/posts\/150387\/revisions"}],"wp:featuredmedia":[{"embeddable":true,"href":"https:\/\/www.hoymercedes.com.ar\/principal\/wp-json\/wp\/v2\/media\/150388"}],"wp:attachment":[{"href":"https:\/\/www.hoymercedes.com.ar\/principal\/wp-json\/wp\/v2\/media?parent=150387"}],"wp:term":[{"taxonomy":"category","embeddable":true,"href":"https:\/\/www.hoymercedes.com.ar\/principal\/wp-json\/wp\/v2\/categories?post=150387"},{"taxonomy":"post_tag","embeddable":true,"href":"https:\/\/www.hoymercedes.com.ar\/principal\/wp-json\/wp\/v2\/tags?post=150387"}],"curies":[{"name":"wp","href":"https:\/\/api.w.org\/{rel}","templated":true}]}}