{"id":15039,"date":"2012-08-06T00:31:06","date_gmt":"2012-08-06T00:31:06","guid":{"rendered":"http:\/\/www.hoymercedes.com.ar\/principal\/?p=15039"},"modified":"2012-08-06T00:31:25","modified_gmt":"2012-08-06T00:31:25","slug":"jose-cestari-cuenta-su-experiencia-en-lobos-sobre-seguridad","status":"publish","type":"post","link":"https:\/\/www.hoymercedes.com.ar\/principal\/2012\/08\/06\/jose-cestari-cuenta-su-experiencia-en-lobos-sobre-seguridad\/","title":{"rendered":"Jos\u00e9 Cestari cuenta su experiencia en Lobos sobre Seguridad"},"content":{"rendered":"<p><a href=\"https:\/\/www.hoymercedes.com.ar\/principal\/wp-content\/uploads\/2012\/08\/Cestari-Lobos.jpg\"><img loading=\"lazy\" decoding=\"async\" data-attachment-id=\"15041\" data-permalink=\"https:\/\/www.hoymercedes.com.ar\/principal\/2012\/08\/06\/jose-cestari-cuenta-su-experiencia-en-lobos-sobre-seguridad\/cestari-lobos\/#main\" data-orig-file=\"https:\/\/www.hoymercedes.com.ar\/principal\/wp-content\/uploads\/2012\/08\/Cestari-Lobos.jpg\" data-orig-size=\"614,461\" data-comments-opened=\"1\" data-image-meta=\"{&quot;aperture&quot;:&quot;2.9&quot;,&quot;credit&quot;:&quot;&quot;,&quot;camera&quot;:&quot;KODAK EASYSHARE C160 DIGITAL CAMERA&quot;,&quot;caption&quot;:&quot;&quot;,&quot;created_timestamp&quot;:&quot;1199188833&quot;,&quot;copyright&quot;:&quot;&quot;,&quot;focal_length&quot;:&quot;5.7&quot;,&quot;iso&quot;:&quot;200&quot;,&quot;shutter_speed&quot;:&quot;0.033333&quot;,&quot;title&quot;:&quot;&quot;}\" data-image-title=\"Cestari-Lobos\" data-image-description=\"\" data-image-caption=\"\" data-large-file=\"https:\/\/www.hoymercedes.com.ar\/principal\/wp-content\/uploads\/2012\/08\/Cestari-Lobos.jpg\" class=\"aligncenter size-full wp-image-15041\" title=\"Cestari-Lobos\" src=\"https:\/\/www.hoymercedes.com.ar\/principal\/wp-content\/uploads\/2012\/08\/Cestari-Lobos.jpg\" alt=\"\" width=\"614\" height=\"461\" \/><\/a><\/p>\n<p>La inseguridad, con sus matices y caracter\u00edsticas particulares, afecta a todos los distritos de la provincia de Buenos Aires. Son recurrentes los casos de delitos violentos, con el uso de armas de fuego y las vidas que se pierden de ciudadanos y tambi\u00e9n de polic\u00edas. Mercedes padeci\u00f3 en los \u00faltimos tiempos una reiteraci\u00f3n de asaltos y robos que profundizan las dificultades que se aprecian en la prevenci\u00f3n, as\u00ed como ponen de manifiesto tambi\u00e9n los escasos avances en muchos casos en el esclarecimiento de los il\u00edcitos.<\/p>\n<p>Observar la experiencia de distintos municipios contribuye a apreciar medidas que no han tenido utilidad y tambi\u00e9n iniciativas cuyo impacto ha sido positivo. En este sentido, es interesante tomar en consideraci\u00f3n el plan de seguridad que comenz\u00f3 a implementar Lobos en 2004 y que lo llev\u00f3 a recibir un reconocimiento cuatro a\u00f1os m\u00e1s tarde por parte de las Naciones Unidas (ONU), que lo consider\u00f3 el lugar m\u00e1s seguro en toda la provincia. Tambi\u00e9n el Senado Nacional lo distingui\u00f3 por el programa de seguridad, con el premio Pr\u00e1cticas Municipales.<\/p>\n<p>El Plan de Seguridad para el Partido de Lobos fue dise\u00f1ado con la intenci\u00f3n de dar una repuesta efectiva a las demandas de seguridad en la poblaci\u00f3n local. Es un programa complejo, din\u00e1mico y flexible en su aplicaci\u00f3n, buscando adaptar nuevos y efectivos m\u00e9todos para combatir el delito.<\/p>\n<p>El Municipio de Lobos se encuentra ubicado a 98 km de la Capital Federal sobre la ruta 205, y a 120 Km de la capital de la Provincia la ciudad de La Plata. Cuenta con una poblaci\u00f3n cercana a los 40.000 habitantes distribuida entre la zona urbana (30.000 habitantes) y en la rural (10.000). Es una t\u00edpica ciudad agr\u00edcola ganadera del interior de la provincia, lindante con los partidos de Ca\u00f1uelas, Gral Las Heras, Navarro, 25 de Mayo, Roque P\u00e9rez y San Miguel del Monte.<\/p>\n<p>Sus mayores recursos econ\u00f3micos son derivados de la explotaci\u00f3n agropecuaria, contando con industrias metal\u00fargicas y manufactureras, destac\u00e1ndose en este rubro las textiles.<\/p>\n<p>Es as\u00ed como el concejal Jos\u00e9 Cestari, acompa\u00f1ado por integrantes del MIC MERCEDES visitaron el municipio de Lobos, en el que fueron recibidos por el Secretario de Gobierno, a cargo del \u00e1rea de seguridad, Javier Guarnerio.<\/p>\n<p>Entre los logros que se mencionan en Lobos se encuentran la reducci\u00f3n notoria del delito en zonas rurales y en zonas urbanas a n\u00fameros equivalentes a los de hace tres d\u00e9cadas.<\/p>\n<p>Adem\u00e1s de la Polic\u00eda Comunal, dispone de una delegaci\u00f3n de la Brigada de Investigaciones, una de la Brigada de Lucha Contra el Narcotr\u00e1fico y se erigi\u00f3 como asiento regional de la lucha contra el delito en el campo.<\/p>\n<p>El municipio fue pionero en la instalaci\u00f3n de c\u00e1maras de vigilancia en puntos estrat\u00e9gicos de la ciudad, como las terminales de \u00f3mnibus y de trenes, los bancos y los accesos, con una recepci\u00f3n durante las 24 horas en la comisar\u00eda local. Cuenta con 15 c\u00e1maras funcionando en perfecto estado, poseen zoom que puede individualizar hasta el n\u00famero de patente de un veh\u00edculo.<\/p>\n<p>Todos los m\u00f3viles son policiales, no existen veh\u00edculos de control urbano.<\/p>\n<p>Se organiz\u00f3 el funcionamiento de patrullas rurales, con un n\u00famero de celulares espec\u00edficos para cada zona, con un n\u00famero particular al que se conectan los vecinos en caso de necesitarla, todos los habitantes de Lobos tienen una oblea adhesiva.<\/p>\n<p>Del mismo modo, hay 5 patrullas comunitarias nocturna (funcionan de 22 a 6 hs.) que dividen la zona urbana en cuadr\u00edculas, donde hay un m\u00f3vil conducido por un empleado municipal (sereno) y acompa\u00f1ado por un polic\u00eda; y los vecinos que corresponden a cada cuadr\u00edcula tienen ese n\u00famero de celular para comunicarse. Asimismo, a la noche hay 9 m\u00f3viles disponibles. En la nocturnidad pr\u00e1cticamente desapareci\u00f3 el delito.<\/p>\n<p>En cada pueblo del Partido de Lobos hay un destacamento de vigilancia.<\/p>\n<p>Esto va acompa\u00f1ado con una gran participaci\u00f3n popular, asimismo la ciudad cuenta con un Foro de Seguridad integrado por representantes de las distintas organizaciones sociales e intermedias locales.<\/p>\n<p>En el Foro realizan diversas actividades, una de ellas es que semanalmente, junto con el secretario de Gobierno, que es el encargado pol\u00edtico de la implementaci\u00f3n de las medidas, hacen reuniones en cada uno de los barrios donde se conversa fundamentalmente, sobre temas de prevenci\u00f3n que deben llevar adelante los vecinos.<\/p>\n<p>Otra de los lineamientos de trabajo es \u00abun plan solidario\u00bb cuya finalidad es detectar a adolescentes y j\u00f3venes en riesgo, con la colaboraci\u00f3n de los docentes y asistentes sociales. Y se les ofrece que un grupo de psic\u00f3logos entre al domicilio para tratar de dar con la problem\u00e1tica que tiene el chico con el resto de la familia. En este marco, tambi\u00e9n se ofrecen actividades extraescolares, relacionadas con el deporte y la cultura, y se le ense\u00f1a alg\u00fan tipo de oficio, actualmente hay 1.400 chicos.<\/p>\n<p>Otro aspecto a tener en cuenta es el de los menores y las adicciones, las drogas o el consumo de alcohol, tema muy complejo de resolver pues esa problem\u00e1tica recorre horizontalmente el tejido social, afectando por igual a familias de humilde condici\u00f3n, como de elevado nivel cultural o poder adquisitivo.<\/p>\n<p>En Lobos hay tres boliches bailables, se comenz\u00f3 con el control de alcoholemia a la salida, cuando comenz\u00f3 el programa daban 50 % de casos positivos, hoy se redujo al 5 %, producto de las fuertes multas ($ 6.000) y de la toma de conciencia de qui\u00e9n tiene que conducir.<\/p>\n<p>Un aspecto relevante es que el jefe de la Polic\u00eda Comunal sea oriundo de Lobos. Adem\u00e1s se trata que el 95 por ciento de los efectivos que se incorporan sean de esa ciudad. Porque las familias de esas personas viven en Lobos, los hijos van al mismo colegio que el resto de los vecinos, y la familia hace sus compras en el mismo supermercado que el resto de la sociedad, entonces hay un sentido de pertenencia y una integraci\u00f3n a\u00fan mayor.<\/p>\n<p>Se entiende, en definitiva, que de esa forma se favorece la integraci\u00f3n. Como un ejemplo, se explic\u00f3 que todos los a\u00f1os se festeja el d\u00eda de la Polic\u00eda con una muestra y un desfile, y se junta much\u00edsima gente en la plaza para acompa\u00f1ar a la Polic\u00eda Comunal, y eso da la pauta de que han logrado la pertenencia a la que tanto aspiran.<\/p>\n<p>Todo esto se complement\u00f3 con mayor cantidad de calles asfaltadas (200), incremento de luminarias p\u00fablicas, etc en diferentes barrios.<\/p>\n<p>Tres ejes<\/p>\n<p>Al recibir en 2008 la distinci\u00f3n de la ONU, se destac\u00f3 especialmente que el delito en el campo se redujo a cero y que en el \u00e1rea urbana hab\u00eda disminuido en forma importante. A ello se sum\u00f3 el avance contra bandas de lugares cercanos como Merlo y Moreno; han desvertebrado el tr\u00e1fico mula, aquellos que ingresan drogas en peque\u00f1as cantidades, en una baja considerable del delito.<\/p>\n<p>El plan se organiz\u00f3 en base a tres ejes. Primero y fundamental, es el compromiso asumido como una pol\u00edtica de Estado, el poner \u00e9nfasis en la participaci\u00f3n popular, y en la profesionalizaci\u00f3n de la Polic\u00eda. Con esos tres elementos ordenados y automatizados con un funcionamiento acorde de cada uno, se van logrando los objetivos.<\/p>\n<p>Para la profesionalizaci\u00f3n de la polic\u00eda, se le otorg\u00f3 prioridad a generar conciencia sobre lo que representa la tarea de los efectivos para la comunidad. Se fue brindando todo para su mejoramiento, como darle una oportunidad para que terminen sus estudios secundarios a aquellos que no lo ten\u00edan y le han reservado cupos para los planes de vivienda. A su vez, se estableci\u00f3 un intercambio con la Polic\u00eda de Nueva York y todos los a\u00f1os tres efectivos de la Polic\u00eda viajan a esa ciudad para comprobar y aprender nuevos m\u00e9todos de una polic\u00eda de avanzada.<\/p>\n<p>Es un esfuerzo permanente y que se requiere de perseverancia, porque cada d\u00eda se plantean nuevos desaf\u00edos ante el delito.<\/p>\n<p>Hoy Lobos cuenta con 105 efectivos policiales, 5 patrulleros nocturnos y 15 m\u00f3viles, asimismo se est\u00e1 trabajando en una Ordenanza para capacitar al personal de seguridad en los boliches bailables.<\/p>\n","protected":false},"excerpt":{"rendered":"<p>La inseguridad, con sus matices y caracter\u00edsticas particulares, afecta a todos los distritos de la provincia de Buenos Aires. Son &#8230; <a title=\"Jos\u00e9 Cestari cuenta su experiencia en Lobos sobre Seguridad\" class=\"read-more\" href=\"https:\/\/www.hoymercedes.com.ar\/principal\/2012\/08\/06\/jose-cestari-cuenta-su-experiencia-en-lobos-sobre-seguridad\/\" aria-label=\"Leer m\u00e1s sobre Jos\u00e9 Cestari cuenta su experiencia en Lobos sobre Seguridad\">Leer m\u00e1s<\/a><\/p>\n","protected":false},"author":1,"featured_media":0,"comment_status":"open","ping_status":"open","sticky":false,"template":"","format":"standard","meta":{"_monsterinsights_skip_tracking":false,"_monsterinsights_sitenote_active":false,"_monsterinsights_sitenote_note":"","_monsterinsights_sitenote_category":0,"jetpack_post_was_ever_published":false,"_jetpack_newsletter_access":"","_jetpack_dont_email_post_to_subs":false,"_jetpack_newsletter_tier_id":0,"_jetpack_memberships_contains_paywalled_content":false,"_jetpack_memberships_contains_paid_content":false,"footnotes":"","jetpack_publicize_message":"","jetpack_publicize_feature_enabled":true,"jetpack_social_post_already_shared":false,"jetpack_social_options":{"image_generator_settings":{"template":"highway","default_image_id":0,"font":"","enabled":false},"version":2},"_wpas_customize_per_network":false},"categories":[5],"tags":[321],"class_list":["post-15039","post","type-post","status-publish","format-standard","hentry","category-politica","tag-jose-cestari","generate-columns","tablet-grid-50","mobile-grid-100","grid-parent","grid-50"],"jetpack_publicize_connections":[],"jetpack_featured_media_url":"","wps_subtitle":"","jetpack_sharing_enabled":true,"_links":{"self":[{"href":"https:\/\/www.hoymercedes.com.ar\/principal\/wp-json\/wp\/v2\/posts\/15039","targetHints":{"allow":["GET"]}}],"collection":[{"href":"https:\/\/www.hoymercedes.com.ar\/principal\/wp-json\/wp\/v2\/posts"}],"about":[{"href":"https:\/\/www.hoymercedes.com.ar\/principal\/wp-json\/wp\/v2\/types\/post"}],"author":[{"embeddable":true,"href":"https:\/\/www.hoymercedes.com.ar\/principal\/wp-json\/wp\/v2\/users\/1"}],"replies":[{"embeddable":true,"href":"https:\/\/www.hoymercedes.com.ar\/principal\/wp-json\/wp\/v2\/comments?post=15039"}],"version-history":[{"count":0,"href":"https:\/\/www.hoymercedes.com.ar\/principal\/wp-json\/wp\/v2\/posts\/15039\/revisions"}],"wp:attachment":[{"href":"https:\/\/www.hoymercedes.com.ar\/principal\/wp-json\/wp\/v2\/media?parent=15039"}],"wp:term":[{"taxonomy":"category","embeddable":true,"href":"https:\/\/www.hoymercedes.com.ar\/principal\/wp-json\/wp\/v2\/categories?post=15039"},{"taxonomy":"post_tag","embeddable":true,"href":"https:\/\/www.hoymercedes.com.ar\/principal\/wp-json\/wp\/v2\/tags?post=15039"}],"curies":[{"name":"wp","href":"https:\/\/api.w.org\/{rel}","templated":true}]}}