{"id":150398,"date":"2022-07-06T18:31:00","date_gmt":"2022-07-06T21:31:00","guid":{"rendered":"https:\/\/www.hoymercedes.com.ar\/principal\/?p=150398"},"modified":"2022-07-06T15:59:42","modified_gmt":"2022-07-06T18:59:42","slug":"el-complejo-udaondo-celebra-el-dia-de-la-independencia-con-los-titirifeos-en-una-nueva-funcion-de-a-cielo-abierto","status":"publish","type":"post","link":"https:\/\/www.hoymercedes.com.ar\/principal\/2022\/07\/06\/el-complejo-udaondo-celebra-el-dia-de-la-independencia-con-los-titirifeos-en-una-nueva-funcion-de-a-cielo-abierto\/","title":{"rendered":"El Complejo Udaondo celebra el D\u00eda de la Independencia con \u201cLos Titirifeos\u201d"},"content":{"rendered":"\n<p><em>El Instituto Cultural de la Provincia contin\u00faa con esta propuesta de actividades libres y gratuitas. El s\u00e1bado 9 de julio habr\u00e1 un espect\u00e1culo de t\u00edteres y m\u00fasica, donde el p\u00fablico, adem\u00e1s de divertirse, viajar\u00e1 por nuestra historia.<\/em>&nbsp;<\/p>\n\n\n<div class=\"wp-block-image\">\n<figure class=\"aligncenter size-full\"><img loading=\"lazy\" decoding=\"async\" width=\"594\" height=\"396\" data-attachment-id=\"150399\" data-permalink=\"https:\/\/www.hoymercedes.com.ar\/principal\/2022\/07\/06\/el-complejo-udaondo-celebra-el-dia-de-la-independencia-con-los-titirifeos-en-una-nueva-funcion-de-a-cielo-abierto\/titeres-lujan\/#main\" data-orig-file=\"https:\/\/www.hoymercedes.com.ar\/principal\/wp-content\/uploads\/2022\/07\/titeres-lujan.jpg\" data-orig-size=\"594,396\" data-comments-opened=\"0\" data-image-meta=\"{&quot;aperture&quot;:&quot;0&quot;,&quot;credit&quot;:&quot;&quot;,&quot;camera&quot;:&quot;&quot;,&quot;caption&quot;:&quot;&quot;,&quot;created_timestamp&quot;:&quot;1657121668&quot;,&quot;copyright&quot;:&quot;&quot;,&quot;focal_length&quot;:&quot;0&quot;,&quot;iso&quot;:&quot;0&quot;,&quot;shutter_speed&quot;:&quot;0&quot;,&quot;title&quot;:&quot;&quot;,&quot;orientation&quot;:&quot;1&quot;}\" data-image-title=\"titeres lujan\" data-image-description=\"\" data-image-caption=\"\" data-large-file=\"https:\/\/www.hoymercedes.com.ar\/principal\/wp-content\/uploads\/2022\/07\/titeres-lujan.jpg\" src=\"https:\/\/www.hoymercedes.com.ar\/principal\/wp-content\/uploads\/2022\/07\/titeres-lujan.jpg\" alt=\"\" class=\"wp-image-150399\" srcset=\"https:\/\/www.hoymercedes.com.ar\/principal\/wp-content\/uploads\/2022\/07\/titeres-lujan.jpg 594w, https:\/\/www.hoymercedes.com.ar\/principal\/wp-content\/uploads\/2022\/07\/titeres-lujan-150x100.jpg 150w\" sizes=\"auto, (max-width: 594px) 100vw, 594px\" \/><\/figure>\n<\/div>\n\n\n<p>En una nueva edici\u00f3n de \u201cA Cielo Abierto\u201d, el Complejo Museogr\u00e1fico Enrique Udaondo presenta las obras \u201cGonzalito y Jazm\u00edn rumbo a 1816\u201d, del grupo Titirifeos. Esta iniciativa forma parte del ciclo impulsado por el Instituto Cultural de la Provincia de Buenos Aires, que lleva propuestas art\u00edsticas, creativas, innovadoras y accesibles a museos, archivos, bibliotecas y sitios patrimoniales de la Provincia. La funci\u00f3n, con entrada libre y gratuita, se realizar\u00e1 el s\u00e1bado 9 de julio a las 15:00.&nbsp;&nbsp;<\/p>\n\n\n\n<p>\u201cGonzalito y Jazm\u00edn rumbo a 1816\u201d es un espect\u00e1culo para toda la familia dedicado al D\u00eda de la Independencia. Es una aventura c\u00f3mica con t\u00edteres y m\u00fasica donde, adem\u00e1s de divertirse, el p\u00fablico viajar\u00e1 por nuestra historia y conocer\u00e1 a uno de nuestros grandes h\u00e9roes: Manuel Belgrano.&nbsp;<\/p>\n\n\n\n<p>Los Titirifeos es un d\u00fao lomense creado por Emiliano Pu\u00f1ales y Emiliano Vega, que se dedican a la producci\u00f3n de espect\u00e1culos teatrales de humor. Con un enfoque pedag\u00f3gico y a trav\u00e9s de la m\u00fasica y los t\u00edteres, busca la interacci\u00f3n con el p\u00fablico en un espect\u00e1culo&nbsp;&nbsp; para toda la familia.&nbsp;&nbsp;<\/p>\n\n\n\n<p>La actividad ser\u00e1 al aire libre, se suspende por lluvia.&nbsp;&nbsp;<\/p>\n\n\n<div class=\"wp-block-image\">\n<figure class=\"aligncenter size-full\"><img loading=\"lazy\" decoding=\"async\" width=\"800\" height=\"800\" data-attachment-id=\"150400\" data-permalink=\"https:\/\/www.hoymercedes.com.ar\/principal\/2022\/07\/06\/el-complejo-udaondo-celebra-el-dia-de-la-independencia-con-los-titirifeos-en-una-nueva-funcion-de-a-cielo-abierto\/uda-gonzalito-y-jazmin_feed\/#main\" data-orig-file=\"https:\/\/www.hoymercedes.com.ar\/principal\/wp-content\/uploads\/2022\/07\/UDA-Gonzalito-y-Jazmin_FEED.png\" data-orig-size=\"800,800\" data-comments-opened=\"0\" data-image-meta=\"{&quot;aperture&quot;:&quot;0&quot;,&quot;credit&quot;:&quot;&quot;,&quot;camera&quot;:&quot;&quot;,&quot;caption&quot;:&quot;&quot;,&quot;created_timestamp&quot;:&quot;0&quot;,&quot;copyright&quot;:&quot;&quot;,&quot;focal_length&quot;:&quot;0&quot;,&quot;iso&quot;:&quot;0&quot;,&quot;shutter_speed&quot;:&quot;0&quot;,&quot;title&quot;:&quot;&quot;,&quot;orientation&quot;:&quot;0&quot;}\" data-image-title=\"UDA &amp;#8211; Gonzalito y Jazm\u00edn_FEED\" data-image-description=\"\" data-image-caption=\"\" data-large-file=\"https:\/\/www.hoymercedes.com.ar\/principal\/wp-content\/uploads\/2022\/07\/UDA-Gonzalito-y-Jazmin_FEED.png\" src=\"https:\/\/www.hoymercedes.com.ar\/principal\/wp-content\/uploads\/2022\/07\/UDA-Gonzalito-y-Jazmin_FEED.png\" alt=\"\" class=\"wp-image-150400\" srcset=\"https:\/\/www.hoymercedes.com.ar\/principal\/wp-content\/uploads\/2022\/07\/UDA-Gonzalito-y-Jazmin_FEED.png 800w, https:\/\/www.hoymercedes.com.ar\/principal\/wp-content\/uploads\/2022\/07\/UDA-Gonzalito-y-Jazmin_FEED-620x620.png 620w, https:\/\/www.hoymercedes.com.ar\/principal\/wp-content\/uploads\/2022\/07\/UDA-Gonzalito-y-Jazmin_FEED-150x150.png 150w\" sizes=\"auto, (max-width: 800px) 100vw, 800px\" \/><\/figure>\n<\/div>","protected":false},"excerpt":{"rendered":"<p>El Complejo Udaondo celebra el D\u00eda de la Independencia con \u201cLos Titirifeos\u201d en una nueva funci\u00f3n de \u201cA Cielo Abierto\u201d <\/p>\n","protected":false},"author":1,"featured_media":150399,"comment_status":"closed","ping_status":"open","sticky":false,"template":"","format":"standard","meta":{"_monsterinsights_skip_tracking":false,"_monsterinsights_sitenote_active":false,"_monsterinsights_sitenote_note":"","_monsterinsights_sitenote_category":0,"jetpack_post_was_ever_published":false,"_jetpack_newsletter_access":"","_jetpack_dont_email_post_to_subs":false,"_jetpack_newsletter_tier_id":0,"_jetpack_memberships_contains_paywalled_content":false,"_jetpack_memberships_contains_paid_content":false,"footnotes":"","jetpack_publicize_message":"","jetpack_publicize_feature_enabled":true,"jetpack_social_post_already_shared":true,"jetpack_social_options":{"image_generator_settings":{"template":"highway","default_image_id":0,"font":"","enabled":false},"version":2},"_wpas_customize_per_network":false},"categories":[104],"tags":[7805],"class_list":["post-150398","post","type-post","status-publish","format-standard","has-post-thumbnail","hentry","category-cultura","tag-cultura","generate-columns","tablet-grid-50","mobile-grid-100","grid-parent","grid-50"],"jetpack_publicize_connections":[],"jetpack_featured_media_url":"https:\/\/www.hoymercedes.com.ar\/principal\/wp-content\/uploads\/2022\/07\/titeres-lujan.jpg","wps_subtitle":"","jetpack_sharing_enabled":true,"_links":{"self":[{"href":"https:\/\/www.hoymercedes.com.ar\/principal\/wp-json\/wp\/v2\/posts\/150398","targetHints":{"allow":["GET"]}}],"collection":[{"href":"https:\/\/www.hoymercedes.com.ar\/principal\/wp-json\/wp\/v2\/posts"}],"about":[{"href":"https:\/\/www.hoymercedes.com.ar\/principal\/wp-json\/wp\/v2\/types\/post"}],"author":[{"embeddable":true,"href":"https:\/\/www.hoymercedes.com.ar\/principal\/wp-json\/wp\/v2\/users\/1"}],"replies":[{"embeddable":true,"href":"https:\/\/www.hoymercedes.com.ar\/principal\/wp-json\/wp\/v2\/comments?post=150398"}],"version-history":[{"count":0,"href":"https:\/\/www.hoymercedes.com.ar\/principal\/wp-json\/wp\/v2\/posts\/150398\/revisions"}],"wp:featuredmedia":[{"embeddable":true,"href":"https:\/\/www.hoymercedes.com.ar\/principal\/wp-json\/wp\/v2\/media\/150399"}],"wp:attachment":[{"href":"https:\/\/www.hoymercedes.com.ar\/principal\/wp-json\/wp\/v2\/media?parent=150398"}],"wp:term":[{"taxonomy":"category","embeddable":true,"href":"https:\/\/www.hoymercedes.com.ar\/principal\/wp-json\/wp\/v2\/categories?post=150398"},{"taxonomy":"post_tag","embeddable":true,"href":"https:\/\/www.hoymercedes.com.ar\/principal\/wp-json\/wp\/v2\/tags?post=150398"}],"curies":[{"name":"wp","href":"https:\/\/api.w.org\/{rel}","templated":true}]}}