{"id":150410,"date":"2022-07-07T07:37:00","date_gmt":"2022-07-07T10:37:00","guid":{"rendered":"https:\/\/www.hoymercedes.com.ar\/principal\/?p=150410"},"modified":"2022-07-06T16:38:20","modified_gmt":"2022-07-06T19:38:20","slug":"allanamiento-por-amenazas-y-secuestro-de-arma-de-fuego","status":"publish","type":"post","link":"https:\/\/www.hoymercedes.com.ar\/principal\/2022\/07\/07\/allanamiento-por-amenazas-y-secuestro-de-arma-de-fuego\/","title":{"rendered":"Allanamiento por amenazas y secuestro de arma de fuego"},"content":{"rendered":"\n<figure class=\"wp-block-image size-large\"><img loading=\"lazy\" decoding=\"async\" width=\"1024\" height=\"879\" data-attachment-id=\"150411\" data-permalink=\"https:\/\/www.hoymercedes.com.ar\/principal\/2022\/07\/07\/allanamiento-por-amenazas-y-secuestro-de-arma-de-fuego\/gowland-allanamiento-2\/#main\" data-orig-file=\"https:\/\/www.hoymercedes.com.ar\/principal\/wp-content\/uploads\/2022\/07\/Gowland-Allanamiento.2.jpeg\" data-orig-size=\"1280,1099\" data-comments-opened=\"0\" data-image-meta=\"{&quot;aperture&quot;:&quot;0&quot;,&quot;credit&quot;:&quot;&quot;,&quot;camera&quot;:&quot;&quot;,&quot;caption&quot;:&quot;&quot;,&quot;created_timestamp&quot;:&quot;0&quot;,&quot;copyright&quot;:&quot;&quot;,&quot;focal_length&quot;:&quot;0&quot;,&quot;iso&quot;:&quot;0&quot;,&quot;shutter_speed&quot;:&quot;0&quot;,&quot;title&quot;:&quot;&quot;,&quot;orientation&quot;:&quot;0&quot;}\" data-image-title=\"Gowland-Allanamiento.2\" data-image-description=\"\" data-image-caption=\"\" data-large-file=\"https:\/\/www.hoymercedes.com.ar\/principal\/wp-content\/uploads\/2022\/07\/Gowland-Allanamiento.2-1024x879.jpeg\" src=\"https:\/\/www.hoymercedes.com.ar\/principal\/wp-content\/uploads\/2022\/07\/Gowland-Allanamiento.2-1024x879.jpeg\" alt=\"\" class=\"wp-image-150411\" srcset=\"https:\/\/www.hoymercedes.com.ar\/principal\/wp-content\/uploads\/2022\/07\/Gowland-Allanamiento.2-1024x879.jpeg 1024w, https:\/\/www.hoymercedes.com.ar\/principal\/wp-content\/uploads\/2022\/07\/Gowland-Allanamiento.2-630x541.jpeg 630w, https:\/\/www.hoymercedes.com.ar\/principal\/wp-content\/uploads\/2022\/07\/Gowland-Allanamiento.2-150x129.jpeg 150w, https:\/\/www.hoymercedes.com.ar\/principal\/wp-content\/uploads\/2022\/07\/Gowland-Allanamiento.2.jpeg 1280w\" sizes=\"auto, (max-width: 1024px) 100vw, 1024px\" \/><\/figure>\n\n\n\n<p>Polic\u00eda Comunal concret\u00f3 un allanamiento en la localidad de Gowland dispuesto por el Juzgado de Garant\u00edas N\u00ba2 del Departamento Judicial Mercedes y la U.F.I N\u00ba5 bajo car\u00e1tula de \u201camenazas y lesiones leves\u201d. Se incautaron elementos que ser\u00edan probatorios para la causa.<\/p>\n\n\n\n<p>La actuaci\u00f3n policial permiti\u00f3 detener al acusado y concretar la identificaci\u00f3n de elementos que ser\u00edan importantes para el proceso judicial, como ser una escopeta calibre 24 y municiones de guerra.<\/p>\n\n\n\n<p>Ahora la causa contin\u00faa y el acusado deber\u00e1 rendir cuentas ante el Departamento Judicial Mercedes.<\/p>\n","protected":false},"excerpt":{"rendered":"<p>Allanamiento por amenazas y secuestro de arma de fuego. Intervino la Polic\u00eda Comunal Mercedes. <\/p>\n","protected":false},"author":1,"featured_media":150411,"comment_status":"closed","ping_status":"open","sticky":false,"template":"","format":"standard","meta":{"_monsterinsights_skip_tracking":false,"_monsterinsights_sitenote_active":false,"_monsterinsights_sitenote_note":"","_monsterinsights_sitenote_category":0,"jetpack_post_was_ever_published":false,"_jetpack_newsletter_access":"","_jetpack_dont_email_post_to_subs":false,"_jetpack_newsletter_tier_id":0,"_jetpack_memberships_contains_paywalled_content":false,"_jetpack_memberships_contains_paid_content":false,"footnotes":"","jetpack_publicize_message":"","jetpack_publicize_feature_enabled":true,"jetpack_social_post_already_shared":true,"jetpack_social_options":{"image_generator_settings":{"template":"highway","default_image_id":0,"font":"","enabled":false},"version":2},"_wpas_customize_per_network":false},"categories":[85],"tags":[],"class_list":["post-150410","post","type-post","status-publish","format-standard","has-post-thumbnail","hentry","category-policial","generate-columns","tablet-grid-50","mobile-grid-100","grid-parent","grid-50"],"jetpack_publicize_connections":[],"jetpack_featured_media_url":"https:\/\/www.hoymercedes.com.ar\/principal\/wp-content\/uploads\/2022\/07\/Gowland-Allanamiento.2.jpeg","wps_subtitle":"Detenido","jetpack_sharing_enabled":true,"_links":{"self":[{"href":"https:\/\/www.hoymercedes.com.ar\/principal\/wp-json\/wp\/v2\/posts\/150410","targetHints":{"allow":["GET"]}}],"collection":[{"href":"https:\/\/www.hoymercedes.com.ar\/principal\/wp-json\/wp\/v2\/posts"}],"about":[{"href":"https:\/\/www.hoymercedes.com.ar\/principal\/wp-json\/wp\/v2\/types\/post"}],"author":[{"embeddable":true,"href":"https:\/\/www.hoymercedes.com.ar\/principal\/wp-json\/wp\/v2\/users\/1"}],"replies":[{"embeddable":true,"href":"https:\/\/www.hoymercedes.com.ar\/principal\/wp-json\/wp\/v2\/comments?post=150410"}],"version-history":[{"count":0,"href":"https:\/\/www.hoymercedes.com.ar\/principal\/wp-json\/wp\/v2\/posts\/150410\/revisions"}],"wp:featuredmedia":[{"embeddable":true,"href":"https:\/\/www.hoymercedes.com.ar\/principal\/wp-json\/wp\/v2\/media\/150411"}],"wp:attachment":[{"href":"https:\/\/www.hoymercedes.com.ar\/principal\/wp-json\/wp\/v2\/media?parent=150410"}],"wp:term":[{"taxonomy":"category","embeddable":true,"href":"https:\/\/www.hoymercedes.com.ar\/principal\/wp-json\/wp\/v2\/categories?post=150410"},{"taxonomy":"post_tag","embeddable":true,"href":"https:\/\/www.hoymercedes.com.ar\/principal\/wp-json\/wp\/v2\/tags?post=150410"}],"curies":[{"name":"wp","href":"https:\/\/api.w.org\/{rel}","templated":true}]}}