{"id":150460,"date":"2022-07-08T01:01:51","date_gmt":"2022-07-08T04:01:51","guid":{"rendered":"https:\/\/www.hoymercedes.com.ar\/principal\/?p=150460"},"modified":"2022-07-08T01:01:55","modified_gmt":"2022-07-08T04:01:55","slug":"gobernador-kicillof-recorrio-suipacha-junto-a-luis-mancini-y-el-intendente","status":"publish","type":"post","link":"https:\/\/www.hoymercedes.com.ar\/principal\/2022\/07\/08\/gobernador-kicillof-recorrio-suipacha-junto-a-luis-mancini-y-el-intendente\/","title":{"rendered":"Gobernador Kicillof recorri\u00f3 Suipacha junto a Luis Mancini y el intendente"},"content":{"rendered":"\n<figure class=\"wp-block-image size-large\"><img loading=\"lazy\" decoding=\"async\" width=\"1024\" height=\"682\" data-attachment-id=\"150461\" data-permalink=\"https:\/\/www.hoymercedes.com.ar\/principal\/2022\/07\/08\/gobernador-kicillof-recorrio-suipacha-junto-a-luis-mancini-y-el-intendente\/kicillof-mancini\/#main\" data-orig-file=\"https:\/\/www.hoymercedes.com.ar\/principal\/wp-content\/uploads\/2022\/07\/Kicillof-Mancini.jpeg\" data-orig-size=\"1280,853\" data-comments-opened=\"0\" data-image-meta=\"{&quot;aperture&quot;:&quot;0&quot;,&quot;credit&quot;:&quot;&quot;,&quot;camera&quot;:&quot;&quot;,&quot;caption&quot;:&quot;&quot;,&quot;created_timestamp&quot;:&quot;0&quot;,&quot;copyright&quot;:&quot;&quot;,&quot;focal_length&quot;:&quot;0&quot;,&quot;iso&quot;:&quot;0&quot;,&quot;shutter_speed&quot;:&quot;0&quot;,&quot;title&quot;:&quot;&quot;,&quot;orientation&quot;:&quot;0&quot;}\" data-image-title=\"Kicillof-Mancini\" data-image-description=\"\" data-image-caption=\"\" data-large-file=\"https:\/\/www.hoymercedes.com.ar\/principal\/wp-content\/uploads\/2022\/07\/Kicillof-Mancini-1024x682.jpeg\" src=\"https:\/\/www.hoymercedes.com.ar\/principal\/wp-content\/uploads\/2022\/07\/Kicillof-Mancini-1024x682.jpeg\" alt=\"\" class=\"wp-image-150461\" srcset=\"https:\/\/www.hoymercedes.com.ar\/principal\/wp-content\/uploads\/2022\/07\/Kicillof-Mancini-1024x682.jpeg 1024w, https:\/\/www.hoymercedes.com.ar\/principal\/wp-content\/uploads\/2022\/07\/Kicillof-Mancini-630x420.jpeg 630w, https:\/\/www.hoymercedes.com.ar\/principal\/wp-content\/uploads\/2022\/07\/Kicillof-Mancini-150x100.jpeg 150w, https:\/\/www.hoymercedes.com.ar\/principal\/wp-content\/uploads\/2022\/07\/Kicillof-Mancini-700x465.jpeg 700w, https:\/\/www.hoymercedes.com.ar\/principal\/wp-content\/uploads\/2022\/07\/Kicillof-Mancini.jpeg 1280w\" sizes=\"auto, (max-width: 1024px) 100vw, 1024px\" \/><\/figure>\n\n\n\n<p>El gobernador de la provincia de Buenos Aires, Axel Kicillof, visit\u00f3 este martes el Parque Industrial de Suipacha, donde convers\u00f3 con empresarios y trabajadores vinculados a la metalurgia y al sector agropecuario. Adem\u00e1s, se acerc\u00f3 a un mercado de la zona que alcanz\u00f3 cifras r\u00e9cord de ventas a partir de la implementaci\u00f3n de la billetera virtual Cuenta DNI, y recorri\u00f3 los avances de las obras de construcci\u00f3n de un Centro de Atenci\u00f3n Primaria de la Salud (CAPS).<\/p>\n\n\n\n<p><br>La visita estuvo coordinada por el concejal del Frente Todos Juan Luis Mancini, pero de la misma tambi\u00e9n particip\u00f3 el intendente de Cambiemos Alejandro Federico. Participaron de las actividades la ministra de Gobierno, Cristina \u00c1lvarez Rodr\u00edguez; los ministros de Producci\u00f3n, Ciencia e Innovaci\u00f3n Tecnol\u00f3gica, Augusto Costa; y de Infraestructura y Servicios P\u00fablicos, Leonardo Nardini; el jefe de Asesores del Gobernador, Carlos Bianco y el presidente del Banco Provincia, Juan Cuattromo. Adem\u00e1s acompa\u00f1aron el director provincial de Desarrollo Territorial y Pymes, Ariel Aguilar y tambi\u00e9n los concejales Walter Gallo y Juan Antonio Ins\u00faa; y la concejala Mar\u00eda Bel\u00e9n Morales.<\/p>\n\n\n\n<p><br>En ese marco, Kicillof destac\u00f3 \u201cla fuerza que tienen las y los empresarios de peque\u00f1as y medianas empresas de la provincia de Buenos Aires, que hoy vuelven a contar con incentivos para producir y herramientas para financiarse y seguir creciendo\u201d.<br>\u201cMuchas de estas compa\u00f1\u00edas son empresas familiares que necesitan de instrumentos y condiciones que apuntalen la demanda y el crecimiento de la actividad\u201d, sostuvo el Gobernador, al tiempo que valor\u00f3 que \u201cnuestra prioridad est\u00e1 en la producci\u00f3n, porque cuando estas empresas se expanden, se genera un c\u00edrculo virtuoso que beneficia al municipio, a la provincia y a toda la Argentina\u201d.<\/p>\n\n\n\n<p><br>Las autoridades visitaron las sedes de Tanke SA, uno de los principales fabricantes de tapas de acceso de acero que, a partir de un cr\u00e9dito avalado por el Fondo de Garant\u00edas Buenos Aires (FOGABA) incorpor\u00f3 este a\u00f1o una m\u00e1quina de corte por l\u00e1ser; de Oro Verde SA, firma que se enfoca en el comercio exterior de productos originados en la zona; y de DPA INOX Metalurgia, una compa\u00f1\u00eda familiar que se dedica a la fabricaci\u00f3n de tanques y la producci\u00f3n de chasis, acoplados y semirremolques para el transporte de alimentos.<\/p>\n\n\n\n<p><br>\u201cQueremos agradecer la llegada del gobernador a la ciudad y todo lo que est\u00e1 haciendo por Suipacha. Es importante resaltar lo palpable que es el impacto positivo que tuvo en la comunidad la gesti\u00f3n del gobernador Kicillof en Suipacha. Pymes industriales y productores agropecuarios hoy tienen cr\u00e9dito accesible para aumentar y maximizar su producci\u00f3n gracias a un Banco Provincia que dej\u00f3 de ser un instrumento de especulaci\u00f3n financiera y es hoy un instrumento de fomento a la producci\u00f3n y al empleo. La Cuenta DNI dinamiz\u00f3 la econom\u00eda local, beneficia a la mayor\u00eda de los hogares de Suipacha y los comercios. Y en salud, la gesti\u00f3n eficiente con el plan de vacunaci\u00f3n y la asistencia sanitaria de la provincia permiti\u00f3 amortiguar la pandemia. Hoy, como en 50 municipios bonaerenses, la provincia ampl\u00eda la infraestructura sanitaria, con la construcci\u00f3n de un CAPS que va a beneficiar a toda la comunidad\u201d, expres\u00f3 su benepl\u00e1cito por la llegada del gobernador, el concejal Mancini.<\/p>\n\n\n\n<p>Asimismo, las autoridades se acercaron al mercado Mini Avenida II, que alcanz\u00f3 r\u00e9cord de ventas tras la puesta en marcha de Cuenta DNI, la billetera virtual del Banco Provincia que permite realizar m\u00faltiples operaciones de forma gratuita. En Suipacha ya se realizaron m\u00e1s de 20.600 transacciones desde la aplicaci\u00f3n, por un monto superior a los 47,9 millones de pesos.<\/p>\n\n\n\n<p><br>Por \u00faltimo, el mandatario bonaerense recorri\u00f3 los avances de las obras de construcci\u00f3n de un CAPS en el barrio Renacimiento. A partir de una inversi\u00f3n de 73 millones de pesos, servir\u00e1 para descentralizar el Hospital Municipal en beneficio de m\u00e1s de 11 mil vecinos y vecinas de la zona, contando con seis consultorios, sala de enfermer\u00eda y vacunatorio.<\/p>\n","protected":false},"excerpt":{"rendered":"<p>Gobernador Kicillof recorri\u00f3 Suipacha junto a Luis Mancini y el intendente.<\/p>\n","protected":false},"author":1,"featured_media":150461,"comment_status":"closed","ping_status":"open","sticky":false,"template":"","format":"standard","meta":{"_monsterinsights_skip_tracking":false,"_monsterinsights_sitenote_active":false,"_monsterinsights_sitenote_note":"","_monsterinsights_sitenote_category":0,"jetpack_post_was_ever_published":false,"_jetpack_newsletter_access":"","_jetpack_dont_email_post_to_subs":false,"_jetpack_newsletter_tier_id":0,"_jetpack_memberships_contains_paywalled_content":false,"_jetpack_memberships_contains_paid_content":false,"footnotes":"","jetpack_publicize_message":"","jetpack_publicize_feature_enabled":true,"jetpack_social_post_already_shared":true,"jetpack_social_options":{"image_generator_settings":{"template":"highway","default_image_id":0,"font":"","enabled":false},"version":2},"_wpas_customize_per_network":false},"categories":[5],"tags":[16581,559],"class_list":["post-150460","post","type-post","status-publish","format-standard","has-post-thumbnail","hentry","category-politica","tag-kicillof","tag-suipacha","generate-columns","tablet-grid-50","mobile-grid-100","grid-parent","grid-50"],"jetpack_publicize_connections":[],"jetpack_featured_media_url":"https:\/\/www.hoymercedes.com.ar\/principal\/wp-content\/uploads\/2022\/07\/Kicillof-Mancini.jpeg","wps_subtitle":"","jetpack_sharing_enabled":true,"_links":{"self":[{"href":"https:\/\/www.hoymercedes.com.ar\/principal\/wp-json\/wp\/v2\/posts\/150460","targetHints":{"allow":["GET"]}}],"collection":[{"href":"https:\/\/www.hoymercedes.com.ar\/principal\/wp-json\/wp\/v2\/posts"}],"about":[{"href":"https:\/\/www.hoymercedes.com.ar\/principal\/wp-json\/wp\/v2\/types\/post"}],"author":[{"embeddable":true,"href":"https:\/\/www.hoymercedes.com.ar\/principal\/wp-json\/wp\/v2\/users\/1"}],"replies":[{"embeddable":true,"href":"https:\/\/www.hoymercedes.com.ar\/principal\/wp-json\/wp\/v2\/comments?post=150460"}],"version-history":[{"count":0,"href":"https:\/\/www.hoymercedes.com.ar\/principal\/wp-json\/wp\/v2\/posts\/150460\/revisions"}],"wp:featuredmedia":[{"embeddable":true,"href":"https:\/\/www.hoymercedes.com.ar\/principal\/wp-json\/wp\/v2\/media\/150461"}],"wp:attachment":[{"href":"https:\/\/www.hoymercedes.com.ar\/principal\/wp-json\/wp\/v2\/media?parent=150460"}],"wp:term":[{"taxonomy":"category","embeddable":true,"href":"https:\/\/www.hoymercedes.com.ar\/principal\/wp-json\/wp\/v2\/categories?post=150460"},{"taxonomy":"post_tag","embeddable":true,"href":"https:\/\/www.hoymercedes.com.ar\/principal\/wp-json\/wp\/v2\/tags?post=150460"}],"curies":[{"name":"wp","href":"https:\/\/api.w.org\/{rel}","templated":true}]}}