{"id":150493,"date":"2022-07-09T11:18:00","date_gmt":"2022-07-09T14:18:00","guid":{"rendered":"https:\/\/www.hoymercedes.com.ar\/principal\/?p=150493"},"modified":"2022-07-09T14:41:20","modified_gmt":"2022-07-09T17:41:20","slug":"se-presento-una-nueva-edicion-del-paseo-del-vino","status":"publish","type":"post","link":"https:\/\/www.hoymercedes.com.ar\/principal\/2022\/07\/09\/se-presento-una-nueva-edicion-del-paseo-del-vino\/","title":{"rendered":"Se present\u00f3 una nueva edici\u00f3n del Paseo del Vino"},"content":{"rendered":"\n<p>Por Prensa Municipal &#8211; El&nbsp;15 y 16 de julio vuelve el Paseo del Vino a nuestra ciudad, una iniciativa en conjunto entre el Municipio de Mercedes, vinotecas y espacios gastron\u00f3micos de la ciudad. En esta segunda edici\u00f3n se har\u00e1 la presentaci\u00f3n de 35 bodegas y 9 comercios gastron\u00f3micos. Habr\u00e1 dos escenarios, uno dentro del teatro \u201cJulio C\u00e9sar Gioscio\u201d y otro en Plaza San Mart\u00edn. Adem\u00e1s, hay una importante propuesta solidaria en beneficio del Hogar Granja Arco Iris. &nbsp;<\/p>\n\n\n<div class=\"wp-block-image\">\n<figure class=\"aligncenter size-full\"><img loading=\"lazy\" decoding=\"async\" width=\"800\" height=\"453\" data-attachment-id=\"150495\" data-permalink=\"https:\/\/www.hoymercedes.com.ar\/principal\/2022\/07\/09\/se-presento-una-nueva-edicion-del-paseo-del-vino\/1-38\/#main\" data-orig-file=\"https:\/\/www.hoymercedes.com.ar\/principal\/wp-content\/uploads\/2022\/07\/1.jpg\" data-orig-size=\"800,453\" data-comments-opened=\"0\" data-image-meta=\"{&quot;aperture&quot;:&quot;0&quot;,&quot;credit&quot;:&quot;&quot;,&quot;camera&quot;:&quot;&quot;,&quot;caption&quot;:&quot;&quot;,&quot;created_timestamp&quot;:&quot;1657376376&quot;,&quot;copyright&quot;:&quot;&quot;,&quot;focal_length&quot;:&quot;0&quot;,&quot;iso&quot;:&quot;0&quot;,&quot;shutter_speed&quot;:&quot;0&quot;,&quot;title&quot;:&quot;&quot;,&quot;orientation&quot;:&quot;1&quot;}\" data-image-title=\"1\" data-image-description=\"\" data-image-caption=\"\" data-large-file=\"https:\/\/www.hoymercedes.com.ar\/principal\/wp-content\/uploads\/2022\/07\/1.jpg\" src=\"https:\/\/www.hoymercedes.com.ar\/principal\/wp-content\/uploads\/2022\/07\/1.jpg\" alt=\"\" class=\"wp-image-150495\" srcset=\"https:\/\/www.hoymercedes.com.ar\/principal\/wp-content\/uploads\/2022\/07\/1.jpg 800w, https:\/\/www.hoymercedes.com.ar\/principal\/wp-content\/uploads\/2022\/07\/1-630x357.jpg 630w, https:\/\/www.hoymercedes.com.ar\/principal\/wp-content\/uploads\/2022\/07\/1-150x85.jpg 150w\" sizes=\"auto, (max-width: 800px) 100vw, 800px\" \/><\/figure>\n<\/div>\n\n\n<p><strong>Encuentro &nbsp;<\/strong><\/p>\n\n\n\n<p>El intendente Juan Ignacio Ustarroz manifest\u00f3 \u201cpoder ver este gran c\u00edrculo humano que representa a comerciantes, instituciones, prestadores tur\u00edsticos, representantes de la cultura, medios de comunicaci\u00f3n, que representa la unidad, esperanza de un pueblo. Nos pone muy felices. Este evento, como cada uno que se hace, siempre es una oportunidad para dar a conocer a nuestra ciudad y que tiene tanto para dar\u201d. &nbsp;<\/p>\n\n\n\n<p><strong>Invitaci\u00f3n &nbsp;<\/strong><\/p>\n\n\n\n<p>En este sentido, Ustarroz se\u00f1al\u00f3 \u201cporque ac\u00e1 cada quien va a poner su granito de arena para que la gente venga a disfrutar de una fiesta que adem\u00e1s genera trabajo\u201d y agreg\u00f3 \u201cque esto es importante porque todos sabemos que debemos generar las condiciones para poder brindar trabajo, y esto se puede hacer a trav\u00e9s de la gran cantidad de cosas que Mercedes tiene para mostrar\u201d. &nbsp;<\/p>\n\n\n\n<p>Y remarc\u00f3 que estamos \u201cmuy contentos con esta iniciativa, felicitar a todos los que est\u00e1n haciendo posible esto, sobre la base de una idea que se est\u00e1 llevando adelante gracias a la colaboraci\u00f3n y el trabajo de todos, municipio, locales, instituciones, a trav\u00e9s de una unidad muy bien lograda\u201d remarc\u00f3 el intendente Ustarroz.&nbsp;&nbsp;&nbsp;&nbsp;&nbsp;&nbsp;<\/p>\n\n\n\n<p><strong>Colaborativo &nbsp;<\/strong><\/p>\n\n\n\n<p>Mart\u00edn Boragno, director de turismo municipal pidi\u00f3 \u201cun gran aplauso a todos los que son parte de esta nueva edici\u00f3n del Paseo del Vino, donde en este nuevo formato y estructura se nos suscitan muchas expectativas e ilusiones\u201d.&nbsp;&nbsp;&nbsp;&nbsp;<\/p>\n\n\n\n<p><strong>Prestadores &nbsp;<\/strong><\/p>\n\n\n\n<p>Juan de la vinoteca P\u00e1ramo dijo \u201cquiero agradecer a todos los que nos est\u00e1n ayudando, en la primera edici\u00f3n hubo una gran repercusi\u00f3n y esperamos que vuelva a suceder lo mismo, generando un evento que perdure en el tiempo y deje conforme a todas las partes\u201d. &nbsp;<\/p>\n\n\n\n<p><strong>LaMaLoKo &nbsp;<\/strong><\/p>\n\n\n\n<p>Gustavo Corralez, empresario gastron\u00f3mico y desde donde se realiz\u00f3 la presentaci\u00f3n indic\u00f3 \u201cMercedes tiene la particularidad de poder estar cerca de la familia y bajar el ritmo que tienen las ciudades m\u00e1s grandes, es una muy linda ciudad, y todo ello nos gust\u00f3 mucho. Agradecidos con todos y por poder ser parte de esta nueva fiesta\u201d.&nbsp;&nbsp;&nbsp;&nbsp;&nbsp;<\/p>\n\n\n<div class=\"wp-block-image\">\n<figure class=\"aligncenter size-full\"><img loading=\"lazy\" decoding=\"async\" width=\"800\" height=\"534\" data-attachment-id=\"150494\" data-permalink=\"https:\/\/www.hoymercedes.com.ar\/principal\/2022\/07\/09\/se-presento-una-nueva-edicion-del-paseo-del-vino\/3-30\/#main\" data-orig-file=\"https:\/\/www.hoymercedes.com.ar\/principal\/wp-content\/uploads\/2022\/07\/3.jpg\" data-orig-size=\"800,534\" data-comments-opened=\"0\" data-image-meta=\"{&quot;aperture&quot;:&quot;0&quot;,&quot;credit&quot;:&quot;&quot;,&quot;camera&quot;:&quot;&quot;,&quot;caption&quot;:&quot;&quot;,&quot;created_timestamp&quot;:&quot;1657376368&quot;,&quot;copyright&quot;:&quot;&quot;,&quot;focal_length&quot;:&quot;0&quot;,&quot;iso&quot;:&quot;0&quot;,&quot;shutter_speed&quot;:&quot;0&quot;,&quot;title&quot;:&quot;&quot;,&quot;orientation&quot;:&quot;1&quot;}\" data-image-title=\"3\" data-image-description=\"\" data-image-caption=\"\" data-large-file=\"https:\/\/www.hoymercedes.com.ar\/principal\/wp-content\/uploads\/2022\/07\/3.jpg\" src=\"https:\/\/www.hoymercedes.com.ar\/principal\/wp-content\/uploads\/2022\/07\/3.jpg\" alt=\"\" class=\"wp-image-150494\" srcset=\"https:\/\/www.hoymercedes.com.ar\/principal\/wp-content\/uploads\/2022\/07\/3.jpg 800w, https:\/\/www.hoymercedes.com.ar\/principal\/wp-content\/uploads\/2022\/07\/3-630x421.jpg 630w, https:\/\/www.hoymercedes.com.ar\/principal\/wp-content\/uploads\/2022\/07\/3-150x100.jpg 150w\" sizes=\"auto, (max-width: 800px) 100vw, 800px\" \/><\/figure>\n<\/div>\n\n\n<p><strong>Solidaridad &nbsp;<\/strong><\/p>\n\n\n\n<p>Dentro de esta nueva edici\u00f3n est\u00e1 la acci\u00f3n solidaria, por lo que se impulsa la \u201cCopa Solidaria\u201d en beneficio del Hogar Granja Arco Iris, por lo que desde la entidad se cont\u00f3 \u201cestamos muy contentos de participar de este evento tan importante que nos propusieron de la Copa Solidaria que se vender\u00eda al valor de 2 mil pesos donde lo recaudado ser\u00e1 para cumplir el sue\u00f1o de poder terminar nuestra nueva casa que ser\u00e1 un el Hogar Granja Arco Iris, porque hoy por hoy, somos Centro de D\u00eda\u201d.&nbsp;&nbsp;&nbsp;&nbsp;<\/p>\n\n\n\n<p>Tambi\u00e9n estuvo presente la directora de relaciones institucionales, Mariana San Mart\u00edn, quien expres\u00f3 \u201cdesde el trabajo mancomunado es que surgi\u00f3 esta idea de poder incluir en este evento una acci\u00f3n solidaria, por lo que nos fuimos reuniendo con las distintas instituciones para que tengan sus Boucher de las copas solidarias, mismas que deben comprarse con anterioridad, y que lo recaudado es para cada una de ellas\u201d y a\u00f1adi\u00f3 \u201ccon la compra de esta copa, adem\u00e1s, se participa de un sorteo por un viaje a Mar de las Pampas\u201d. &nbsp;<\/p>\n","protected":false},"excerpt":{"rendered":"<p>Se present\u00f3 una nueva edici\u00f3n del Paseo del Vino  <\/p>\n","protected":false},"author":1,"featured_media":150495,"comment_status":"closed","ping_status":"open","sticky":false,"template":"","format":"standard","meta":{"_monsterinsights_skip_tracking":false,"_monsterinsights_sitenote_active":false,"_monsterinsights_sitenote_note":"","_monsterinsights_sitenote_category":0,"jetpack_post_was_ever_published":false,"_jetpack_newsletter_access":"","_jetpack_dont_email_post_to_subs":false,"_jetpack_newsletter_tier_id":0,"_jetpack_memberships_contains_paywalled_content":false,"_jetpack_memberships_contains_paid_content":false,"footnotes":"","jetpack_publicize_message":"","jetpack_publicize_feature_enabled":true,"jetpack_social_post_already_shared":true,"jetpack_social_options":{"image_generator_settings":{"template":"highway","default_image_id":0,"font":"","enabled":false},"version":2},"_wpas_customize_per_network":false},"categories":[30],"tags":[244],"class_list":["post-150493","post","type-post","status-publish","format-standard","has-post-thumbnail","hentry","category-municipio","tag-municipio-2","generate-columns","tablet-grid-50","mobile-grid-100","grid-parent","grid-50"],"jetpack_publicize_connections":[],"jetpack_featured_media_url":"https:\/\/www.hoymercedes.com.ar\/principal\/wp-content\/uploads\/2022\/07\/1.jpg","wps_subtitle":"","jetpack_sharing_enabled":true,"_links":{"self":[{"href":"https:\/\/www.hoymercedes.com.ar\/principal\/wp-json\/wp\/v2\/posts\/150493","targetHints":{"allow":["GET"]}}],"collection":[{"href":"https:\/\/www.hoymercedes.com.ar\/principal\/wp-json\/wp\/v2\/posts"}],"about":[{"href":"https:\/\/www.hoymercedes.com.ar\/principal\/wp-json\/wp\/v2\/types\/post"}],"author":[{"embeddable":true,"href":"https:\/\/www.hoymercedes.com.ar\/principal\/wp-json\/wp\/v2\/users\/1"}],"replies":[{"embeddable":true,"href":"https:\/\/www.hoymercedes.com.ar\/principal\/wp-json\/wp\/v2\/comments?post=150493"}],"version-history":[{"count":0,"href":"https:\/\/www.hoymercedes.com.ar\/principal\/wp-json\/wp\/v2\/posts\/150493\/revisions"}],"wp:featuredmedia":[{"embeddable":true,"href":"https:\/\/www.hoymercedes.com.ar\/principal\/wp-json\/wp\/v2\/media\/150495"}],"wp:attachment":[{"href":"https:\/\/www.hoymercedes.com.ar\/principal\/wp-json\/wp\/v2\/media?parent=150493"}],"wp:term":[{"taxonomy":"category","embeddable":true,"href":"https:\/\/www.hoymercedes.com.ar\/principal\/wp-json\/wp\/v2\/categories?post=150493"},{"taxonomy":"post_tag","embeddable":true,"href":"https:\/\/www.hoymercedes.com.ar\/principal\/wp-json\/wp\/v2\/tags?post=150493"}],"curies":[{"name":"wp","href":"https:\/\/api.w.org\/{rel}","templated":true}]}}