{"id":150501,"date":"2022-07-09T15:00:58","date_gmt":"2022-07-09T18:00:58","guid":{"rendered":"https:\/\/www.hoymercedes.com.ar\/principal\/?p=150501"},"modified":"2022-07-09T15:01:02","modified_gmt":"2022-07-09T18:01:02","slug":"despiste-en-la-ruta-5","status":"publish","type":"post","link":"https:\/\/www.hoymercedes.com.ar\/principal\/2022\/07\/09\/despiste-en-la-ruta-5\/","title":{"rendered":"Despiste en la Ruta 5"},"content":{"rendered":"\n<p>Minutos antes de las 7 de la ma\u00f1ana de este s\u00e1bado, se produjo el despiste de un autom\u00f3vil sobre el trazado de la ruta 5 , esta vez a la altura del kil\u00f3metro 133, jurisdicci\u00f3n del partido de Suipacha.<\/p>\n\n\n<div class=\"wp-block-image\">\n<figure class=\"aligncenter size-full\"><img loading=\"lazy\" decoding=\"async\" width=\"630\" height=\"420\" data-attachment-id=\"150503\" data-permalink=\"https:\/\/www.hoymercedes.com.ar\/principal\/2022\/07\/09\/despiste-en-la-ruta-5\/despiste-ruta5\/#main\" data-orig-file=\"https:\/\/www.hoymercedes.com.ar\/principal\/wp-content\/uploads\/2022\/07\/despiste-ruta5.jpg\" data-orig-size=\"630,420\" data-comments-opened=\"0\" data-image-meta=\"{&quot;aperture&quot;:&quot;0&quot;,&quot;credit&quot;:&quot;&quot;,&quot;camera&quot;:&quot;&quot;,&quot;caption&quot;:&quot;&quot;,&quot;created_timestamp&quot;:&quot;1657378486&quot;,&quot;copyright&quot;:&quot;&quot;,&quot;focal_length&quot;:&quot;0&quot;,&quot;iso&quot;:&quot;0&quot;,&quot;shutter_speed&quot;:&quot;0&quot;,&quot;title&quot;:&quot;&quot;,&quot;orientation&quot;:&quot;1&quot;}\" data-image-title=\"despiste ruta5\" data-image-description=\"\" data-image-caption=\"\" data-large-file=\"https:\/\/www.hoymercedes.com.ar\/principal\/wp-content\/uploads\/2022\/07\/despiste-ruta5.jpg\" src=\"https:\/\/www.hoymercedes.com.ar\/principal\/wp-content\/uploads\/2022\/07\/despiste-ruta5.jpg\" alt=\"\" class=\"wp-image-150503\" srcset=\"https:\/\/www.hoymercedes.com.ar\/principal\/wp-content\/uploads\/2022\/07\/despiste-ruta5.jpg 630w, https:\/\/www.hoymercedes.com.ar\/principal\/wp-content\/uploads\/2022\/07\/despiste-ruta5-150x100.jpg 150w\" sizes=\"auto, (max-width: 630px) 100vw, 630px\" \/><\/figure>\n<\/div>\n\n\n<p>El siniestro ocurri\u00f3 cuando el conductor de un Renalt Logan , color gris oscuro, que circulaba en sentido Suipacha-Chivilcoy ,para evitar una posible colisi\u00f3n con otro veh\u00edculo que invadi\u00f3 su mano , perdi\u00f3 el control , pas\u00e1ndose a la mano contraria, finalizando contra el alambrado en la zona de pr\u00e9stamo.<\/p>\n\n\n\n<p>En el veh\u00edculo viajaba una familia de 9 de julio , que afortunadamente no recibio lesiones y luego de acondicionar el auto pudieron continuar la marcha en forma normal.<\/p>\n\n\n\n<p>Intervino CPR y Polic\u00eda Comunal<\/p>\n\n\n\n<p>Colaboraci\u00f3n: Jorge Lasala<\/p>\n","protected":false},"excerpt":{"rendered":"<p>Minutos antes de las 7 de la ma\u00f1ana de este s\u00e1bado, se produjo el despiste de un autom\u00f3vil sobre el &#8230; <a title=\"Despiste en la Ruta 5\" class=\"read-more\" href=\"https:\/\/www.hoymercedes.com.ar\/principal\/2022\/07\/09\/despiste-en-la-ruta-5\/\" aria-label=\"Leer m\u00e1s sobre Despiste en la Ruta 5\">Leer m\u00e1s<\/a><\/p>\n","protected":false},"author":1,"featured_media":150503,"comment_status":"closed","ping_status":"open","sticky":false,"template":"","format":"standard","meta":{"_monsterinsights_skip_tracking":false,"_monsterinsights_sitenote_active":false,"_monsterinsights_sitenote_note":"","_monsterinsights_sitenote_category":0,"jetpack_post_was_ever_published":false,"_jetpack_newsletter_access":"","_jetpack_dont_email_post_to_subs":false,"_jetpack_newsletter_tier_id":0,"_jetpack_memberships_contains_paywalled_content":false,"_jetpack_memberships_contains_paid_content":false,"footnotes":"","jetpack_publicize_message":"","jetpack_publicize_feature_enabled":true,"jetpack_social_post_already_shared":true,"jetpack_social_options":{"image_generator_settings":{"template":"highway","default_image_id":0,"font":"","enabled":false},"version":2},"_wpas_customize_per_network":false},"categories":[85],"tags":[],"class_list":["post-150501","post","type-post","status-publish","format-standard","has-post-thumbnail","hentry","category-policial","generate-columns","tablet-grid-50","mobile-grid-100","grid-parent","grid-50"],"jetpack_publicize_connections":[],"jetpack_featured_media_url":"https:\/\/www.hoymercedes.com.ar\/principal\/wp-content\/uploads\/2022\/07\/despiste-ruta5.jpg","wps_subtitle":"","jetpack_sharing_enabled":true,"_links":{"self":[{"href":"https:\/\/www.hoymercedes.com.ar\/principal\/wp-json\/wp\/v2\/posts\/150501","targetHints":{"allow":["GET"]}}],"collection":[{"href":"https:\/\/www.hoymercedes.com.ar\/principal\/wp-json\/wp\/v2\/posts"}],"about":[{"href":"https:\/\/www.hoymercedes.com.ar\/principal\/wp-json\/wp\/v2\/types\/post"}],"author":[{"embeddable":true,"href":"https:\/\/www.hoymercedes.com.ar\/principal\/wp-json\/wp\/v2\/users\/1"}],"replies":[{"embeddable":true,"href":"https:\/\/www.hoymercedes.com.ar\/principal\/wp-json\/wp\/v2\/comments?post=150501"}],"version-history":[{"count":0,"href":"https:\/\/www.hoymercedes.com.ar\/principal\/wp-json\/wp\/v2\/posts\/150501\/revisions"}],"wp:featuredmedia":[{"embeddable":true,"href":"https:\/\/www.hoymercedes.com.ar\/principal\/wp-json\/wp\/v2\/media\/150503"}],"wp:attachment":[{"href":"https:\/\/www.hoymercedes.com.ar\/principal\/wp-json\/wp\/v2\/media?parent=150501"}],"wp:term":[{"taxonomy":"category","embeddable":true,"href":"https:\/\/www.hoymercedes.com.ar\/principal\/wp-json\/wp\/v2\/categories?post=150501"},{"taxonomy":"post_tag","embeddable":true,"href":"https:\/\/www.hoymercedes.com.ar\/principal\/wp-json\/wp\/v2\/tags?post=150501"}],"curies":[{"name":"wp","href":"https:\/\/api.w.org\/{rel}","templated":true}]}}