{"id":150562,"date":"2022-07-10T18:58:20","date_gmt":"2022-07-10T21:58:20","guid":{"rendered":"https:\/\/www.hoymercedes.com.ar\/principal\/?p=150562"},"modified":"2022-07-10T18:58:25","modified_gmt":"2022-07-10T21:58:25","slug":"video-disparos-corridas-heridos-y-violencia-entre-lujan-y-alem","status":"publish","type":"post","link":"https:\/\/www.hoymercedes.com.ar\/principal\/2022\/07\/10\/video-disparos-corridas-heridos-y-violencia-entre-lujan-y-alem\/","title":{"rendered":"Video: disparos, corridas, heridos y violencia entre Luj\u00e1n y Al\u00e9m"},"content":{"rendered":"\n<iframe loading=\"lazy\" src=\"\/\/content.jwplatform.com\/players\/UquMN8vD-cNX7lBwM.html\" width=\"640\" height=\"360\" frameborder=\"0\" scrolling=\"auto\"><\/iframe>\n\n\n\n<p>Mucha tensi\u00f3n y peligro se vivi\u00f3 entre Luj\u00e1n y Al\u00e9m. Hubo piedrazos, disparos, y una reyerta tan grave que dej\u00f3 7 heridos de armas de fuego, uno con estado grave y un adolescente de 16 a\u00f1os de edad que se encuentra en grave estado.<\/p>\n\n\n\n<p>Testimonios dicen que la hinchada de Luj\u00e1n ingres\u00f3 por un sector mientras que la de Alem por otro. Varios dirigentes e hinchas que se habr\u00edan hecho pasar por dirigentes para poder ver el encuentro. Es as\u00ed que, seg\u00fan relatos, los de \u201cLuj\u00e1n maltrataron a los de Alem y \u00e9stos llamaron a otro grupo para dar respuesta\u201d. Se dice que desde un auto blanco surgieron los primeros disparos de fuego.\u00a0<\/p>\n\n\n\n<iframe loading=\"lazy\" src=\"\/\/content.jwplatform.com\/players\/wYCKHe9c-cNX7lBwM.html\" width=\"640\" height=\"360\" frameborder=\"0\" scrolling=\"auto\"><\/iframe>\n\n\n\n<p>Mientras fuera del estadio se generaba esta violencia, dentro del mismo los hinchas de Luj\u00e1n arrojaron una bomba de estruendo contra el banco de suplentes visitantes. Sin heridos, pero generando un peligro importante.<\/p>\n\n\n\n<p>A todo ello, la ambulancia del campo de juego no daba abasto y tuvieron que pedir asistencia a bomberos voluntarios. Algunos heridos fueron trasladados al hospital mientras que otros a la cl\u00ednica G\u00fcemes.<\/p>\n\n\n\n<p>La situaci\u00f3n de gran peligrosidad puso en evidencia el peligro que puede generarse en algunos estadios en partidos del ascenso.<\/p>\n\n\n\n<p>Info: Pablo Carrozza, redes.<\/p>\n","protected":false},"excerpt":{"rendered":"<p>Mucha tensi\u00f3n y peligro se vivi\u00f3 entre Luj\u00e1n y Al\u00e9m. Hubo piedrazos, disparos, y una reyerta tan grave que dej\u00f3 &#8230; <a title=\"Video: disparos, corridas, heridos y violencia entre Luj\u00e1n y Al\u00e9m\" class=\"read-more\" href=\"https:\/\/www.hoymercedes.com.ar\/principal\/2022\/07\/10\/video-disparos-corridas-heridos-y-violencia-entre-lujan-y-alem\/\" aria-label=\"Leer m\u00e1s sobre Video: disparos, corridas, heridos y violencia entre Luj\u00e1n y Al\u00e9m\">Leer m\u00e1s<\/a><\/p>\n","protected":false},"author":1,"featured_media":150563,"comment_status":"closed","ping_status":"open","sticky":false,"template":"","format":"standard","meta":{"_monsterinsights_skip_tracking":false,"_monsterinsights_sitenote_active":false,"_monsterinsights_sitenote_note":"","_monsterinsights_sitenote_category":0,"jetpack_post_was_ever_published":false,"_jetpack_newsletter_access":"","_jetpack_dont_email_post_to_subs":false,"_jetpack_newsletter_tier_id":0,"_jetpack_memberships_contains_paywalled_content":false,"_jetpack_memberships_contains_paid_content":false,"footnotes":"","jetpack_publicize_message":"","jetpack_publicize_feature_enabled":true,"jetpack_social_post_already_shared":true,"jetpack_social_options":{"image_generator_settings":{"template":"highway","default_image_id":0,"font":"","enabled":false},"version":2},"_wpas_customize_per_network":false},"categories":[21],"tags":[18418],"class_list":["post-150562","post","type-post","status-publish","format-standard","has-post-thumbnail","hentry","category-deportes","tag-pelea-alem-vs-lujan","generate-columns","tablet-grid-50","mobile-grid-100","grid-parent","grid-50"],"jetpack_publicize_connections":[],"jetpack_featured_media_url":"https:\/\/www.hoymercedes.com.ar\/principal\/wp-content\/uploads\/2022\/07\/violenciaenascenso.jpg","wps_subtitle":"","jetpack_sharing_enabled":true,"_links":{"self":[{"href":"https:\/\/www.hoymercedes.com.ar\/principal\/wp-json\/wp\/v2\/posts\/150562","targetHints":{"allow":["GET"]}}],"collection":[{"href":"https:\/\/www.hoymercedes.com.ar\/principal\/wp-json\/wp\/v2\/posts"}],"about":[{"href":"https:\/\/www.hoymercedes.com.ar\/principal\/wp-json\/wp\/v2\/types\/post"}],"author":[{"embeddable":true,"href":"https:\/\/www.hoymercedes.com.ar\/principal\/wp-json\/wp\/v2\/users\/1"}],"replies":[{"embeddable":true,"href":"https:\/\/www.hoymercedes.com.ar\/principal\/wp-json\/wp\/v2\/comments?post=150562"}],"version-history":[{"count":0,"href":"https:\/\/www.hoymercedes.com.ar\/principal\/wp-json\/wp\/v2\/posts\/150562\/revisions"}],"wp:featuredmedia":[{"embeddable":true,"href":"https:\/\/www.hoymercedes.com.ar\/principal\/wp-json\/wp\/v2\/media\/150563"}],"wp:attachment":[{"href":"https:\/\/www.hoymercedes.com.ar\/principal\/wp-json\/wp\/v2\/media?parent=150562"}],"wp:term":[{"taxonomy":"category","embeddable":true,"href":"https:\/\/www.hoymercedes.com.ar\/principal\/wp-json\/wp\/v2\/categories?post=150562"},{"taxonomy":"post_tag","embeddable":true,"href":"https:\/\/www.hoymercedes.com.ar\/principal\/wp-json\/wp\/v2\/tags?post=150562"}],"curies":[{"name":"wp","href":"https:\/\/api.w.org\/{rel}","templated":true}]}}