{"id":150590,"date":"2022-07-11T10:18:56","date_gmt":"2022-07-11T13:18:56","guid":{"rendered":"https:\/\/www.hoymercedes.com.ar\/principal\/?p=150590"},"modified":"2022-07-11T15:58:07","modified_gmt":"2022-07-11T18:58:07","slug":"murio-hincha-de-lujan-en-los-impresionantes-ataques-de-hinchadas","status":"publish","type":"post","link":"https:\/\/www.hoymercedes.com.ar\/principal\/2022\/07\/11\/murio-hincha-de-lujan-en-los-impresionantes-ataques-de-hinchadas\/","title":{"rendered":"Muri\u00f3 hincha de Luj\u00e1n en los impresionantes ataques de hinchadas"},"content":{"rendered":"\n<p>Tras los grav\u00edsimos incidentes con 7 heridos de arma de fuego y uno en estado de gravedad vividos en Luj\u00e1n. Finalmente se conoci\u00f3 que un joven de 18 a\u00f1os falleci\u00f3 en la vecina localidad. Se trata de Joaqu\u00edn Coronel quien recibi\u00f3 un disparo de un arma 9 mm debajo de la caja tor\u00e1xica, sobre su lado derecho, en el cruce de hinchadas entre Al\u00e9m y Luj\u00e1n. El partido fue suspendido. Un polic\u00eda tambi\u00e9n perdi\u00f3 uno de sus o\u00eddos en la violenvia. <\/p>\n\n\n\n<p>El joven hab\u00eda sido de los primeros en recibir atenci\u00f3n, pero claramente las heridas de gravedad fueron m\u00e1s fuertes que la lucha por su vida y ahora lamentamos la p\u00e9rdida de su vida.<\/p>\n\n\n\n<p>Si quer\u00e9s saber m\u00e1s del tema podes leerlo aca: <a href=\"https:\/\/www.hoymercedes.com.ar\/principal\/2022\/07\/10\/video-disparos-corridas-heridos-y-violencia-entre-lujan-y-alem\/\" data-type=\"post\" data-id=\"150562\"><strong>Video: disparos, corridas, heridos y violencia entre Luj\u00e1n y Al\u00e9m<\/strong><\/a><\/p>\n","protected":false},"excerpt":{"rendered":"<p>Tras los grav\u00edsimos incidentes con 7 heridos de arma de fuego y uno en estado de gravedad vividos en Luj\u00e1n. &#8230; <a title=\"Muri\u00f3 hincha de Luj\u00e1n en los impresionantes ataques de hinchadas\" class=\"read-more\" href=\"https:\/\/www.hoymercedes.com.ar\/principal\/2022\/07\/11\/murio-hincha-de-lujan-en-los-impresionantes-ataques-de-hinchadas\/\" aria-label=\"Leer m\u00e1s sobre Muri\u00f3 hincha de Luj\u00e1n en los impresionantes ataques de hinchadas\">Leer m\u00e1s<\/a><\/p>\n","protected":false},"author":1,"featured_media":150591,"comment_status":"closed","ping_status":"open","sticky":false,"template":"","format":"standard","meta":{"_monsterinsights_skip_tracking":false,"_monsterinsights_sitenote_active":false,"_monsterinsights_sitenote_note":"","_monsterinsights_sitenote_category":0,"jetpack_post_was_ever_published":false,"_jetpack_newsletter_access":"","_jetpack_dont_email_post_to_subs":false,"_jetpack_newsletter_tier_id":0,"_jetpack_memberships_contains_paywalled_content":false,"_jetpack_memberships_contains_paid_content":false,"footnotes":"","jetpack_publicize_message":"","jetpack_publicize_feature_enabled":true,"jetpack_social_post_already_shared":true,"jetpack_social_options":{"image_generator_settings":{"template":"highway","default_image_id":0,"font":"","enabled":false},"version":2},"_wpas_customize_per_network":false},"categories":[85],"tags":[18419],"class_list":["post-150590","post","type-post","status-publish","format-standard","has-post-thumbnail","hentry","category-policial","tag-violencia-en-el-futbol","generate-columns","tablet-grid-50","mobile-grid-100","grid-parent","grid-50"],"jetpack_publicize_connections":[],"jetpack_featured_media_url":"https:\/\/www.hoymercedes.com.ar\/principal\/wp-content\/uploads\/2022\/07\/hincha-coronel-lujan.jpg","wps_subtitle":"Violencia en el f\u00fatbol","jetpack_sharing_enabled":true,"_links":{"self":[{"href":"https:\/\/www.hoymercedes.com.ar\/principal\/wp-json\/wp\/v2\/posts\/150590","targetHints":{"allow":["GET"]}}],"collection":[{"href":"https:\/\/www.hoymercedes.com.ar\/principal\/wp-json\/wp\/v2\/posts"}],"about":[{"href":"https:\/\/www.hoymercedes.com.ar\/principal\/wp-json\/wp\/v2\/types\/post"}],"author":[{"embeddable":true,"href":"https:\/\/www.hoymercedes.com.ar\/principal\/wp-json\/wp\/v2\/users\/1"}],"replies":[{"embeddable":true,"href":"https:\/\/www.hoymercedes.com.ar\/principal\/wp-json\/wp\/v2\/comments?post=150590"}],"version-history":[{"count":0,"href":"https:\/\/www.hoymercedes.com.ar\/principal\/wp-json\/wp\/v2\/posts\/150590\/revisions"}],"wp:featuredmedia":[{"embeddable":true,"href":"https:\/\/www.hoymercedes.com.ar\/principal\/wp-json\/wp\/v2\/media\/150591"}],"wp:attachment":[{"href":"https:\/\/www.hoymercedes.com.ar\/principal\/wp-json\/wp\/v2\/media?parent=150590"}],"wp:term":[{"taxonomy":"category","embeddable":true,"href":"https:\/\/www.hoymercedes.com.ar\/principal\/wp-json\/wp\/v2\/categories?post=150590"},{"taxonomy":"post_tag","embeddable":true,"href":"https:\/\/www.hoymercedes.com.ar\/principal\/wp-json\/wp\/v2\/tags?post=150590"}],"curies":[{"name":"wp","href":"https:\/\/api.w.org\/{rel}","templated":true}]}}