{"id":150631,"date":"2022-07-11T20:58:39","date_gmt":"2022-07-11T23:58:39","guid":{"rendered":"https:\/\/www.hoymercedes.com.ar\/principal\/?p=150631"},"modified":"2022-07-11T21:06:29","modified_gmt":"2022-07-12T00:06:29","slug":"policia-comunal-asiste-a-nino-y-salgan-su-vida","status":"publish","type":"post","link":"https:\/\/www.hoymercedes.com.ar\/principal\/2022\/07\/11\/policia-comunal-asiste-a-nino-y-salgan-su-vida\/","title":{"rendered":"Polic\u00eda Comunal asiste a ni\u00f1o y salvan su vida"},"content":{"rendered":"\n<figure class=\"wp-block-image size-large\"><img loading=\"lazy\" decoding=\"async\" width=\"1024\" height=\"576\" data-attachment-id=\"150632\" data-permalink=\"https:\/\/www.hoymercedes.com.ar\/principal\/2022\/07\/11\/policia-comunal-asiste-a-nino-y-salgan-su-vida\/800-6\/#main\" data-orig-file=\"https:\/\/www.hoymercedes.com.ar\/principal\/wp-content\/uploads\/2022\/07\/800.jpeg\" data-orig-size=\"1280,720\" data-comments-opened=\"0\" data-image-meta=\"{&quot;aperture&quot;:&quot;0&quot;,&quot;credit&quot;:&quot;&quot;,&quot;camera&quot;:&quot;&quot;,&quot;caption&quot;:&quot;&quot;,&quot;created_timestamp&quot;:&quot;0&quot;,&quot;copyright&quot;:&quot;&quot;,&quot;focal_length&quot;:&quot;0&quot;,&quot;iso&quot;:&quot;0&quot;,&quot;shutter_speed&quot;:&quot;0&quot;,&quot;title&quot;:&quot;&quot;,&quot;orientation&quot;:&quot;0&quot;}\" data-image-title=\"800\" data-image-description=\"\" data-image-caption=\"\" data-large-file=\"https:\/\/www.hoymercedes.com.ar\/principal\/wp-content\/uploads\/2022\/07\/800-1024x576.jpeg\" src=\"https:\/\/www.hoymercedes.com.ar\/principal\/wp-content\/uploads\/2022\/07\/800-1024x576.jpeg\" alt=\"\" class=\"wp-image-150632\" srcset=\"https:\/\/www.hoymercedes.com.ar\/principal\/wp-content\/uploads\/2022\/07\/800-1024x576.jpeg 1024w, https:\/\/www.hoymercedes.com.ar\/principal\/wp-content\/uploads\/2022\/07\/800-630x354.jpeg 630w, https:\/\/www.hoymercedes.com.ar\/principal\/wp-content\/uploads\/2022\/07\/800-150x84.jpeg 150w, https:\/\/www.hoymercedes.com.ar\/principal\/wp-content\/uploads\/2022\/07\/800.jpeg 1280w\" sizes=\"auto, (max-width: 1024px) 100vw, 1024px\" \/><\/figure>\n\n\n\n<p>La Polic\u00eda Comunal a cargo del p\u00f3rtico de la Avenida 40 y Ruta N\u00ba41 tuvo un inmediato accionar ante el arribo de una mam\u00e1 con su peque\u00f1o con una compleja emergencia. Los efectivos dieron cuenta de la situaci\u00f3n y activaron un r\u00e1pido operativo de asistencia y movilizaci\u00f3n a toda velocidad hasta el nosocomio local.<\/p>\n\n\n\n<p>Durante la tarde de este domingo una mam\u00e1 arrib\u00f3 con su peque\u00f1o de 4 a\u00f1os de edad hasta el mencionado p\u00f3rtico. Si bien los efectivos solicitan ambulancia, sus conocimientos de primeros auxilios permitieron detectar que la situaci\u00f3n ameritaba la m\u00e1s rauda intervenci\u00f3n.<\/p>\n\n\n\n<figure class=\"wp-block-image size-large\"><img loading=\"lazy\" decoding=\"async\" width=\"1024\" height=\"576\" data-attachment-id=\"150633\" data-permalink=\"https:\/\/www.hoymercedes.com.ar\/principal\/2022\/07\/11\/policia-comunal-asiste-a-nino-y-salgan-su-vida\/801-4\/#main\" data-orig-file=\"https:\/\/www.hoymercedes.com.ar\/principal\/wp-content\/uploads\/2022\/07\/801.jpeg\" data-orig-size=\"1280,720\" data-comments-opened=\"0\" data-image-meta=\"{&quot;aperture&quot;:&quot;0&quot;,&quot;credit&quot;:&quot;&quot;,&quot;camera&quot;:&quot;&quot;,&quot;caption&quot;:&quot;&quot;,&quot;created_timestamp&quot;:&quot;0&quot;,&quot;copyright&quot;:&quot;&quot;,&quot;focal_length&quot;:&quot;0&quot;,&quot;iso&quot;:&quot;0&quot;,&quot;shutter_speed&quot;:&quot;0&quot;,&quot;title&quot;:&quot;&quot;,&quot;orientation&quot;:&quot;0&quot;}\" data-image-title=\"801\" data-image-description=\"\" data-image-caption=\"\" data-large-file=\"https:\/\/www.hoymercedes.com.ar\/principal\/wp-content\/uploads\/2022\/07\/801-1024x576.jpeg\" src=\"https:\/\/www.hoymercedes.com.ar\/principal\/wp-content\/uploads\/2022\/07\/801-1024x576.jpeg\" alt=\"\" class=\"wp-image-150633\" srcset=\"https:\/\/www.hoymercedes.com.ar\/principal\/wp-content\/uploads\/2022\/07\/801-1024x576.jpeg 1024w, https:\/\/www.hoymercedes.com.ar\/principal\/wp-content\/uploads\/2022\/07\/801-630x354.jpeg 630w, https:\/\/www.hoymercedes.com.ar\/principal\/wp-content\/uploads\/2022\/07\/801-150x84.jpeg 150w, https:\/\/www.hoymercedes.com.ar\/principal\/wp-content\/uploads\/2022\/07\/801.jpeg 1280w\" sizes=\"auto, (max-width: 1024px) 100vw, 1024px\" \/><\/figure>\n\n\n\n<p>Inmediatamente emiten una alerta interna que convoca a las unidades de calle, determinan el recorrido a realizar para ir a alta velocidad al Hospital Dubarry y salen hacia all\u00e1. Las unidades de traslado, un patrullero, sali\u00f3 con premura mientras que las dem\u00e1s, a sabiendas de la situaci\u00f3n cr\u00edtica, fueron cortando calles, abriendo camino con sirenas y generando la alerta en el centro de atenci\u00f3n a la salud regional donde fue esperado.<\/p>\n\n\n\n<p>Con el pasar de los minutos se supo que el peque\u00f1o qued\u00f3 en observaci\u00f3n, pero ya fuera de peligro y bajo atenci\u00f3n m\u00e9dica.<\/p>\n\n\n\n<figure class=\"wp-block-image size-large\"><img loading=\"lazy\" decoding=\"async\" width=\"1024\" height=\"576\" data-attachment-id=\"150634\" data-permalink=\"https:\/\/www.hoymercedes.com.ar\/principal\/2022\/07\/11\/policia-comunal-asiste-a-nino-y-salgan-su-vida\/attachment\/802\/#main\" data-orig-file=\"https:\/\/www.hoymercedes.com.ar\/principal\/wp-content\/uploads\/2022\/07\/802.jpeg\" data-orig-size=\"1280,720\" data-comments-opened=\"0\" data-image-meta=\"{&quot;aperture&quot;:&quot;0&quot;,&quot;credit&quot;:&quot;&quot;,&quot;camera&quot;:&quot;&quot;,&quot;caption&quot;:&quot;&quot;,&quot;created_timestamp&quot;:&quot;0&quot;,&quot;copyright&quot;:&quot;&quot;,&quot;focal_length&quot;:&quot;0&quot;,&quot;iso&quot;:&quot;0&quot;,&quot;shutter_speed&quot;:&quot;0&quot;,&quot;title&quot;:&quot;&quot;,&quot;orientation&quot;:&quot;0&quot;}\" data-image-title=\"802\" data-image-description=\"\" data-image-caption=\"\" data-large-file=\"https:\/\/www.hoymercedes.com.ar\/principal\/wp-content\/uploads\/2022\/07\/802-1024x576.jpeg\" src=\"https:\/\/www.hoymercedes.com.ar\/principal\/wp-content\/uploads\/2022\/07\/802-1024x576.jpeg\" alt=\"\" class=\"wp-image-150634\" srcset=\"https:\/\/www.hoymercedes.com.ar\/principal\/wp-content\/uploads\/2022\/07\/802-1024x576.jpeg 1024w, https:\/\/www.hoymercedes.com.ar\/principal\/wp-content\/uploads\/2022\/07\/802-630x354.jpeg 630w, https:\/\/www.hoymercedes.com.ar\/principal\/wp-content\/uploads\/2022\/07\/802-150x84.jpeg 150w, https:\/\/www.hoymercedes.com.ar\/principal\/wp-content\/uploads\/2022\/07\/802.jpeg 1280w\" sizes=\"auto, (max-width: 1024px) 100vw, 1024px\" \/><\/figure>\n\n\n\n<p>\u201cNosotros estamos conmovidos por la situaci\u00f3n y sumamente orgullosos. Han actuado como cada uno de nosotros deseamos lo hagan. No tenemos m\u00e1s que palabras de agradecimiento y felicitaciones para las y los efectivos que con una celeridad encomiable actuaron y dieron respuesta a la vecina. Al peque\u00f1o le deseamos la m\u00e1s pronta de las recuperaciones, que es lo m\u00e1s importante\u201d, dijo Gonzalo Anselmo, secretario de seguridad de la municipalidad.<\/p>\n","protected":false},"excerpt":{"rendered":"<p>La Polic\u00eda Comunal a cargo del p\u00f3rtico de la Avenida 40 y Ruta N\u00ba41 tuvo un inmediato accionar ante el &#8230; <a title=\"Polic\u00eda Comunal asiste a ni\u00f1o y salvan su vida\" class=\"read-more\" href=\"https:\/\/www.hoymercedes.com.ar\/principal\/2022\/07\/11\/policia-comunal-asiste-a-nino-y-salgan-su-vida\/\" aria-label=\"Leer m\u00e1s sobre Polic\u00eda Comunal asiste a ni\u00f1o y salvan su vida\">Leer m\u00e1s<\/a><\/p>\n","protected":false},"author":1,"featured_media":150632,"comment_status":"closed","ping_status":"open","sticky":false,"template":"","format":"standard","meta":{"_monsterinsights_skip_tracking":false,"_monsterinsights_sitenote_active":false,"_monsterinsights_sitenote_note":"","_monsterinsights_sitenote_category":0,"jetpack_post_was_ever_published":false,"_jetpack_newsletter_access":"","_jetpack_dont_email_post_to_subs":false,"_jetpack_newsletter_tier_id":0,"_jetpack_memberships_contains_paywalled_content":false,"_jetpack_memberships_contains_paid_content":false,"footnotes":"","jetpack_publicize_message":"","jetpack_publicize_feature_enabled":true,"jetpack_social_post_already_shared":true,"jetpack_social_options":{"image_generator_settings":{"template":"highway","default_image_id":0,"font":"","enabled":false},"version":2},"_wpas_customize_per_network":false},"categories":[85],"tags":[18420,18421],"class_list":["post-150631","post","type-post","status-publish","format-standard","has-post-thumbnail","hentry","category-policial","tag-policia-asiste-a-nino","tag-policia-comiunal","generate-columns","tablet-grid-50","mobile-grid-100","grid-parent","grid-50"],"jetpack_publicize_connections":[],"jetpack_featured_media_url":"https:\/\/www.hoymercedes.com.ar\/principal\/wp-content\/uploads\/2022\/07\/800.jpeg","wps_subtitle":"R\u00e1pido accionar ","jetpack_sharing_enabled":true,"_links":{"self":[{"href":"https:\/\/www.hoymercedes.com.ar\/principal\/wp-json\/wp\/v2\/posts\/150631","targetHints":{"allow":["GET"]}}],"collection":[{"href":"https:\/\/www.hoymercedes.com.ar\/principal\/wp-json\/wp\/v2\/posts"}],"about":[{"href":"https:\/\/www.hoymercedes.com.ar\/principal\/wp-json\/wp\/v2\/types\/post"}],"author":[{"embeddable":true,"href":"https:\/\/www.hoymercedes.com.ar\/principal\/wp-json\/wp\/v2\/users\/1"}],"replies":[{"embeddable":true,"href":"https:\/\/www.hoymercedes.com.ar\/principal\/wp-json\/wp\/v2\/comments?post=150631"}],"version-history":[{"count":0,"href":"https:\/\/www.hoymercedes.com.ar\/principal\/wp-json\/wp\/v2\/posts\/150631\/revisions"}],"wp:featuredmedia":[{"embeddable":true,"href":"https:\/\/www.hoymercedes.com.ar\/principal\/wp-json\/wp\/v2\/media\/150632"}],"wp:attachment":[{"href":"https:\/\/www.hoymercedes.com.ar\/principal\/wp-json\/wp\/v2\/media?parent=150631"}],"wp:term":[{"taxonomy":"category","embeddable":true,"href":"https:\/\/www.hoymercedes.com.ar\/principal\/wp-json\/wp\/v2\/categories?post=150631"},{"taxonomy":"post_tag","embeddable":true,"href":"https:\/\/www.hoymercedes.com.ar\/principal\/wp-json\/wp\/v2\/tags?post=150631"}],"curies":[{"name":"wp","href":"https:\/\/api.w.org\/{rel}","templated":true}]}}