{"id":150649,"date":"2022-07-12T10:46:03","date_gmt":"2022-07-12T13:46:03","guid":{"rendered":"https:\/\/www.hoymercedes.com.ar\/principal\/?p=150649"},"modified":"2022-07-12T10:46:08","modified_gmt":"2022-07-12T13:46:08","slug":"capacitacion-en-seguridad-vial-en-el-colegio-nacional","status":"publish","type":"post","link":"https:\/\/www.hoymercedes.com.ar\/principal\/2022\/07\/12\/capacitacion-en-seguridad-vial-en-el-colegio-nacional\/","title":{"rendered":"Capacitaci\u00f3n en seguridad vial en el Colegio Nacional"},"content":{"rendered":"\n<p>Por Prensa Municipal &#8211; Desde la Secretar\u00eda de Seguridad a trav\u00e9s de la Coordinaci\u00f3n de Seguridad Vial y el Programa de Educaci\u00f3n Barrial (PROEBA), se llevan a cabo las capacitaciones a escuelas locales en el marco del Programa Municipal Educaci\u00f3n Vial 2022.<\/p>\n\n\n<div class=\"wp-block-image\">\n<figure class=\"aligncenter size-full\"><img loading=\"lazy\" decoding=\"async\" width=\"800\" height=\"532\" data-attachment-id=\"150651\" data-permalink=\"https:\/\/www.hoymercedes.com.ar\/principal\/2022\/07\/12\/capacitacion-en-seguridad-vial-en-el-colegio-nacional\/seguridadvial-escuelas-2\/#main\" data-orig-file=\"https:\/\/www.hoymercedes.com.ar\/principal\/wp-content\/uploads\/2022\/07\/SeguridadVial-Escuelas.2.jpg\" data-orig-size=\"800,532\" data-comments-opened=\"0\" data-image-meta=\"{&quot;aperture&quot;:&quot;0&quot;,&quot;credit&quot;:&quot;&quot;,&quot;camera&quot;:&quot;&quot;,&quot;caption&quot;:&quot;&quot;,&quot;created_timestamp&quot;:&quot;1657622388&quot;,&quot;copyright&quot;:&quot;&quot;,&quot;focal_length&quot;:&quot;0&quot;,&quot;iso&quot;:&quot;0&quot;,&quot;shutter_speed&quot;:&quot;0&quot;,&quot;title&quot;:&quot;&quot;,&quot;orientation&quot;:&quot;1&quot;}\" data-image-title=\"SeguridadVial-Escuelas.2\" data-image-description=\"\" data-image-caption=\"\" data-large-file=\"https:\/\/www.hoymercedes.com.ar\/principal\/wp-content\/uploads\/2022\/07\/SeguridadVial-Escuelas.2.jpg\" src=\"https:\/\/www.hoymercedes.com.ar\/principal\/wp-content\/uploads\/2022\/07\/SeguridadVial-Escuelas.2.jpg\" alt=\"\" class=\"wp-image-150651\" srcset=\"https:\/\/www.hoymercedes.com.ar\/principal\/wp-content\/uploads\/2022\/07\/SeguridadVial-Escuelas.2.jpg 800w, https:\/\/www.hoymercedes.com.ar\/principal\/wp-content\/uploads\/2022\/07\/SeguridadVial-Escuelas.2-630x419.jpg 630w, https:\/\/www.hoymercedes.com.ar\/principal\/wp-content\/uploads\/2022\/07\/SeguridadVial-Escuelas.2-150x100.jpg 150w, https:\/\/www.hoymercedes.com.ar\/principal\/wp-content\/uploads\/2022\/07\/SeguridadVial-Escuelas.2-700x465.jpg 700w\" sizes=\"auto, (max-width: 800px) 100vw, 800px\" \/><\/figure>\n<\/div>\n\n\n<p>Siguiendo con la programaci\u00f3n de tareas del equipo de Seguridad para prevenir y mejorar la problem\u00e1tica vial de nuestra ciudad, buscando evitar los siniestros viales y promoviendo el cuidado de la vida de las y los vecinos es que este programa busca concientizar y brindar herramientas para el manejo responsable de nuestras acciones en la v\u00eda p\u00fablica. El abordaje del mismo incluye se\u00f1ales de tr\u00e1nsito, manejo del peat\u00f3n, licencia de conducir, legislaci\u00f3n, entre otras informaciones y formaciones. \u00a0<\/p>\n\n\n\n<p>La capacitaci\u00f3n est\u00e1 dirigida a alumnos, alumnas, profesores, profesoras y directivos de todas las escuelas de Mercedes en todos sus niveles educativos, siendo de vital importancia la informaci\u00f3n y prevenci\u00f3n desde las infancias hasta la adolescencia. &nbsp;<\/p>\n\n\n\n<p>Esta acci\u00f3n continuar\u00e1 durante todo el a\u00f1o y del mismo participan las entidades de Bomberos Voluntarios, la Secretar\u00eda de Salud, Protecci\u00f3n Civil, Hospital Dubarry y Juzgado de faltas, compartiendo la experiencia en el trabajo de cada \u00e1rea comprometida en un mismo objetivo. &nbsp;<\/p>\n\n\n\n<p>La Secretar\u00eda emplea adem\u00e1s de este Programa Municipal, los cursos de Licencia en tu barrio, donde todas las semanas se toman ex\u00e1menes de tr\u00e1nsito en distintos puntos de la ciudad para poder obtener luego la Licencia de Conducir. \u00a0<\/p>\n\n\n<div class=\"wp-block-image\">\n<figure class=\"aligncenter size-full\"><img loading=\"lazy\" decoding=\"async\" width=\"810\" height=\"540\" data-attachment-id=\"150650\" data-permalink=\"https:\/\/www.hoymercedes.com.ar\/principal\/2022\/07\/12\/capacitacion-en-seguridad-vial-en-el-colegio-nacional\/seguridadvial-escuelas\/#main\" data-orig-file=\"https:\/\/www.hoymercedes.com.ar\/principal\/wp-content\/uploads\/2022\/07\/SeguridadVial-Escuelas.jpg\" data-orig-size=\"810,540\" data-comments-opened=\"0\" data-image-meta=\"{&quot;aperture&quot;:&quot;0&quot;,&quot;credit&quot;:&quot;&quot;,&quot;camera&quot;:&quot;&quot;,&quot;caption&quot;:&quot;&quot;,&quot;created_timestamp&quot;:&quot;1657622368&quot;,&quot;copyright&quot;:&quot;&quot;,&quot;focal_length&quot;:&quot;0&quot;,&quot;iso&quot;:&quot;0&quot;,&quot;shutter_speed&quot;:&quot;0&quot;,&quot;title&quot;:&quot;&quot;,&quot;orientation&quot;:&quot;1&quot;}\" data-image-title=\"SeguridadVial-Escuelas\" data-image-description=\"\" data-image-caption=\"\" data-large-file=\"https:\/\/www.hoymercedes.com.ar\/principal\/wp-content\/uploads\/2022\/07\/SeguridadVial-Escuelas.jpg\" src=\"https:\/\/www.hoymercedes.com.ar\/principal\/wp-content\/uploads\/2022\/07\/SeguridadVial-Escuelas.jpg\" alt=\"\" class=\"wp-image-150650\" srcset=\"https:\/\/www.hoymercedes.com.ar\/principal\/wp-content\/uploads\/2022\/07\/SeguridadVial-Escuelas.jpg 810w, https:\/\/www.hoymercedes.com.ar\/principal\/wp-content\/uploads\/2022\/07\/SeguridadVial-Escuelas-630x420.jpg 630w, https:\/\/www.hoymercedes.com.ar\/principal\/wp-content\/uploads\/2022\/07\/SeguridadVial-Escuelas-150x100.jpg 150w\" sizes=\"auto, (max-width: 810px) 100vw, 810px\" \/><\/figure>\n<\/div>","protected":false},"excerpt":{"rendered":"<p>Capacitaci\u00f3n en seguridad vial en las escuelas<\/p>\n","protected":false},"author":1,"featured_media":150650,"comment_status":"closed","ping_status":"open","sticky":false,"template":"","format":"standard","meta":{"_monsterinsights_skip_tracking":false,"_monsterinsights_sitenote_active":false,"_monsterinsights_sitenote_note":"","_monsterinsights_sitenote_category":0,"jetpack_post_was_ever_published":false,"_jetpack_newsletter_access":"","_jetpack_dont_email_post_to_subs":false,"_jetpack_newsletter_tier_id":0,"_jetpack_memberships_contains_paywalled_content":false,"_jetpack_memberships_contains_paid_content":false,"footnotes":"","jetpack_publicize_message":"","jetpack_publicize_feature_enabled":true,"jetpack_social_post_already_shared":true,"jetpack_social_options":{"image_generator_settings":{"template":"highway","default_image_id":0,"font":"","enabled":false},"version":2},"_wpas_customize_per_network":false},"categories":[30],"tags":[244],"class_list":["post-150649","post","type-post","status-publish","format-standard","has-post-thumbnail","hentry","category-municipio","tag-municipio-2","generate-columns","tablet-grid-50","mobile-grid-100","grid-parent","grid-50"],"jetpack_publicize_connections":[],"jetpack_featured_media_url":"https:\/\/www.hoymercedes.com.ar\/principal\/wp-content\/uploads\/2022\/07\/SeguridadVial-Escuelas.jpg","wps_subtitle":"","jetpack_sharing_enabled":true,"_links":{"self":[{"href":"https:\/\/www.hoymercedes.com.ar\/principal\/wp-json\/wp\/v2\/posts\/150649","targetHints":{"allow":["GET"]}}],"collection":[{"href":"https:\/\/www.hoymercedes.com.ar\/principal\/wp-json\/wp\/v2\/posts"}],"about":[{"href":"https:\/\/www.hoymercedes.com.ar\/principal\/wp-json\/wp\/v2\/types\/post"}],"author":[{"embeddable":true,"href":"https:\/\/www.hoymercedes.com.ar\/principal\/wp-json\/wp\/v2\/users\/1"}],"replies":[{"embeddable":true,"href":"https:\/\/www.hoymercedes.com.ar\/principal\/wp-json\/wp\/v2\/comments?post=150649"}],"version-history":[{"count":0,"href":"https:\/\/www.hoymercedes.com.ar\/principal\/wp-json\/wp\/v2\/posts\/150649\/revisions"}],"wp:featuredmedia":[{"embeddable":true,"href":"https:\/\/www.hoymercedes.com.ar\/principal\/wp-json\/wp\/v2\/media\/150650"}],"wp:attachment":[{"href":"https:\/\/www.hoymercedes.com.ar\/principal\/wp-json\/wp\/v2\/media?parent=150649"}],"wp:term":[{"taxonomy":"category","embeddable":true,"href":"https:\/\/www.hoymercedes.com.ar\/principal\/wp-json\/wp\/v2\/categories?post=150649"},{"taxonomy":"post_tag","embeddable":true,"href":"https:\/\/www.hoymercedes.com.ar\/principal\/wp-json\/wp\/v2\/tags?post=150649"}],"curies":[{"name":"wp","href":"https:\/\/api.w.org\/{rel}","templated":true}]}}