{"id":150677,"date":"2022-07-12T15:45:00","date_gmt":"2022-07-12T18:45:00","guid":{"rendered":"https:\/\/www.hoymercedes.com.ar\/principal\/?p=150677"},"modified":"2022-07-12T14:58:40","modified_gmt":"2022-07-12T17:58:40","slug":"avanza-construccion-de-complejo-urbanistico-en-acceso-m-sanmartin","status":"publish","type":"post","link":"https:\/\/www.hoymercedes.com.ar\/principal\/2022\/07\/12\/avanza-construccion-de-complejo-urbanistico-en-acceso-m-sanmartin\/","title":{"rendered":"Avanza construcci\u00f3n de complejo urban\u00edstico en Acceso M. Sanmart\u00edn"},"content":{"rendered":"\n<p>Desde el Municipio de Mercedes dieron cuenta del avance en la construcci\u00f3n de las 141 viviendas con el aporte del Ministerio de H\u00e1bitat de Naci\u00f3n en el Acceso Manuel Sanmart\u00edn y calle 110. <\/p>\n\n\n<div class=\"wp-block-image\">\n<figure class=\"aligncenter size-full\"><img loading=\"lazy\" decoding=\"async\" width=\"800\" height=\"449\" data-attachment-id=\"150679\" data-permalink=\"https:\/\/www.hoymercedes.com.ar\/principal\/2022\/07\/12\/avanza-construccion-de-complejo-urbanistico-en-acceso-m-sanmartin\/dji_0794\/#main\" data-orig-file=\"https:\/\/www.hoymercedes.com.ar\/principal\/wp-content\/uploads\/2022\/07\/DJI_0794.jpg\" data-orig-size=\"800,449\" data-comments-opened=\"0\" data-image-meta=\"{&quot;aperture&quot;:&quot;0&quot;,&quot;credit&quot;:&quot;&quot;,&quot;camera&quot;:&quot;&quot;,&quot;caption&quot;:&quot;&quot;,&quot;created_timestamp&quot;:&quot;0&quot;,&quot;copyright&quot;:&quot;&quot;,&quot;focal_length&quot;:&quot;0&quot;,&quot;iso&quot;:&quot;0&quot;,&quot;shutter_speed&quot;:&quot;0&quot;,&quot;title&quot;:&quot;&quot;,&quot;orientation&quot;:&quot;0&quot;}\" data-image-title=\"DJI_0794\" data-image-description=\"\" data-image-caption=\"\" data-large-file=\"https:\/\/www.hoymercedes.com.ar\/principal\/wp-content\/uploads\/2022\/07\/DJI_0794.jpg\" src=\"https:\/\/www.hoymercedes.com.ar\/principal\/wp-content\/uploads\/2022\/07\/DJI_0794.jpg\" alt=\"\" class=\"wp-image-150679\" srcset=\"https:\/\/www.hoymercedes.com.ar\/principal\/wp-content\/uploads\/2022\/07\/DJI_0794.jpg 800w, https:\/\/www.hoymercedes.com.ar\/principal\/wp-content\/uploads\/2022\/07\/DJI_0794-630x354.jpg 630w, https:\/\/www.hoymercedes.com.ar\/principal\/wp-content\/uploads\/2022\/07\/DJI_0794-150x84.jpg 150w\" sizes=\"auto, (max-width: 800px) 100vw, 800px\" \/><\/figure>\n<\/div>\n\n\n<p>La directora de vivienda del Municipio, Arq. Marina Amarillo explic\u00f3 que \u201csigue el avance de esta gran obra que se est\u00e1 haciendo en Mercedes y que beneficiar\u00e1 a 141 familias de nuestra ciudad\u201d. \u00a0<\/p>\n\n\n\n<p>En este sentido, Amarillo se\u00f1al\u00f3 \u201cesta es una obra nueva, donde se est\u00e1n construyendo 141 viviendas divididas en 3 sectores; el sector central \u2013el m\u00e1s grande- donde habr\u00e1 80 viviendas, planta baja y dos pisos, mientras que los otros dos se dividen en 41 viviendas, tambi\u00e9n planta baja y dos pisos y 20 viviendas que ser\u00e1n d\u00faplex\u201d. \u00a0<\/p>\n\n\n\n<p>Asimismo, Amarillo record\u00f3 \u201ceste era un terreno ocioso donde ahora se construir\u00e1n estas viviendas, tan importantes en la concreci\u00f3n de los sue\u00f1os de nuestros vecinos\u201d y agreg\u00f3 \u201cen su momento el intendente Ustarroz gestion\u00f3 para realizar este complejo habitacional, donde, tras las licitaciones de rigor se comenz\u00f3 con la construcci\u00f3n\u201d. &nbsp;<\/p>\n\n\n<div class=\"wp-block-image\">\n<figure class=\"aligncenter size-full\"><img loading=\"lazy\" decoding=\"async\" width=\"800\" height=\"449\" data-attachment-id=\"150678\" data-permalink=\"https:\/\/www.hoymercedes.com.ar\/principal\/2022\/07\/12\/avanza-construccion-de-complejo-urbanistico-en-acceso-m-sanmartin\/dji_0790\/#main\" data-orig-file=\"https:\/\/www.hoymercedes.com.ar\/principal\/wp-content\/uploads\/2022\/07\/DJI_0790.jpg\" data-orig-size=\"800,449\" data-comments-opened=\"0\" data-image-meta=\"{&quot;aperture&quot;:&quot;0&quot;,&quot;credit&quot;:&quot;&quot;,&quot;camera&quot;:&quot;&quot;,&quot;caption&quot;:&quot;&quot;,&quot;created_timestamp&quot;:&quot;0&quot;,&quot;copyright&quot;:&quot;&quot;,&quot;focal_length&quot;:&quot;0&quot;,&quot;iso&quot;:&quot;0&quot;,&quot;shutter_speed&quot;:&quot;0&quot;,&quot;title&quot;:&quot;&quot;,&quot;orientation&quot;:&quot;0&quot;}\" data-image-title=\"DJI_0790\" data-image-description=\"\" data-image-caption=\"\" data-large-file=\"https:\/\/www.hoymercedes.com.ar\/principal\/wp-content\/uploads\/2022\/07\/DJI_0790.jpg\" src=\"https:\/\/www.hoymercedes.com.ar\/principal\/wp-content\/uploads\/2022\/07\/DJI_0790.jpg\" alt=\"\" class=\"wp-image-150678\" srcset=\"https:\/\/www.hoymercedes.com.ar\/principal\/wp-content\/uploads\/2022\/07\/DJI_0790.jpg 800w, https:\/\/www.hoymercedes.com.ar\/principal\/wp-content\/uploads\/2022\/07\/DJI_0790-630x354.jpg 630w, https:\/\/www.hoymercedes.com.ar\/principal\/wp-content\/uploads\/2022\/07\/DJI_0790-150x84.jpg 150w\" sizes=\"auto, (max-width: 800px) 100vw, 800px\" \/><\/figure>\n<\/div>","protected":false},"excerpt":{"rendered":"<p>Avanza construcci\u00f3n de complejo urban\u00edstico en Acceso Manuel Sanmart\u00edn<\/p>\n","protected":false},"author":1,"featured_media":150678,"comment_status":"closed","ping_status":"open","sticky":false,"template":"","format":"standard","meta":{"_monsterinsights_skip_tracking":false,"_monsterinsights_sitenote_active":false,"_monsterinsights_sitenote_note":"","_monsterinsights_sitenote_category":0,"jetpack_post_was_ever_published":false,"_jetpack_newsletter_access":"","_jetpack_dont_email_post_to_subs":false,"_jetpack_newsletter_tier_id":0,"_jetpack_memberships_contains_paywalled_content":false,"_jetpack_memberships_contains_paid_content":false,"footnotes":"","jetpack_publicize_message":"","jetpack_publicize_feature_enabled":true,"jetpack_social_post_already_shared":true,"jetpack_social_options":{"image_generator_settings":{"template":"highway","default_image_id":0,"font":"","enabled":false},"version":2},"_wpas_customize_per_network":false},"categories":[30],"tags":[244],"class_list":["post-150677","post","type-post","status-publish","format-standard","has-post-thumbnail","hentry","category-municipio","tag-municipio-2","generate-columns","tablet-grid-50","mobile-grid-100","grid-parent","grid-50"],"jetpack_publicize_connections":[],"jetpack_featured_media_url":"https:\/\/www.hoymercedes.com.ar\/principal\/wp-content\/uploads\/2022\/07\/DJI_0790.jpg","wps_subtitle":"","jetpack_sharing_enabled":true,"_links":{"self":[{"href":"https:\/\/www.hoymercedes.com.ar\/principal\/wp-json\/wp\/v2\/posts\/150677","targetHints":{"allow":["GET"]}}],"collection":[{"href":"https:\/\/www.hoymercedes.com.ar\/principal\/wp-json\/wp\/v2\/posts"}],"about":[{"href":"https:\/\/www.hoymercedes.com.ar\/principal\/wp-json\/wp\/v2\/types\/post"}],"author":[{"embeddable":true,"href":"https:\/\/www.hoymercedes.com.ar\/principal\/wp-json\/wp\/v2\/users\/1"}],"replies":[{"embeddable":true,"href":"https:\/\/www.hoymercedes.com.ar\/principal\/wp-json\/wp\/v2\/comments?post=150677"}],"version-history":[{"count":0,"href":"https:\/\/www.hoymercedes.com.ar\/principal\/wp-json\/wp\/v2\/posts\/150677\/revisions"}],"wp:featuredmedia":[{"embeddable":true,"href":"https:\/\/www.hoymercedes.com.ar\/principal\/wp-json\/wp\/v2\/media\/150678"}],"wp:attachment":[{"href":"https:\/\/www.hoymercedes.com.ar\/principal\/wp-json\/wp\/v2\/media?parent=150677"}],"wp:term":[{"taxonomy":"category","embeddable":true,"href":"https:\/\/www.hoymercedes.com.ar\/principal\/wp-json\/wp\/v2\/categories?post=150677"},{"taxonomy":"post_tag","embeddable":true,"href":"https:\/\/www.hoymercedes.com.ar\/principal\/wp-json\/wp\/v2\/tags?post=150677"}],"curies":[{"name":"wp","href":"https:\/\/api.w.org\/{rel}","templated":true}]}}