{"id":150704,"date":"2022-07-13T14:55:00","date_gmt":"2022-07-13T17:55:00","guid":{"rendered":"https:\/\/www.hoymercedes.com.ar\/principal\/?p=150704"},"modified":"2022-07-13T13:19:39","modified_gmt":"2022-07-13T16:19:39","slug":"investigan-al-presunto-autor-de-estafas-a-comercios-mercedinos","status":"publish","type":"post","link":"https:\/\/www.hoymercedes.com.ar\/principal\/2022\/07\/13\/investigan-al-presunto-autor-de-estafas-a-comercios-mercedinos\/","title":{"rendered":"Investigan al presunto autor de estafas a comercios mercedinos"},"content":{"rendered":"\n<p>Desde el Ministerio P\u00fablico Fiscal del Departamento Judicial Mercedes dieron difusi\u00f3n  del avance en la investigaci\u00f3n sobre estafas a comercios en el mes de abril. El presunto autor &#8211; imputado &#8211; est\u00e1 identificado y a un pedido de detenci\u00f3n activo sobre \u00e9l por tres hechos de \u201cEstafas reiteradas\u201d. <\/p>\n\n\n\n<p>\u00abA ra\u00edz de algunas consultas, y en vista de la preocupaci\u00f3n existente y con la finalidad de colaborar con la prevenci\u00f3n de los delitos de estafas a los vecinos de la localidad de Mercedes, se informa que en el marco de una denuncia en el mes de abril por parte de un comerciante local tras haber sido v\u00edctima de una estafa, el presunto autor se encuentra con pedido de detenci\u00f3n y captura insertada\u00bb, expresan desde la Fiscal\u00eda.<\/p>\n\n\n\n<p>\u00abLa maniobra delictiva utilizada fue el contacto v\u00eda telef\u00f3nico con el comercio, manifestando el inter\u00e9s en la compra, continuando el mismo v\u00eda red WhatsApp para intercambiar fotograf\u00edas y el presunto comprobante de transferencia bancario tras efectuar la compra. Tras ello, y una vez que el comerciante cay\u00f3 en el ardid, una persona se present\u00f3 en el comercio y retir\u00f3 la mercader\u00eda presuntamente adquirida por el estafador. Resultando luego que el comprobante era falso y no se hab\u00eda efectuado tal dep\u00f3sito en la cuenta bancaria\u00bb, agregan sobre el modo de actuar de las estafas. <\/p>\n\n\n\n<p>\u00abEn este caso particular, tras la correspondiente denuncia tom\u00f3 intervenci\u00f3n la Unidad Funcional de Instrucci\u00f3n N\u00ba 2 del Departamento Judicial Mercedes y junto a la Ayudant\u00eda Fiscal de Autores Ignorados. Se llevaron a cabo una serie de pericias y elementos probatorios para poder dar con el presunto imputado y solventar un pedido de allanamiento y detenci\u00f3n del mismo por ante el Juzgado de Garant\u00edas N\u00b0 1. Las medidas fueron concedidas pero no se logr\u00f3 la detenci\u00f3n del sujeto aunque s\u00ed se recabaron datos de inter\u00e9s para la investigaci\u00f3n\u00bb, agregan.<\/p>\n\n\n\n<p>\u00abActualmente, el imputado (cuyos datos en principio se resguardan a fin de no entorpecer la investigaci\u00f3n) se encuentra con pedido de captura activo por el delito de &#8216;Estafas reiteradas'\u00bb, destacan. <\/p>\n","protected":false},"excerpt":{"rendered":"<p>Investigan al presunto autor de estafas a comercios mercedinos en el mes de abril. El imputado por tres hechos se encuentra con pedido de detenci\u00f3n. <\/p>\n","protected":false},"author":1,"featured_media":102575,"comment_status":"closed","ping_status":"open","sticky":false,"template":"","format":"standard","meta":{"_monsterinsights_skip_tracking":false,"_monsterinsights_sitenote_active":false,"_monsterinsights_sitenote_note":"","_monsterinsights_sitenote_category":0,"jetpack_post_was_ever_published":false,"_jetpack_newsletter_access":"","_jetpack_dont_email_post_to_subs":false,"_jetpack_newsletter_tier_id":0,"_jetpack_memberships_contains_paywalled_content":false,"_jetpack_memberships_contains_paid_content":false,"footnotes":"","jetpack_publicize_message":"","jetpack_publicize_feature_enabled":true,"jetpack_social_post_already_shared":true,"jetpack_social_options":{"image_generator_settings":{"template":"highway","default_image_id":0,"font":"","enabled":false},"version":2},"_wpas_customize_per_network":false},"categories":[85],"tags":[],"class_list":["post-150704","post","type-post","status-publish","format-standard","has-post-thumbnail","hentry","category-policial","generate-columns","tablet-grid-50","mobile-grid-100","grid-parent","grid-50"],"jetpack_publicize_connections":[],"jetpack_featured_media_url":"https:\/\/www.hoymercedes.com.ar\/principal\/wp-content\/uploads\/2019\/11\/18-estafa-celulares-policial.png","wps_subtitle":"","jetpack_sharing_enabled":true,"_links":{"self":[{"href":"https:\/\/www.hoymercedes.com.ar\/principal\/wp-json\/wp\/v2\/posts\/150704","targetHints":{"allow":["GET"]}}],"collection":[{"href":"https:\/\/www.hoymercedes.com.ar\/principal\/wp-json\/wp\/v2\/posts"}],"about":[{"href":"https:\/\/www.hoymercedes.com.ar\/principal\/wp-json\/wp\/v2\/types\/post"}],"author":[{"embeddable":true,"href":"https:\/\/www.hoymercedes.com.ar\/principal\/wp-json\/wp\/v2\/users\/1"}],"replies":[{"embeddable":true,"href":"https:\/\/www.hoymercedes.com.ar\/principal\/wp-json\/wp\/v2\/comments?post=150704"}],"version-history":[{"count":0,"href":"https:\/\/www.hoymercedes.com.ar\/principal\/wp-json\/wp\/v2\/posts\/150704\/revisions"}],"wp:featuredmedia":[{"embeddable":true,"href":"https:\/\/www.hoymercedes.com.ar\/principal\/wp-json\/wp\/v2\/media\/102575"}],"wp:attachment":[{"href":"https:\/\/www.hoymercedes.com.ar\/principal\/wp-json\/wp\/v2\/media?parent=150704"}],"wp:term":[{"taxonomy":"category","embeddable":true,"href":"https:\/\/www.hoymercedes.com.ar\/principal\/wp-json\/wp\/v2\/categories?post=150704"},{"taxonomy":"post_tag","embeddable":true,"href":"https:\/\/www.hoymercedes.com.ar\/principal\/wp-json\/wp\/v2\/tags?post=150704"}],"curies":[{"name":"wp","href":"https:\/\/api.w.org\/{rel}","templated":true}]}}