{"id":150718,"date":"2022-07-13T22:24:16","date_gmt":"2022-07-14T01:24:16","guid":{"rendered":"https:\/\/www.hoymercedes.com.ar\/principal\/?p=150718"},"modified":"2022-07-13T22:24:20","modified_gmt":"2022-07-14T01:24:20","slug":"viaje-de-fin-de-curso-presentan-programa-ante-estudiantes-mercedinos","status":"publish","type":"post","link":"https:\/\/www.hoymercedes.com.ar\/principal\/2022\/07\/13\/viaje-de-fin-de-curso-presentan-programa-ante-estudiantes-mercedinos\/","title":{"rendered":"Viaje de Fin de Curso: presentan programa ante estudiantes mercedinos"},"content":{"rendered":"\n<p>En la ma\u00f1ana de este mi\u00e9rcoles, el Municipio de Mercedes junto a referentes del Ministerio de Producci\u00f3n de la provincia de Buenos Aires presentaron el programa \u201cViaje de Fin de Curso\u201d, una propuesta de la gobernaci\u00f3n para que los estudiantes del \u00faltimo a\u00f1os del nivel secundario puedan realizar su viaje de egresados en territorio bonaerense. <\/p>\n\n\n<div class=\"wp-block-image\">\n<figure class=\"aligncenter size-large\"><img loading=\"lazy\" decoding=\"async\" width=\"1024\" height=\"580\" data-attachment-id=\"150720\" data-permalink=\"https:\/\/www.hoymercedes.com.ar\/principal\/2022\/07\/13\/viaje-de-fin-de-curso-presentan-programa-ante-estudiantes-mercedinos\/viaje-fin-curso\/#main\" data-orig-file=\"https:\/\/www.hoymercedes.com.ar\/principal\/wp-content\/uploads\/2022\/07\/viaje-fin-curso.jpg\" data-orig-size=\"2048,1159\" data-comments-opened=\"0\" data-image-meta=\"{&quot;aperture&quot;:&quot;0&quot;,&quot;credit&quot;:&quot;&quot;,&quot;camera&quot;:&quot;&quot;,&quot;caption&quot;:&quot;&quot;,&quot;created_timestamp&quot;:&quot;0&quot;,&quot;copyright&quot;:&quot;&quot;,&quot;focal_length&quot;:&quot;0&quot;,&quot;iso&quot;:&quot;0&quot;,&quot;shutter_speed&quot;:&quot;0&quot;,&quot;title&quot;:&quot;&quot;,&quot;orientation&quot;:&quot;0&quot;}\" data-image-title=\"viaje fin curso\" data-image-description=\"\" data-image-caption=\"\" data-large-file=\"https:\/\/www.hoymercedes.com.ar\/principal\/wp-content\/uploads\/2022\/07\/viaje-fin-curso-1024x580.jpg\" src=\"https:\/\/www.hoymercedes.com.ar\/principal\/wp-content\/uploads\/2022\/07\/viaje-fin-curso-1024x580.jpg\" alt=\"\" class=\"wp-image-150720\" srcset=\"https:\/\/www.hoymercedes.com.ar\/principal\/wp-content\/uploads\/2022\/07\/viaje-fin-curso-1024x580.jpg 1024w, https:\/\/www.hoymercedes.com.ar\/principal\/wp-content\/uploads\/2022\/07\/viaje-fin-curso-630x357.jpg 630w, https:\/\/www.hoymercedes.com.ar\/principal\/wp-content\/uploads\/2022\/07\/viaje-fin-curso-150x85.jpg 150w, https:\/\/www.hoymercedes.com.ar\/principal\/wp-content\/uploads\/2022\/07\/viaje-fin-curso-1536x869.jpg 1536w, https:\/\/www.hoymercedes.com.ar\/principal\/wp-content\/uploads\/2022\/07\/viaje-fin-curso.jpg 2048w\" sizes=\"auto, (max-width: 1024px) 100vw, 1024px\" \/><\/figure>\n<\/div>\n\n\n<p>Ante estudiantes, directivos y docentes de las escuelas secundarias de gesti\u00f3n p\u00fablica se present\u00f3 el programa que propone que los egresado realicen un viaje a alguna localidad tur\u00edstica de la provincia durante 4 d\u00edas y 3 noches con \u00abtodos los gastos incluidos -traslados, hoteler\u00eda, dos excursiones diarias y una nocturna, gastronom\u00eda y seguros- y viajan a distintos destinos tur\u00edsticos de la provincia de Buenos Aires, lo que tambi\u00e9n permite promover actividades culturales y comerciales para el turismo juvenil en distintos municipios de la provincia. Los mismo comenzar\u00e1n a desarrollarse a fines del mes de septiembre\u00bb.<\/p>\n\n\n\n<p>Explicaron que la inscripci\u00f3n cierra el 31 de julio<strong>. <\/strong>Para inscribirse, los mayores deber\u00e1n validar su identidad mediante DNI y n\u00famero de tr\u00e1mite; mientras que los menores lo har\u00e1n con la inscripci\u00f3n de estudiante, la autorizaci\u00f3n de su madre, padre o tutor con su DNI y n\u00famero de tr\u00e1mite. \u00a0<\/p>\n\n\n\n<p>\u00abSi no cuenta con DNI podr\u00e1 cargar una imagen de su documento de identidad o pasaporte extranjero para validar su identidad. Si el sistema no identifica la escuela a la que asiste, podr\u00e1 cargar una Constancia de Alumno Regular. No estar\u00e1 inscripto hasta que se haya verificado la validez de los documentos cargados. Debe contar con un correo electr\u00f3nico para inscribirse, en el cual recibir\u00e1 las notificaciones relativas al viaje\u00bb, explicaron desde la provincia. \u00a0<\/p>\n\n\n\n<p>De acuerdo a la informaci\u00f3n brindada por el Municipio, en Mercedes existe una matr\u00edcula de 819 alumnos que est\u00e1n egresando este a\u00f1o donde al d\u00eda de la fecha existen 305 inscriptos a este programa. Todos aquellos interesados deben ingresar a\u00a0<a rel=\"noreferrer noopener\" href=\"https:\/\/viajefindecurso.gba.gob.ar\/\" target=\"_blank\">https:\/\/viajefindecurso.gba.gob.ar<\/a>\u00a0\u00a0<\/p>\n","protected":false},"excerpt":{"rendered":"<p>Viaje de Fin de Curso: presentan programa ante estudiantes mercedinos<\/p>\n","protected":false},"author":1,"featured_media":150720,"comment_status":"closed","ping_status":"open","sticky":false,"template":"","format":"standard","meta":{"_monsterinsights_skip_tracking":false,"_monsterinsights_sitenote_active":false,"_monsterinsights_sitenote_note":"","_monsterinsights_sitenote_category":0,"jetpack_post_was_ever_published":false,"_jetpack_newsletter_access":"","_jetpack_dont_email_post_to_subs":false,"_jetpack_newsletter_tier_id":0,"_jetpack_memberships_contains_paywalled_content":false,"_jetpack_memberships_contains_paid_content":false,"footnotes":"","jetpack_publicize_message":"","jetpack_publicize_feature_enabled":true,"jetpack_social_post_already_shared":true,"jetpack_social_options":{"image_generator_settings":{"template":"highway","default_image_id":0,"font":"","enabled":false},"version":2},"_wpas_customize_per_network":false},"categories":[30],"tags":[47,244],"class_list":["post-150718","post","type-post","status-publish","format-standard","has-post-thumbnail","hentry","category-municipio","tag-educacion-2","tag-municipio-2","generate-columns","tablet-grid-50","mobile-grid-100","grid-parent","grid-50"],"jetpack_publicize_connections":[],"jetpack_featured_media_url":"https:\/\/www.hoymercedes.com.ar\/principal\/wp-content\/uploads\/2022\/07\/viaje-fin-curso.jpg","wps_subtitle":"","jetpack_sharing_enabled":true,"_links":{"self":[{"href":"https:\/\/www.hoymercedes.com.ar\/principal\/wp-json\/wp\/v2\/posts\/150718","targetHints":{"allow":["GET"]}}],"collection":[{"href":"https:\/\/www.hoymercedes.com.ar\/principal\/wp-json\/wp\/v2\/posts"}],"about":[{"href":"https:\/\/www.hoymercedes.com.ar\/principal\/wp-json\/wp\/v2\/types\/post"}],"author":[{"embeddable":true,"href":"https:\/\/www.hoymercedes.com.ar\/principal\/wp-json\/wp\/v2\/users\/1"}],"replies":[{"embeddable":true,"href":"https:\/\/www.hoymercedes.com.ar\/principal\/wp-json\/wp\/v2\/comments?post=150718"}],"version-history":[{"count":0,"href":"https:\/\/www.hoymercedes.com.ar\/principal\/wp-json\/wp\/v2\/posts\/150718\/revisions"}],"wp:featuredmedia":[{"embeddable":true,"href":"https:\/\/www.hoymercedes.com.ar\/principal\/wp-json\/wp\/v2\/media\/150720"}],"wp:attachment":[{"href":"https:\/\/www.hoymercedes.com.ar\/principal\/wp-json\/wp\/v2\/media?parent=150718"}],"wp:term":[{"taxonomy":"category","embeddable":true,"href":"https:\/\/www.hoymercedes.com.ar\/principal\/wp-json\/wp\/v2\/categories?post=150718"},{"taxonomy":"post_tag","embeddable":true,"href":"https:\/\/www.hoymercedes.com.ar\/principal\/wp-json\/wp\/v2\/tags?post=150718"}],"curies":[{"name":"wp","href":"https:\/\/api.w.org\/{rel}","templated":true}]}}