{"id":150735,"date":"2022-07-14T11:19:09","date_gmt":"2022-07-14T14:19:09","guid":{"rendered":"https:\/\/www.hoymercedes.com.ar\/principal\/?p=150735"},"modified":"2022-07-14T11:19:14","modified_gmt":"2022-07-14T14:19:14","slug":"minions-y-thor-siguen-hasta-el-miercoles-20-de-julio","status":"publish","type":"post","link":"https:\/\/www.hoymercedes.com.ar\/principal\/2022\/07\/14\/minions-y-thor-siguen-hasta-el-miercoles-20-de-julio\/","title":{"rendered":"Minions y Thor siguen hasta el mi\u00e9rcoles 20 de julio"},"content":{"rendered":"\n<p>Desde el Cine Mercedes informaron su programaci\u00f3n para la primera semana del receso invernal. A partir del viernes 15, \u00abMinions: Nace un villano\u00bb y \u00abThor: Love y Thunder\u00bb siguen en cartelera hasta el mi\u00e9rcoles 20 de julio. Las funciones son en 2D y en 3D, en castellano y subtitulada. <\/p>\n\n\n<div class=\"wp-block-image\">\n<figure class=\"aligncenter size-full\"><img loading=\"lazy\" decoding=\"async\" width=\"526\" height=\"526\" data-attachment-id=\"150737\" data-permalink=\"https:\/\/www.hoymercedes.com.ar\/principal\/2022\/07\/14\/minions-y-thor-siguen-hasta-el-miercoles-20-de-julio\/image-2-5\/#main\" data-orig-file=\"https:\/\/www.hoymercedes.com.ar\/principal\/wp-content\/uploads\/2022\/07\/image-2.png\" data-orig-size=\"526,526\" data-comments-opened=\"0\" data-image-meta=\"{&quot;aperture&quot;:&quot;0&quot;,&quot;credit&quot;:&quot;&quot;,&quot;camera&quot;:&quot;&quot;,&quot;caption&quot;:&quot;&quot;,&quot;created_timestamp&quot;:&quot;0&quot;,&quot;copyright&quot;:&quot;&quot;,&quot;focal_length&quot;:&quot;0&quot;,&quot;iso&quot;:&quot;0&quot;,&quot;shutter_speed&quot;:&quot;0&quot;,&quot;title&quot;:&quot;&quot;,&quot;orientation&quot;:&quot;0&quot;}\" data-image-title=\"image-2\" data-image-description=\"\" data-image-caption=\"\" data-large-file=\"https:\/\/www.hoymercedes.com.ar\/principal\/wp-content\/uploads\/2022\/07\/image-2.png\" src=\"https:\/\/www.hoymercedes.com.ar\/principal\/wp-content\/uploads\/2022\/07\/image-2.png\" alt=\"\" class=\"wp-image-150737\" srcset=\"https:\/\/www.hoymercedes.com.ar\/principal\/wp-content\/uploads\/2022\/07\/image-2.png 526w, https:\/\/www.hoymercedes.com.ar\/principal\/wp-content\/uploads\/2022\/07\/image-2-150x150.png 150w\" sizes=\"auto, (max-width: 526px) 100vw, 526px\" \/><\/figure>\n<\/div>\n\n\n<p>Sinopsis \u00abMinions. Nace un villano\u00bb: Son los a\u00f1os 70 y Gru crece en un barrio residencial, en pleno boom de los peinados cardados y los pantalones de campana. Como fan incondicional de un famoso supergrupo de villanos, &#8216;Los salvajes 6&#8217;, Gru idea un plan para demostrarles que es lo suficientemente malvado como para trabajar con ellos. Por suerte, cuenta con la ayuda de sus fieles seguidores, los Minions, siempre dispuestos a sembrar el caos por donde pasan. Juntos, Kevin, Stuart, Bob, y Otto -un nuevo Minion con aparato en los dientes y desesperado por sentirse aceptado- desplegar\u00e1n su potencial para construir junto a Gru su primera guarida, experimentar con sus primeras armas y llevar a cabo sus primeras misiones. <\/p>\n\n\n<div class=\"wp-block-image\">\n<figure class=\"aligncenter size-full\"><img loading=\"lazy\" decoding=\"async\" width=\"526\" height=\"526\" data-attachment-id=\"150736\" data-permalink=\"https:\/\/www.hoymercedes.com.ar\/principal\/2022\/07\/14\/minions-y-thor-siguen-hasta-el-miercoles-20-de-julio\/image-1-8\/#main\" data-orig-file=\"https:\/\/www.hoymercedes.com.ar\/principal\/wp-content\/uploads\/2022\/07\/image-1.png\" data-orig-size=\"526,526\" data-comments-opened=\"0\" data-image-meta=\"{&quot;aperture&quot;:&quot;0&quot;,&quot;credit&quot;:&quot;&quot;,&quot;camera&quot;:&quot;&quot;,&quot;caption&quot;:&quot;&quot;,&quot;created_timestamp&quot;:&quot;0&quot;,&quot;copyright&quot;:&quot;&quot;,&quot;focal_length&quot;:&quot;0&quot;,&quot;iso&quot;:&quot;0&quot;,&quot;shutter_speed&quot;:&quot;0&quot;,&quot;title&quot;:&quot;&quot;,&quot;orientation&quot;:&quot;0&quot;}\" data-image-title=\"image-1\" data-image-description=\"\" data-image-caption=\"\" data-large-file=\"https:\/\/www.hoymercedes.com.ar\/principal\/wp-content\/uploads\/2022\/07\/image-1.png\" src=\"https:\/\/www.hoymercedes.com.ar\/principal\/wp-content\/uploads\/2022\/07\/image-1.png\" alt=\"\" class=\"wp-image-150736\" srcset=\"https:\/\/www.hoymercedes.com.ar\/principal\/wp-content\/uploads\/2022\/07\/image-1.png 526w, https:\/\/www.hoymercedes.com.ar\/principal\/wp-content\/uploads\/2022\/07\/image-1-150x150.png 150w\" sizes=\"auto, (max-width: 526px) 100vw, 526px\" \/><\/figure>\n<\/div>\n\n\n<p>Sinopsis \u00abThor: Amor y Trueno\u00bb: El Dios del Trueno (Chris Hemsworth) emprende un viaje que no se parece en nada a lo que se ha enfrentado hasta ahora: una b\u00fasqueda de la paz interior. Pero el retiro de Thor se ve interrumpido por un asesino gal\u00e1ctico conocido como Gorr el Carnicero de Dioses (Christian Bale), que busca la extinci\u00f3n de los dioses. Para hacer frente a la amenaza, Thor solicita la ayuda del Rey Valkiria (Tessa Thompson), de Korg (Taika Waititi) y de su ex novia Jane Foster (Natalie Portman) que, para sorpresa de Thor, empu\u00f1a inexplicablemente su martillo m\u00e1gico, Mjolnir, como la Poderosa Thor. Juntos, se embarcan en una aventura c\u00f3smica en la que tendr\u00e1n que descubrir el misterio de la venganza del Carnicero de Dioses y detenerlo antes de que sea demasiado tarde.\u00a0<\/p>\n","protected":false},"excerpt":{"rendered":"<p>Cine Mercedes: Minions y Thor siguen hasta el mi\u00e9rcoles 20 de julio<\/p>\n","protected":false},"author":1,"featured_media":150140,"comment_status":"closed","ping_status":"open","sticky":false,"template":"","format":"standard","meta":{"_monsterinsights_skip_tracking":false,"_monsterinsights_sitenote_active":false,"_monsterinsights_sitenote_note":"","_monsterinsights_sitenote_category":0,"jetpack_post_was_ever_published":false,"_jetpack_newsletter_access":"","_jetpack_dont_email_post_to_subs":false,"_jetpack_newsletter_tier_id":0,"_jetpack_memberships_contains_paywalled_content":false,"_jetpack_memberships_contains_paid_content":false,"footnotes":"","jetpack_publicize_message":"","jetpack_publicize_feature_enabled":true,"jetpack_social_post_already_shared":true,"jetpack_social_options":{"image_generator_settings":{"template":"highway","default_image_id":0,"font":"","enabled":false},"version":2},"_wpas_customize_per_network":false},"categories":[104],"tags":[7805],"class_list":["post-150735","post","type-post","status-publish","format-standard","has-post-thumbnail","hentry","category-cultura","tag-cultura","generate-columns","tablet-grid-50","mobile-grid-100","grid-parent","grid-50"],"jetpack_publicize_connections":[],"jetpack_featured_media_url":"https:\/\/www.hoymercedes.com.ar\/principal\/wp-content\/uploads\/2022\/06\/minions.jpg","wps_subtitle":"","jetpack_sharing_enabled":true,"_links":{"self":[{"href":"https:\/\/www.hoymercedes.com.ar\/principal\/wp-json\/wp\/v2\/posts\/150735","targetHints":{"allow":["GET"]}}],"collection":[{"href":"https:\/\/www.hoymercedes.com.ar\/principal\/wp-json\/wp\/v2\/posts"}],"about":[{"href":"https:\/\/www.hoymercedes.com.ar\/principal\/wp-json\/wp\/v2\/types\/post"}],"author":[{"embeddable":true,"href":"https:\/\/www.hoymercedes.com.ar\/principal\/wp-json\/wp\/v2\/users\/1"}],"replies":[{"embeddable":true,"href":"https:\/\/www.hoymercedes.com.ar\/principal\/wp-json\/wp\/v2\/comments?post=150735"}],"version-history":[{"count":0,"href":"https:\/\/www.hoymercedes.com.ar\/principal\/wp-json\/wp\/v2\/posts\/150735\/revisions"}],"wp:featuredmedia":[{"embeddable":true,"href":"https:\/\/www.hoymercedes.com.ar\/principal\/wp-json\/wp\/v2\/media\/150140"}],"wp:attachment":[{"href":"https:\/\/www.hoymercedes.com.ar\/principal\/wp-json\/wp\/v2\/media?parent=150735"}],"wp:term":[{"taxonomy":"category","embeddable":true,"href":"https:\/\/www.hoymercedes.com.ar\/principal\/wp-json\/wp\/v2\/categories?post=150735"},{"taxonomy":"post_tag","embeddable":true,"href":"https:\/\/www.hoymercedes.com.ar\/principal\/wp-json\/wp\/v2\/tags?post=150735"}],"curies":[{"name":"wp","href":"https:\/\/api.w.org\/{rel}","templated":true}]}}