{"id":150739,"date":"2022-07-14T13:20:00","date_gmt":"2022-07-14T16:20:00","guid":{"rendered":"https:\/\/www.hoymercedes.com.ar\/principal\/?p=150739"},"modified":"2022-07-14T11:31:11","modified_gmt":"2022-07-14T14:31:11","slug":"confirman-elenco-de-la-comedia-municipal-2022","status":"publish","type":"post","link":"https:\/\/www.hoymercedes.com.ar\/principal\/2022\/07\/14\/confirman-elenco-de-la-comedia-municipal-2022\/","title":{"rendered":"Confirman elenco de la Comedia Municipal 2022"},"content":{"rendered":"\n<p>Desde el Teatro Argentino \u201cJulio C\u00e9sar Gioscio\u201d se confirm\u00f3 qui\u00e9nes fueron los actores y actrices seleccionados para integrar el elenco de la Comedia Municipal \u00abRa\u00fal Bustos Berrondo\u00bb para la puesta en escena 2022 de la obra \u00abEl Coraz\u00f3n del incauto\u00bb, que dirige Claudio Mateo. El Director confirm\u00f3 a Mariano Anido, Lucas Riselli y Cristina Lamothe para subir al escenario, mientras que Anabel Pi\u00f1eyro aportar\u00e1 el aspecto visual, y Mariana Cabral ser\u00e1 la asistente de direcci\u00f3n. <\/p>\n\n\n<div class=\"wp-block-image\">\n<figure class=\"aligncenter size-full\"><img loading=\"lazy\" decoding=\"async\" width=\"800\" height=\"450\" data-attachment-id=\"150740\" data-permalink=\"https:\/\/www.hoymercedes.com.ar\/principal\/2022\/07\/14\/confirman-elenco-de-la-comedia-municipal-2022\/mateo\/#main\" data-orig-file=\"https:\/\/www.hoymercedes.com.ar\/principal\/wp-content\/uploads\/2022\/07\/Mateo.jpg\" data-orig-size=\"800,450\" data-comments-opened=\"0\" data-image-meta=\"{&quot;aperture&quot;:&quot;0&quot;,&quot;credit&quot;:&quot;&quot;,&quot;camera&quot;:&quot;&quot;,&quot;caption&quot;:&quot;&quot;,&quot;created_timestamp&quot;:&quot;1656700165&quot;,&quot;copyright&quot;:&quot;&quot;,&quot;focal_length&quot;:&quot;0&quot;,&quot;iso&quot;:&quot;0&quot;,&quot;shutter_speed&quot;:&quot;0&quot;,&quot;title&quot;:&quot;&quot;,&quot;orientation&quot;:&quot;0&quot;}\" data-image-title=\"Mateo\" data-image-description=\"\" data-image-caption=\"\" data-large-file=\"https:\/\/www.hoymercedes.com.ar\/principal\/wp-content\/uploads\/2022\/07\/Mateo.jpg\" src=\"https:\/\/www.hoymercedes.com.ar\/principal\/wp-content\/uploads\/2022\/07\/Mateo.jpg\" alt=\"\" class=\"wp-image-150740\" srcset=\"https:\/\/www.hoymercedes.com.ar\/principal\/wp-content\/uploads\/2022\/07\/Mateo.jpg 800w, https:\/\/www.hoymercedes.com.ar\/principal\/wp-content\/uploads\/2022\/07\/Mateo-630x354.jpg 630w, https:\/\/www.hoymercedes.com.ar\/principal\/wp-content\/uploads\/2022\/07\/Mateo-150x84.jpg 150w\" sizes=\"auto, (max-width: 800px) 100vw, 800px\" \/><\/figure>\n<\/div>\n\n\n<p>Su director, Claudio Mateo se\u00f1al\u00f3 \u201ceste a\u00f1o vamos a trabajar en este proyecto que se llama el \u201cCoraz\u00f3n del Incauto\u201d escrita por las consagradas dramaturgas argentinas Sandra Franzen y Patricia Su\u00e1rez\u201d y se\u00f1al\u00f3 \u201clas novedades que tengo para contarles es la conformaci\u00f3n del elenco despu\u00e9s de un proceso de audiciones\u201d.<\/p>\n\n\n\n<p>En este sentido, Mateo se\u00f1al\u00f3 \u201cantes que nada quiero agradecer a todos los que se presentaron que fueron much\u00edsimos actores mercedinos\u201d y agreg\u00f3 \u201cfue tanta la convocatoria que tuvimos que realizar un segundo proceso de selecci\u00f3n\u201d.<\/p>\n\n\n\n<p>Adem\u00e1s, Claudio Mateo, director de la obra cont\u00f3 \u201clos actores elegidos fueron; para el personaje de Honorio lo interpretar\u00e1 Mariano Anido, el personaje de Justo el elegido fue Lucas Riselli y para el personaje de Mar\u00eda la elegida fue Cristina Lamote\u201d y apunt\u00f3 \u201cel equipo de trabajo se completa con visuales de Anabel Pi\u00f1eyro y la asistencia de direcci\u00f3n de Marina Cabral\u201d.<\/p>\n\n\n\n<p>\u201cEstamos trabajando muy bien, es un gran grupo, estamos ansiosos por el estreno y los esperamos a todos\u201d concluy\u00f3 Claudio Mateo.<\/p>\n\n\n\n<p>Esta obra es un melodrama rural que transcurre en la d\u00e9cada del \u00b420 del siglo pasado. La obra habla de deseos insatisfechos, de seres desamparados, de lo cotidiano que asfixia, de la opresi\u00f3n de los cuerpos y de la represi\u00f3n a la que suele someterse el amor, generando esp\u00edritus atormentados. <\/p>\n","protected":false},"excerpt":{"rendered":"<p>Confirman elenco de la Comedia Municipal 2022. El Director Claudio Mateo anunci\u00f3 a los actores, actriz y equipo de producci\u00f3n teatral para la obra \u00abEl Coraz\u00f3n del Incauto\u00bb. <\/p>\n","protected":false},"author":1,"featured_media":150740,"comment_status":"closed","ping_status":"open","sticky":false,"template":"","format":"standard","meta":{"_monsterinsights_skip_tracking":false,"_monsterinsights_sitenote_active":false,"_monsterinsights_sitenote_note":"","_monsterinsights_sitenote_category":0,"jetpack_post_was_ever_published":false,"_jetpack_newsletter_access":"","_jetpack_dont_email_post_to_subs":false,"_jetpack_newsletter_tier_id":0,"_jetpack_memberships_contains_paywalled_content":false,"_jetpack_memberships_contains_paid_content":false,"footnotes":"","jetpack_publicize_message":"","jetpack_publicize_feature_enabled":true,"jetpack_social_post_already_shared":true,"jetpack_social_options":{"image_generator_settings":{"template":"highway","default_image_id":0,"font":"","enabled":false},"version":2},"_wpas_customize_per_network":false},"categories":[104],"tags":[7805],"class_list":["post-150739","post","type-post","status-publish","format-standard","has-post-thumbnail","hentry","category-cultura","tag-cultura","generate-columns","tablet-grid-50","mobile-grid-100","grid-parent","grid-50"],"jetpack_publicize_connections":[],"jetpack_featured_media_url":"https:\/\/www.hoymercedes.com.ar\/principal\/wp-content\/uploads\/2022\/07\/Mateo.jpg","wps_subtitle":"","jetpack_sharing_enabled":true,"_links":{"self":[{"href":"https:\/\/www.hoymercedes.com.ar\/principal\/wp-json\/wp\/v2\/posts\/150739","targetHints":{"allow":["GET"]}}],"collection":[{"href":"https:\/\/www.hoymercedes.com.ar\/principal\/wp-json\/wp\/v2\/posts"}],"about":[{"href":"https:\/\/www.hoymercedes.com.ar\/principal\/wp-json\/wp\/v2\/types\/post"}],"author":[{"embeddable":true,"href":"https:\/\/www.hoymercedes.com.ar\/principal\/wp-json\/wp\/v2\/users\/1"}],"replies":[{"embeddable":true,"href":"https:\/\/www.hoymercedes.com.ar\/principal\/wp-json\/wp\/v2\/comments?post=150739"}],"version-history":[{"count":0,"href":"https:\/\/www.hoymercedes.com.ar\/principal\/wp-json\/wp\/v2\/posts\/150739\/revisions"}],"wp:featuredmedia":[{"embeddable":true,"href":"https:\/\/www.hoymercedes.com.ar\/principal\/wp-json\/wp\/v2\/media\/150740"}],"wp:attachment":[{"href":"https:\/\/www.hoymercedes.com.ar\/principal\/wp-json\/wp\/v2\/media?parent=150739"}],"wp:term":[{"taxonomy":"category","embeddable":true,"href":"https:\/\/www.hoymercedes.com.ar\/principal\/wp-json\/wp\/v2\/categories?post=150739"},{"taxonomy":"post_tag","embeddable":true,"href":"https:\/\/www.hoymercedes.com.ar\/principal\/wp-json\/wp\/v2\/tags?post=150739"}],"curies":[{"name":"wp","href":"https:\/\/api.w.org\/{rel}","templated":true}]}}