{"id":150765,"date":"2022-07-15T07:55:00","date_gmt":"2022-07-15T10:55:00","guid":{"rendered":"https:\/\/www.hoymercedes.com.ar\/principal\/?p=150765"},"modified":"2022-07-15T09:01:22","modified_gmt":"2022-07-15T12:01:22","slug":"municipio-presento-informe-de-analisis-comparativo-de-seguridad-vial","status":"publish","type":"post","link":"https:\/\/www.hoymercedes.com.ar\/principal\/2022\/07\/15\/municipio-presento-informe-de-analisis-comparativo-de-seguridad-vial\/","title":{"rendered":"Municipio present\u00f3 informe de an\u00e1lisis comparativo de seguridad vial"},"content":{"rendered":"\n<p>Por Prensa Municipal &#8211; Se llev\u00f3 adelante la presentaci\u00f3n del informe realizado por el \u201cObservatorio de Seguridad Vial\u201d local. Es un trabajo entre el Municipio y la Agencia Nacional de Seguridad Vial. El cuidado de la vida es el principal objetivo. Se dieron datos y estad\u00edsticas de conductas y comportamientos viales. \u00a0<\/p>\n\n\n<div class=\"wp-block-image\">\n<figure class=\"aligncenter size-full\"><img loading=\"lazy\" decoding=\"async\" width=\"922\" height=\"615\" data-attachment-id=\"150766\" data-permalink=\"https:\/\/www.hoymercedes.com.ar\/principal\/2022\/07\/15\/municipio-presento-informe-de-analisis-comparativo-de-seguridad-vial\/dsc09021\/#main\" data-orig-file=\"https:\/\/www.hoymercedes.com.ar\/principal\/wp-content\/uploads\/2022\/07\/DSC09021.jpg\" data-orig-size=\"922,615\" data-comments-opened=\"0\" data-image-meta=\"{&quot;aperture&quot;:&quot;0&quot;,&quot;credit&quot;:&quot;&quot;,&quot;camera&quot;:&quot;&quot;,&quot;caption&quot;:&quot;&quot;,&quot;created_timestamp&quot;:&quot;0&quot;,&quot;copyright&quot;:&quot;&quot;,&quot;focal_length&quot;:&quot;0&quot;,&quot;iso&quot;:&quot;0&quot;,&quot;shutter_speed&quot;:&quot;0&quot;,&quot;title&quot;:&quot;&quot;,&quot;orientation&quot;:&quot;0&quot;}\" data-image-title=\"DSC09021\" data-image-description=\"\" data-image-caption=\"\" data-large-file=\"https:\/\/www.hoymercedes.com.ar\/principal\/wp-content\/uploads\/2022\/07\/DSC09021.jpg\" src=\"https:\/\/www.hoymercedes.com.ar\/principal\/wp-content\/uploads\/2022\/07\/DSC09021.jpg\" alt=\"\" class=\"wp-image-150766\" srcset=\"https:\/\/www.hoymercedes.com.ar\/principal\/wp-content\/uploads\/2022\/07\/DSC09021.jpg 922w, https:\/\/www.hoymercedes.com.ar\/principal\/wp-content\/uploads\/2022\/07\/DSC09021-630x420.jpg 630w, https:\/\/www.hoymercedes.com.ar\/principal\/wp-content\/uploads\/2022\/07\/DSC09021-150x100.jpg 150w\" sizes=\"auto, (max-width: 922px) 100vw, 922px\" \/><\/figure>\n<\/div>\n\n\n<p>El secretario de seguridad, Gonzalo Anselmo, expuso \u201ctal como lo hicimos oportunamente durante este a\u00f1o, presentado el estudio observacional que hicimos en diciembre de a\u00f1o pasado, los valores en t\u00e9rminos de seguridad vial fueron mejorando, aunque, de todas formas, a\u00fan no estamos en valores ideales\u201d. Al que agreg\u00f3 \u201csi bien nuestras pol\u00edticas p\u00fablicas van prosperando y surtiendo efecto en la sociedad, no se est\u00e1 exento que surjan vicisitudes. Por lo que, si bien estamos contentos con los resultados, debemos tomarlo con los cuidados que el caso amerita\u201d. \u00a0Anselmo tambi\u00e9n agradeci\u00f3 \u201cal personal de la Agencia Nacional de Seguridad Vial por su acompa\u00f1amiento constante y permanente en la ciudad\u201d. \u00a0<\/p>\n\n\n\n<p>Por su parte, Nancy Okos, coordinadora de seguridad dijo \u201cse est\u00e1n realizando operativos a diario, las pol\u00edticas p\u00fablicas que se est\u00e1n llevando adelante, tiene que ver con una conjunci\u00f3n de \u00e1reas, por lo que el trabajo est\u00e1 y es muy fuerte\u201d y apunt\u00f3 \u201cel Estado est\u00e1 presente, elabora pol\u00edticas p\u00fablicas, prevenci\u00f3n, formaci\u00f3n, educaci\u00f3n, est\u00e1 el control, pero si cada uno de nosotros como responsables primarios no tomamos el contexto de gravedad de lo que puede pasar, es m\u00e1s complicado\u201d. &nbsp;<\/p>\n\n\n\n<p>Jorge Rabino, qui\u00e9n es parte de la Agencia de Seguridad vial se\u00f1al\u00f3 \u201cen Mercedes se est\u00e1n logrando buenos resultados, donde por ejemplo han logrado que el casco pase del codo a la cabeza, en el primer informe fue del 10% y ahora se ha bajado al 2%, eso significa que el control es efectivo\u201d y remarc\u00f3 \u201ccuentan con nuestro apoyo, esta es la ciudad donde m\u00e1s cursos hemos dado \u2013personal municipal, polic\u00eda, comunidad- por lo que no hay que aflojar con este trabajo, para que los resultados sigan mejorando\u201d. \u00a0<\/p>\n\n\n\n<figure class=\"wp-block-image size-full\"><img loading=\"lazy\" decoding=\"async\" width=\"922\" height=\"615\" data-attachment-id=\"150767\" data-permalink=\"https:\/\/www.hoymercedes.com.ar\/principal\/2022\/07\/15\/municipio-presento-informe-de-analisis-comparativo-de-seguridad-vial\/dsc08995\/#main\" data-orig-file=\"https:\/\/www.hoymercedes.com.ar\/principal\/wp-content\/uploads\/2022\/07\/DSC08995.jpg\" data-orig-size=\"922,615\" data-comments-opened=\"0\" data-image-meta=\"{&quot;aperture&quot;:&quot;0&quot;,&quot;credit&quot;:&quot;&quot;,&quot;camera&quot;:&quot;&quot;,&quot;caption&quot;:&quot;&quot;,&quot;created_timestamp&quot;:&quot;0&quot;,&quot;copyright&quot;:&quot;&quot;,&quot;focal_length&quot;:&quot;0&quot;,&quot;iso&quot;:&quot;0&quot;,&quot;shutter_speed&quot;:&quot;0&quot;,&quot;title&quot;:&quot;&quot;,&quot;orientation&quot;:&quot;0&quot;}\" data-image-title=\"DSC08995\" data-image-description=\"\" data-image-caption=\"\" data-large-file=\"https:\/\/www.hoymercedes.com.ar\/principal\/wp-content\/uploads\/2022\/07\/DSC08995.jpg\" src=\"https:\/\/www.hoymercedes.com.ar\/principal\/wp-content\/uploads\/2022\/07\/DSC08995.jpg\" alt=\"\" class=\"wp-image-150767\" srcset=\"https:\/\/www.hoymercedes.com.ar\/principal\/wp-content\/uploads\/2022\/07\/DSC08995.jpg 922w, https:\/\/www.hoymercedes.com.ar\/principal\/wp-content\/uploads\/2022\/07\/DSC08995-630x420.jpg 630w, https:\/\/www.hoymercedes.com.ar\/principal\/wp-content\/uploads\/2022\/07\/DSC08995-150x100.jpg 150w\" sizes=\"auto, (max-width: 922px) 100vw, 922px\" \/><\/figure>\n\n\n\n<p>Jesica Azar, Soci\u00f3loga y metod\u00f3loga, quien est\u00e1 a cargo de la Direcci\u00f3n de Investigaci\u00f3n Accidentol\u00f3gica del Observatorio Vial manifest\u00f3 \u201ces muy importante realizar estas mediciones sistem\u00e1ticas y Mercedes es la ciudad que m\u00e1s se brinda y trabaja en ello, porque si no sabemos cu\u00e1l es nuestra conducta vial, no podemos transformar y mejorar\u201d y \u201cen base a una l\u00ednea de base, proponerse mejorar, algo muy valorable, por lo que, felicitaciones a la ciudad y al Estado Municipal\u201d.&nbsp;&nbsp;&nbsp;&nbsp;&nbsp;&nbsp;<\/p>\n\n\n\n<p>A su vez, comenz\u00f3 a brindar datos: \u201cEn el a\u00f1o 2020 observamos 2.500 motos y 3.300 ocupantes donde en el a\u00f1o 2022 el perfil de motociclistas no ha variado, donde 6 de cada 10 conductores son hombres, de entre 25 y 44 a\u00f1os, 7 de cada 10 va s\u00f3lo en la moto (unipersonales). En la medici\u00f3n del 2020 ten\u00edamos casi 5% de pasajero cero (es el que va adelante, por lo general ni\u00f1os) y en esta nueva medici\u00f3n eso se vio reducido\u201d y continu\u00f3 \u201cen el a\u00f1o 2020 ven\u00edamos de una medici\u00f3n del a\u00f1o 2020 de 22% de motos que circulan con todos los ocupantes usando el casco, en la medici\u00f3n 2021 no vari\u00f3, y en esta \u00faltima medici\u00f3n se ha logrado incrementar al 35% lo que habla de un aumento grande, en lo que es conductor hay un salto del 22% al 38% y se logr\u00f3, adem\u00e1s, el uso del casco en el acompa\u00f1ante \u2013algo muy dif\u00edcil- del 9% al 15%\u201d, sin embargo no se descart\u00f3 que los datos son fluctuantes, por eso es fundamental tener siempre presente y activas las campa\u00f1as de educaci\u00f3n vial, que todas y todos internalicemos el uso de las medidas de seguridad vial. &nbsp;<\/p>\n\n\n\n<p>Asimismo, continu\u00f3 \u201cel uso del casco que se increment\u00f3 de manera pareja, tanto en hombres, como en mujeres, ambos han logrado incorporar el h\u00e1bito del uso del casco. En todas las franjas etarias se logr\u00f3 la implementaci\u00f3n del casco, y en el rango que va de los 15 a los 44 a\u00f1os se logr\u00f3 a\u00fan m\u00e1s, se pas\u00f3 del 12% al 25%\u201d y recalc\u00f3 \u201ces interesante que las motos que trasladan a menores de 15 a\u00f1os aumentaron el uso del casco del 11% al 17%, un dato importante en cuanto a la problem\u00e1tica infantil\u201d. &nbsp;<\/p>\n","protected":false},"excerpt":{"rendered":"<p>Municipio present\u00f3 informe de an\u00e1lisis comparativo de seguridad vial<\/p>\n","protected":false},"author":1,"featured_media":150767,"comment_status":"closed","ping_status":"open","sticky":false,"template":"","format":"standard","meta":{"_monsterinsights_skip_tracking":false,"_monsterinsights_sitenote_active":false,"_monsterinsights_sitenote_note":"","_monsterinsights_sitenote_category":0,"jetpack_post_was_ever_published":false,"_jetpack_newsletter_access":"","_jetpack_dont_email_post_to_subs":false,"_jetpack_newsletter_tier_id":0,"_jetpack_memberships_contains_paywalled_content":false,"_jetpack_memberships_contains_paid_content":false,"footnotes":"","jetpack_publicize_message":"","jetpack_publicize_feature_enabled":true,"jetpack_social_post_already_shared":true,"jetpack_social_options":{"image_generator_settings":{"template":"highway","default_image_id":0,"font":"","enabled":false},"version":2},"_wpas_customize_per_network":false},"categories":[30],"tags":[244],"class_list":["post-150765","post","type-post","status-publish","format-standard","has-post-thumbnail","hentry","category-municipio","tag-municipio-2","generate-columns","tablet-grid-50","mobile-grid-100","grid-parent","grid-50"],"jetpack_publicize_connections":[],"jetpack_featured_media_url":"https:\/\/www.hoymercedes.com.ar\/principal\/wp-content\/uploads\/2022\/07\/DSC08995.jpg","wps_subtitle":"","jetpack_sharing_enabled":true,"_links":{"self":[{"href":"https:\/\/www.hoymercedes.com.ar\/principal\/wp-json\/wp\/v2\/posts\/150765","targetHints":{"allow":["GET"]}}],"collection":[{"href":"https:\/\/www.hoymercedes.com.ar\/principal\/wp-json\/wp\/v2\/posts"}],"about":[{"href":"https:\/\/www.hoymercedes.com.ar\/principal\/wp-json\/wp\/v2\/types\/post"}],"author":[{"embeddable":true,"href":"https:\/\/www.hoymercedes.com.ar\/principal\/wp-json\/wp\/v2\/users\/1"}],"replies":[{"embeddable":true,"href":"https:\/\/www.hoymercedes.com.ar\/principal\/wp-json\/wp\/v2\/comments?post=150765"}],"version-history":[{"count":0,"href":"https:\/\/www.hoymercedes.com.ar\/principal\/wp-json\/wp\/v2\/posts\/150765\/revisions"}],"wp:featuredmedia":[{"embeddable":true,"href":"https:\/\/www.hoymercedes.com.ar\/principal\/wp-json\/wp\/v2\/media\/150767"}],"wp:attachment":[{"href":"https:\/\/www.hoymercedes.com.ar\/principal\/wp-json\/wp\/v2\/media?parent=150765"}],"wp:term":[{"taxonomy":"category","embeddable":true,"href":"https:\/\/www.hoymercedes.com.ar\/principal\/wp-json\/wp\/v2\/categories?post=150765"},{"taxonomy":"post_tag","embeddable":true,"href":"https:\/\/www.hoymercedes.com.ar\/principal\/wp-json\/wp\/v2\/tags?post=150765"}],"curies":[{"name":"wp","href":"https:\/\/api.w.org\/{rel}","templated":true}]}}