{"id":15081,"date":"2012-08-07T11:22:14","date_gmt":"2012-08-07T11:22:14","guid":{"rendered":"http:\/\/www.hoymercedes.com.ar\/principal\/?p=15081"},"modified":"2012-08-07T11:22:49","modified_gmt":"2012-08-07T11:22:49","slug":"campeonato-rural-bike-en-nuevamente-en-lujan","status":"publish","type":"post","link":"https:\/\/www.hoymercedes.com.ar\/principal\/2012\/08\/07\/campeonato-rural-bike-en-nuevamente-en-lujan\/","title":{"rendered":"Campeonato Rural Bike en nuevamente en Luj\u00e1n"},"content":{"rendered":"<p><a href=\"https:\/\/www.hoymercedes.com.ar\/principal\/wp-content\/uploads\/2012\/08\/Rural.Bike_.Luj\u00e1n.jpg\"><img loading=\"lazy\" decoding=\"async\" data-attachment-id=\"15083\" data-permalink=\"https:\/\/www.hoymercedes.com.ar\/principal\/2012\/08\/07\/campeonato-rural-bike-en-nuevamente-en-lujan\/rural-bike-lujan\/#main\" data-orig-file=\"https:\/\/www.hoymercedes.com.ar\/principal\/wp-content\/uploads\/2012\/08\/Rural.Bike_.Luj\u00e1n.jpg\" data-orig-size=\"614,403\" data-comments-opened=\"1\" data-image-meta=\"{&quot;aperture&quot;:&quot;4.5&quot;,&quot;credit&quot;:&quot;Picasa&quot;,&quot;camera&quot;:&quot;NIKON D80&quot;,&quot;caption&quot;:&quot;&quot;,&quot;created_timestamp&quot;:&quot;1339330852&quot;,&quot;copyright&quot;:&quot;&quot;,&quot;focal_length&quot;:&quot;26&quot;,&quot;iso&quot;:&quot;400&quot;,&quot;shutter_speed&quot;:&quot;0.00125&quot;,&quot;title&quot;:&quot;&quot;}\" data-image-title=\"Rural.Bike.Luj\u00e1n\" data-image-description=\"\" data-image-caption=\"\" data-large-file=\"https:\/\/www.hoymercedes.com.ar\/principal\/wp-content\/uploads\/2012\/08\/Rural.Bike_.Luj\u00e1n.jpg\" class=\"aligncenter size-full wp-image-15083\" title=\"Rural.Bike.Luj\u00e1n\" src=\"https:\/\/www.hoymercedes.com.ar\/principal\/wp-content\/uploads\/2012\/08\/Rural.Bike_.Luj\u00e1n.jpg\" alt=\"\" width=\"614\" height=\"403\" \/><\/a><\/p>\n<p>El Domingo 12 de Agosto 2012 12hs se disputar\u00e1 la 3ra carrera de esta temporada de Rural Bike Ciudad de Luj\u00e1n, en el predio del Colegio La Salle, en J\u00e1uregui, sobre colectora Ruta Nac. 5 Km 77,500, disfrute de un d\u00eda en familia al aire libre. Carrera declarada de inter\u00e9s Municipal. Podes ver todas las categorias en http:\/\/www.ciclismolujan.com.ar\/categorias2012.htm .Habra mejores premiaciones que a\u00f1os anteriores. En la ultima carrera del a\u00f1o se sortear\u00e1 entre todos aquellos que hayan participado en las carreras de este a\u00f1o una moto Honda Storm 125cc 0Km.<\/p>\n<p>Por cada inscripci\u00f3n se entregar\u00e1 un bono y a quienes clasifiquen en los primeros cinco primeros puestos de cada categor\u00eda se le entregar\u00e1n -en este orden-, al primero 5 bonos, al segundo 4, al tercero 3, al cuarto 2 y al quinto 1. La carrera sera controlada por Comisario Deportivo acorde con reglamento de la categor\u00eda. Se contar\u00e1 con hidrataci\u00f3n al final de la carrera y servicio de cantina, con precios m\u00f3dicos, atendida con la cordialidad de siempre.<\/p>\n<p>M\u00e1s informaci\u00f3n en http:\/\/www.ciclismolujan.com.ar y en http:\/\/www.infobiker.com.ar. Podes inscribirte en http:\/\/www.inscripciondigital.com.ar\/inscripciones.php<\/p>\n<p>La inscripcion en el dia de la carrera cierra a las 11 hs (venir con tiempo) y cuesta $120 (menores y debutantes $ 50). La inscripcion anticipada (hasta el dia 11\/08\/12 18:00hs) cuesta $100 (menores y debutantes $ 50).<\/p>\n<p>Mas Informes: e-mail carlosamendola000@gmail.com Carlos Amendola: TE 02323-424286, Roberto Cherencio: 02323-15-538898. Venta Anticipada en Bicicleter\u00eda Bisavuela,TE:02323-432727, Ituzaing\u00f3 908, Luj\u00e1n, Pcia. Bs. As.<\/p>\n","protected":false},"excerpt":{"rendered":"<p>El Domingo 12 de Agosto 2012 12hs se disputar\u00e1 la 3ra carrera de esta temporada de Rural Bike Ciudad de &#8230; <a title=\"Campeonato Rural Bike en nuevamente en Luj\u00e1n\" class=\"read-more\" href=\"https:\/\/www.hoymercedes.com.ar\/principal\/2012\/08\/07\/campeonato-rural-bike-en-nuevamente-en-lujan\/\" aria-label=\"Leer m\u00e1s sobre Campeonato Rural Bike en nuevamente en Luj\u00e1n\">Leer m\u00e1s<\/a><\/p>\n","protected":false},"author":1,"featured_media":0,"comment_status":"open","ping_status":"open","sticky":false,"template":"","format":"standard","meta":{"_monsterinsights_skip_tracking":false,"_monsterinsights_sitenote_active":false,"_monsterinsights_sitenote_note":"","_monsterinsights_sitenote_category":0,"jetpack_post_was_ever_published":false,"_jetpack_newsletter_access":"","_jetpack_dont_email_post_to_subs":false,"_jetpack_newsletter_tier_id":0,"_jetpack_memberships_contains_paywalled_content":false,"_jetpack_memberships_contains_paid_content":false,"footnotes":"","jetpack_publicize_message":"","jetpack_publicize_feature_enabled":true,"jetpack_social_post_already_shared":false,"jetpack_social_options":{"image_generator_settings":{"template":"highway","default_image_id":0,"font":"","enabled":false},"version":2},"_wpas_customize_per_network":false},"categories":[21],"tags":[86,2287],"class_list":["post-15081","post","type-post","status-publish","format-standard","hentry","category-deportes","tag-lujan","tag-rural-bike","generate-columns","tablet-grid-50","mobile-grid-100","grid-parent","grid-50"],"jetpack_publicize_connections":[],"jetpack_featured_media_url":"","wps_subtitle":"","jetpack_sharing_enabled":true,"_links":{"self":[{"href":"https:\/\/www.hoymercedes.com.ar\/principal\/wp-json\/wp\/v2\/posts\/15081","targetHints":{"allow":["GET"]}}],"collection":[{"href":"https:\/\/www.hoymercedes.com.ar\/principal\/wp-json\/wp\/v2\/posts"}],"about":[{"href":"https:\/\/www.hoymercedes.com.ar\/principal\/wp-json\/wp\/v2\/types\/post"}],"author":[{"embeddable":true,"href":"https:\/\/www.hoymercedes.com.ar\/principal\/wp-json\/wp\/v2\/users\/1"}],"replies":[{"embeddable":true,"href":"https:\/\/www.hoymercedes.com.ar\/principal\/wp-json\/wp\/v2\/comments?post=15081"}],"version-history":[{"count":0,"href":"https:\/\/www.hoymercedes.com.ar\/principal\/wp-json\/wp\/v2\/posts\/15081\/revisions"}],"wp:attachment":[{"href":"https:\/\/www.hoymercedes.com.ar\/principal\/wp-json\/wp\/v2\/media?parent=15081"}],"wp:term":[{"taxonomy":"category","embeddable":true,"href":"https:\/\/www.hoymercedes.com.ar\/principal\/wp-json\/wp\/v2\/categories?post=15081"},{"taxonomy":"post_tag","embeddable":true,"href":"https:\/\/www.hoymercedes.com.ar\/principal\/wp-json\/wp\/v2\/tags?post=15081"}],"curies":[{"name":"wp","href":"https:\/\/api.w.org\/{rel}","templated":true}]}}