{"id":150957,"date":"2022-07-20T10:33:39","date_gmt":"2022-07-20T13:33:39","guid":{"rendered":"https:\/\/www.hoymercedes.com.ar\/principal\/?p=150957"},"modified":"2022-07-20T10:33:43","modified_gmt":"2022-07-20T13:33:43","slug":"vacaciones-de-invierno-en-el-complejo-udaondo-de-lujan","status":"publish","type":"post","link":"https:\/\/www.hoymercedes.com.ar\/principal\/2022\/07\/20\/vacaciones-de-invierno-en-el-complejo-udaondo-de-lujan\/","title":{"rendered":"Vacaciones de Invierno en el Complejo Udaondo de Luj\u00e1n"},"content":{"rendered":"\n<p><em>El Instituto Cultural de la Provincia de Buenos Aires prepar\u00f3 para el receso invernal un programa de actividades para toda la familia en el espacio cultural provincial que se encuentra en Luj\u00e1n. Con entrada gratuita, se presentar\u00e1n espect\u00e1culos de teatro, circo, talleres y recorridos participativos.\u00a0<\/em>\u00a0<\/p>\n\n\n<div class=\"wp-block-image\">\n<figure class=\"aligncenter size-full\"><img loading=\"lazy\" decoding=\"async\" width=\"800\" height=\"600\" data-attachment-id=\"150958\" data-permalink=\"https:\/\/www.hoymercedes.com.ar\/principal\/2022\/07\/20\/vacaciones-de-invierno-en-el-complejo-udaondo-de-lujan\/vacaciones-divertidas-museo-udaondo\/#main\" data-orig-file=\"https:\/\/www.hoymercedes.com.ar\/principal\/wp-content\/uploads\/2022\/07\/Vacaciones-divertidas-MUSEO-UDAONDO.jpg\" data-orig-size=\"800,600\" data-comments-opened=\"0\" data-image-meta=\"{&quot;aperture&quot;:&quot;0&quot;,&quot;credit&quot;:&quot;&quot;,&quot;camera&quot;:&quot;&quot;,&quot;caption&quot;:&quot;&quot;,&quot;created_timestamp&quot;:&quot;1627136007&quot;,&quot;copyright&quot;:&quot;&quot;,&quot;focal_length&quot;:&quot;0&quot;,&quot;iso&quot;:&quot;0&quot;,&quot;shutter_speed&quot;:&quot;0&quot;,&quot;title&quot;:&quot;&quot;,&quot;orientation&quot;:&quot;1&quot;}\" data-image-title=\"Vacaciones divertidas MUSEO UDAONDO\" data-image-description=\"\" data-image-caption=\"\" data-large-file=\"https:\/\/www.hoymercedes.com.ar\/principal\/wp-content\/uploads\/2022\/07\/Vacaciones-divertidas-MUSEO-UDAONDO.jpg\" src=\"https:\/\/www.hoymercedes.com.ar\/principal\/wp-content\/uploads\/2022\/07\/Vacaciones-divertidas-MUSEO-UDAONDO.jpg\" alt=\"\" class=\"wp-image-150958\" srcset=\"https:\/\/www.hoymercedes.com.ar\/principal\/wp-content\/uploads\/2022\/07\/Vacaciones-divertidas-MUSEO-UDAONDO.jpg 800w, https:\/\/www.hoymercedes.com.ar\/principal\/wp-content\/uploads\/2022\/07\/Vacaciones-divertidas-MUSEO-UDAONDO-630x473.jpg 630w, https:\/\/www.hoymercedes.com.ar\/principal\/wp-content\/uploads\/2022\/07\/Vacaciones-divertidas-MUSEO-UDAONDO-150x113.jpg 150w\" sizes=\"auto, (max-width: 800px) 100vw, 800px\" \/><\/figure>\n<\/div>\n\n\n<p>En el marco del programa \u201cVacaciones Divertidas\u201d impulsado por el Instituto Cultural de la Provincia de Buenos Aires, el Complejo Museogr\u00e1fico Enrique Udaondo program\u00f3 una grilla con actividades y propuestas pensadas para todas las\u00a0 audiencias. Con entrada gratuita, hasta 31 de julio habr\u00e1 en los distintos espacios y salas del Complejo espect\u00e1culos y presentaciones de teatro, t\u00edteres, recorridos participativos, talleres y mucho m\u00e1s.\u00a0\u00a0<\/p>\n\n\n\n<p><strong>Programaci\u00f3n 1\u00b0 semana<\/strong>&nbsp;<\/p>\n\n\n\n<p><strong>Mi\u00e9rcoles 20\u00a0 de Julio<\/strong>\u00a0<br>11:00 &#8211;<strong>Descubrimos el Museo de Transportes<\/strong>. Recorrido participativo para toda la familia al Museo de Transportes con actividades l\u00fadicas y recreativas. Es para conocer desde los transportes m\u00e1s antiguos hasta el primer avi\u00f3n que cruz\u00f3 el atl\u00e1ntico. <br>14:00 &#8211; <strong>Recorremos la Casa de Pepa Galarza<\/strong>\u00a0Visita a la casa m\u00e1s antigua de la provincia de Buenos aires con actividades l\u00fadicas y recreativas para toda la familia.\u00a0<\/p>\n\n\n\n<p><strong>Jueves 21 de Julio<\/strong>\u00a0\u00a0<br>11:00 &#8211; <strong>Tintura Ancestral\u00a0<\/strong>\u00a0Es un taller donde se realizar\u00e1n obras con objetos y tintes naturales. Se recrear\u00e1n t\u00e9cnicas de los pueblos originarios en su cosmovisi\u00f3n y su relaci\u00f3n con la naturaleza,\u00a0 donde prevalece el respeto y cuidado y el\u00a0 bienestar individual se logra a partir de la convivencia.\u00a0<br>14:00 &#8211;<strong> Pistas Escondidas en el Cabildo<\/strong>\u00a0Actividad destinada a toda la familia con din\u00e1micas de b\u00fasqueda en el \u00e1rea hist\u00f3rica colonial del Complejo Museogr\u00e1fico Provincial Enrique Udaondo. Se estimula la curiosidad y la atenci\u00f3n de las ni\u00f1eces en objetos del patrimonio expuesto en las salas y en los patios del Museo. El servicio educativo contar\u00e1 caracter\u00edsticas espec\u00edficas, de uso, antig\u00fcedad, colores y formas para que toda la familia las ubique en un mapa que se le facilitar\u00e1 al inicio de la actividad. Luego se realizar\u00e1 una puesta en com\u00fan sobre los objetos.\u00a0<\/p>\n\n\n\n<p><strong>Viernes 22 de Julio<\/strong>\u00a0<br>11:00 &#8211;<strong>Descubrimos el Museo de Transportes<\/strong>\u00a0Recorrido participativo para toda la familia al Museo de Transportes con actividades l\u00fadicas y recreativas. Es para conocer desde los transportes m\u00e1s antiguos hasta el primer avi\u00f3n que cruz\u00f3 el atl\u00e1ntico.<br>14:00 &#8211;<strong> Pistas Escondidas en el Cabildo<\/strong>\u00a0Actividad destinada a toda la familia con din\u00e1micas de b\u00fasqueda en el \u00c1rea Hist\u00f3rica Colonial del Complejo Museogr\u00e1fico Provincial Enrique Udaondo. Se estimula la curiosidad y la atenci\u00f3n de las ni\u00f1eces en objetos del patrimonio expuesto en las salas y en los patios del Museo. El servicio educativo contar\u00e1 caracter\u00edsticas espec\u00edficas, de uso, antig\u00fcedad, colores y formas para que toda la familia las ubique en un mapa que se le facilitar\u00e1 al inicio de la actividad. Luego se realizar\u00e1 una puesta en com\u00fan sobre los objetos.\u00a0<br>14:00\u00a0 <strong>Identidad y juego, un museo patas arriba<\/strong>\u00a0Se trata de un Taller de creaci\u00f3n e intervenci\u00f3n l\u00fadica orientado a todo el grupo familiar. A trav\u00e9s del acercamiento a fragmentos de historia de nuestro pa\u00eds se busca favorecer el desarrollo de la propia identidad y reconocernos en los y las otras, para defender nuestros derechos. Por medio del juego y de la utilizaci\u00f3n de materiales reciclados se fomentar\u00e1n actitudes democr\u00e1ticas que permitan que las personas y ni\u00f1eces se apropien de experiencias necesarias para la vida en comunidad; el reconocimiento de la diversidad de g\u00e9nero y cultural, tanto en el tiempo presente como en el pasado.\u00a0\u00a0<\/p>\n\n\n\n<p><strong>S\u00e1bado 23 de Julio<\/strong>\u00a0<br>15:00 &#8211; <strong>De Ritmos y Silencios en Clave de Circo<\/strong>\u00a0Es un espect\u00e1culo\u00a0 inspirado en el tiempo y su particular forma de moverse, seg\u00fan estemos en las grandes ciudades o en lugares m\u00e1s distantes. La obra posee un lenguaje gestual que nos llega a trav\u00e9s H, la mimo, que juega con Chumingo, un payaso que har\u00e1 malabares y equilibrios para aprovechar el tiempo; pero sin darse cuenta, dejar\u00e1 que \u00e9ste se le escurra y se ver\u00e1 sorprendido por simples y profundas reflexiones.\u00a0\u00a0Con una est\u00e9tica propia que recrea objetos de \u00e9poca y acompa\u00f1ados por la m\u00fasica de un acorde\u00f3n en vivo y el latir de un bombo murguero y una pandereta, el p\u00fablico se llevar\u00e1 plasmado en el cuerpo y el alma, el ritmo y el silencio sin que haya notado el paso del tiempo.\u00a0<\/p>\n\n\n\n<p><strong>Domingo 24 de Julio<\/strong>\u00a0<br>14:30 &#8211; <strong>La Sombra que te asombra<\/strong>\u00a0Es un taller de teatros de sombras que ayuda a desarrollar habilidades creativas. El\u00a0 trabajo se valdr\u00e1 del juego corporal, de la m\u00fasica y la pl\u00e1stica. Aprender a hacer\u00a0 sombras con las manos, con el cuerpo, fabricando t\u00edteres y escenograf\u00edas\u00a0 con distintos materiales. Las y los integrantes pueden colaborar aportando en la\u00a0 historia, la caracterizaci\u00f3n de los personajes como en la conformaci\u00f3n del\u00a0 dispositivo donde suceder\u00e1 la obra: El teatrino.\u00a0\u00a0<\/p>\n\n\n\n<p><strong>Mi\u00e9rcoles 27\u00a0 de Julio<\/strong>\u00a0<br>11:00 &#8211; <strong>Recorremos la Casa de Pepa Galarza<\/strong>\u00a0Visita a la casa m\u00e1s antigua de la provincia de Buenos aires con actividades l\u00fadicas y recreativas para toda la familia.\u00a0<br>14:00\u00a0 &#8211;<strong>Descubrimos el Museo de Transportes<\/strong>\u00a0Recorrido participativo para toda la familia al Museo de Transportes con actividades l\u00fadicas y recreativas. Para conocer desde los transportes m\u00e1s antiguos hasta el primer avi\u00f3n que cruz\u00f3 el atl\u00e1ntico<\/p>\n","protected":false},"excerpt":{"rendered":"<p>Vacaciones de Invierno en el Complejo Udaondo de Luj\u00e1n<\/p>\n","protected":false},"author":1,"featured_media":150958,"comment_status":"closed","ping_status":"open","sticky":false,"template":"","format":"standard","meta":{"_monsterinsights_skip_tracking":false,"_monsterinsights_sitenote_active":false,"_monsterinsights_sitenote_note":"","_monsterinsights_sitenote_category":0,"jetpack_post_was_ever_published":false,"_jetpack_newsletter_access":"","_jetpack_dont_email_post_to_subs":false,"_jetpack_newsletter_tier_id":0,"_jetpack_memberships_contains_paywalled_content":false,"_jetpack_memberships_contains_paid_content":false,"footnotes":"","jetpack_publicize_message":"","jetpack_publicize_feature_enabled":true,"jetpack_social_post_already_shared":true,"jetpack_social_options":{"image_generator_settings":{"template":"highway","default_image_id":0,"font":"","enabled":false},"version":2},"_wpas_customize_per_network":false},"categories":[201],"tags":[7805],"class_list":["post-150957","post","type-post","status-publish","format-standard","has-post-thumbnail","hentry","category-lujan-2","tag-cultura","generate-columns","tablet-grid-50","mobile-grid-100","grid-parent","grid-50"],"jetpack_publicize_connections":[],"jetpack_featured_media_url":"https:\/\/www.hoymercedes.com.ar\/principal\/wp-content\/uploads\/2022\/07\/Vacaciones-divertidas-MUSEO-UDAONDO.jpg","wps_subtitle":"","jetpack_sharing_enabled":true,"_links":{"self":[{"href":"https:\/\/www.hoymercedes.com.ar\/principal\/wp-json\/wp\/v2\/posts\/150957","targetHints":{"allow":["GET"]}}],"collection":[{"href":"https:\/\/www.hoymercedes.com.ar\/principal\/wp-json\/wp\/v2\/posts"}],"about":[{"href":"https:\/\/www.hoymercedes.com.ar\/principal\/wp-json\/wp\/v2\/types\/post"}],"author":[{"embeddable":true,"href":"https:\/\/www.hoymercedes.com.ar\/principal\/wp-json\/wp\/v2\/users\/1"}],"replies":[{"embeddable":true,"href":"https:\/\/www.hoymercedes.com.ar\/principal\/wp-json\/wp\/v2\/comments?post=150957"}],"version-history":[{"count":0,"href":"https:\/\/www.hoymercedes.com.ar\/principal\/wp-json\/wp\/v2\/posts\/150957\/revisions"}],"wp:featuredmedia":[{"embeddable":true,"href":"https:\/\/www.hoymercedes.com.ar\/principal\/wp-json\/wp\/v2\/media\/150958"}],"wp:attachment":[{"href":"https:\/\/www.hoymercedes.com.ar\/principal\/wp-json\/wp\/v2\/media?parent=150957"}],"wp:term":[{"taxonomy":"category","embeddable":true,"href":"https:\/\/www.hoymercedes.com.ar\/principal\/wp-json\/wp\/v2\/categories?post=150957"},{"taxonomy":"post_tag","embeddable":true,"href":"https:\/\/www.hoymercedes.com.ar\/principal\/wp-json\/wp\/v2\/tags?post=150957"}],"curies":[{"name":"wp","href":"https:\/\/api.w.org\/{rel}","templated":true}]}}